{"id":23591,"date":"2024-02-20T11:00:12","date_gmt":"2024-02-20T10:00:12","guid":{"rendered":"https:\/\/www.cinc.com\/entrevista-a-dych\/"},"modified":"2024-02-21T13:13:02","modified_gmt":"2024-02-21T12:13:02","slug":"entrevista-a-dych","status":"publish","type":"post","link":"https:\/\/www.cinc.com\/es\/entrevista-a-dych\/","title":{"rendered":"Entrevista a Dych"},"content":{"rendered":"\n<p>Entrevistamos Joshua Vasilda, fundador de la startup Dych.<\/p>\n\n<p><strong>A\u00f1o de fundaci\u00f3n:<\/strong> 2023<\/p>\n\n<p><strong>Sector:<\/strong> Maas (mobilidad como servicio)<\/p>\n\n<p><strong>Ubicaci\u00f3n: <\/strong>Barcelona, Espa\u00f1a<\/p>\n\n<p><strong>Sitio web:<\/strong> <a href=\"https:\/\/www.dych.co\/\">https:\/\/www.dych.co\/<\/a><\/p>\n\n<p><\/p>\n\n<h2 class=\"wp-block-heading\">\u00bfA qu\u00e9 se dedica Dych?<\/h2>\n\n<p>En Dych estamos desarrollando una plataforma de <em>marketplace<\/em> basada en suscripciones para centralizar la industria de la micromovilidad en una ubicaci\u00f3n en l\u00ednea. Esto facilitar\u00e1 que nuestros usuarios encuentren una <em>e-bike<\/em> o <em>e-scoote<\/em>r que se adapte a sus necesidades Colaborando con las tiendas de bicicletas locales, hemos conseguido ofrecer una alternativa m\u00e1s ecol\u00f3gica, c\u00f3moda y rentable en comparaci\u00f3n con los desplazamientos tradicionales.<\/p>\n\n<p><\/p>\n\n<h2 class=\"wp-block-heading\">\u00bfD\u00f3nde nace la empresa? \u00bfEn cu\u00e1ntos pa\u00edses est\u00e1 presente?<\/h2>\n\n<p>Dych se fund\u00f3 el 21 de septiembre de 2023 en Barcelona. Actualmente solo operamos en Espa\u00f1a, pero hemos recibido un gran inter\u00e9s procedente de los Pa\u00edses Bajos.<\/p>\n\n<p><\/p>\n\n<h2 class=\"wp-block-heading\">\u00bfC\u00f3mo clasific\u00e1is vuestra gama de productos?<\/h2>\n\n<p>Nuestra gama est\u00e1 formada por productos Maas (Movilidad como servicio). Para ampliarla, estamos desarrollando una plataforma digital para que las tiendas y los fabricantes de bicicletas locales a\u00f1adan sus propias ofertas de modelos el\u00e9ctricos.<\/p>\n\n<p><\/p>\n\n<h2 class=\"wp-block-heading\">\u00bfC\u00f3mo funciona el proceso de alquiler? \u00bfC\u00f3mo actu\u00e1is en caso de aver\u00eda?<\/h2>\n\n<p>El proceso de alquiler se realiza en 3 pasos:<\/p>\n\n<p><\/p>\n\n<ol class=\"wp-block-list\">\n<li>Un cliente visita nuestra web <a href=\"https:\/\/www.dych.co\/\">www.dych.co<\/a> y busca una <em>e-bike<\/em> que le guste.<\/li>\n\n\n\n<li>A continuaci\u00f3n, hace clic en el bot\u00f3n del modelo y llena el formulario de solicitud.<\/li>\n\n\n\n<li>Dych la recibe, env\u00eda un enlace de pago y programa con el cliente una recogida o una bajada de fecha para la <em>e-bike<\/em> o <em>e-scooter.<\/em><\/li>\n<\/ol>\n\n<p>En el caso de aver\u00eda:<\/p>\n\n<p><\/p>\n\n<ol class=\"wp-block-list\">\n<li>El cliente nos puede contactar a trav\u00e9s del correo electr\u00f3nico, <em>Whatsapp<\/em> o nuestro formulario de incidencias <em>online.<\/em><\/li>\n\n\n\n<li>A continuaci\u00f3n, describe el incidente, hace una foto si es necesaria y la comparte con nosotros.<\/li>\n\n\n\n<li>En el peor de los casos, el cliente puede recibir una <em>e-bike<\/em> de repuesto. Si el incidente no es tan grave, se recoger\u00e1 y reparar\u00e1 el mismo d\u00eda.<\/li>\n<\/ol>\n\n<p>Es importante saber que el precio de suscripci\u00f3n mensual incluye reparaciones gratuitas, limpieza y mantenimiento regular. Por lo tanto, el cliente no se tiene que preocupar de nada.<\/p>\n\n<p><\/p>\n\n<h2 class=\"wp-block-heading\">\u00bfQu\u00e9 ventajas puede aportar tu empresa a la sociedad?<\/h2>\n\n<p>El impacto social de Dych es polifac\u00e9tico:<\/p>\n\n<p><\/p>\n\n<ol class=\"wp-block-list\">\n<li><strong>Impulso econ\u00f3mico local:<\/strong> colaboramos con las tiendas de bicicletas locales estimulando el crecimiento econ\u00f3mico de las comunidades, apoyando a las peque\u00f1as empresas y contribuyendo a las econom\u00edas locales. Un estudi realitzat al Regne Unit sobre el transport a Londres va demostrar que caminar i anar amb bicicleta pot augmentar la despesa fins a un 30% en botigues minoristes, impulsant els negocis locals.<\/li>\n\n\n\n<li><strong>Sostenibilidad ambiental:<\/strong> contribuimos a reducir las emisiones de carbono y a impulsar un entorno urbano m\u00e1s verde, aline\u00e1ndonos con unos objetivos de sostenibilidad m\u00e1s amplios.<\/li>\n\n\n\n<li><strong>Salud y bienestar:<\/strong> fomentamos los modelos de transporte activos, promovemos un estilo de vida m\u00e1s saludable y evitamos los h\u00e1bitos sedentarios asociados con los desplazamientos tradicionales. Adem\u00e1s, destacamos el ciclismo como una v\u00eda para reducir significativamente los niveles de estr\u00e9s y construir un cuerpo m\u00e1s sano.<\/li>\n\n\n\n<li><strong>Acceso a la movilidad:<\/strong> proporcionamos una soluci\u00f3n asequible y flexible, beneficiando a las personas que no pueden ser propietarias de autom\u00f3viles o que quieren acceder a alternativas m\u00e1s sostenibles.<\/li>\n\n\n\n<li><strong>Congesti\u00f3n reducida del tr\u00e1fico:<\/strong> contribuimos a reducir la congesti\u00f3n del tr\u00e1fico, lo cual conduce a un transporte urbano m\u00e1s eficiente. Un hecho muy desafortunado es que la principal causa de muerte entre los ni\u00f1os y j\u00f3venes de entre 5 y 29 a\u00f1os son los accidentes de tr\u00e1fico.<\/li>\n<\/ol>\n\n<p>En resumen, nuestro impacto se extiende m\u00e1s all\u00e1 de proporcionar soluciones de movilidad. Influye positivamente en las econom\u00edas locales, promueve el bienestar de la comunidad, contribuye a la sostenibilidad ambiental y aborda los retos sociales asociados a las pr\u00e1cticas de desplazamiento tradicionales. La plataforma se compromete activamente y potencia el tejido social de las comunidades a las cuales sirve.<\/p>\n\n<p><\/p>\n\n<h2 class=\"wp-block-heading\">\u00bfCu\u00e1l es el perfil de vuestros clientes?<\/h2>\n\n<p>Desde el lanzamiento de Dych hemos visto 3 clientes muy diferentes.<\/p>\n\n<p><\/p>\n\n<ol class=\"wp-block-list\">\n<li>Expatriados que se han trasladado recientemente a Barcelona y que no tienen previsto comprar un coche porque todav\u00eda no buscan una autonom\u00eda elevada. De aqu\u00ed su inter\u00e9s por las <em>e-bikes<\/em> y los <em>e-scooters.<\/em> Normalmente, muestran inter\u00e9s por las <em>e-bikes<\/em> plegables m\u00e1s peque\u00f1as debido al tama\u00f1o de los apartamentos donde viven.<\/li>\n\n\n\n<li>J\u00f3venes profesionales que residen o se encuentran cerca de la ciudad y que buscan un veh\u00edculo complementario junto a su coche. Para realizar breves viajes al gimnasio, compras r\u00e1pidas o incluso para ir a la oficina.<\/li>\n\n\n\n<li>Familias j\u00f3venes con ni\u00f1os peque\u00f1os. Est\u00e1n principalmente interesados en bicicletas de carro electr\u00f3nico o bicicletas el\u00e9ctricas de cola larga para llevar a sus hijos. Tienen poca confianza en la seguridad del coche y a menudo proporcionan comentarios afirmando que se sienten m\u00e1s felices, sanos, y que a sus hijos les encanta.<\/li>\n<\/ol>\n\n<p><\/p>\n\n<h2 class=\"wp-block-heading\">\u00bfC\u00f3mo definir\u00edas tu modelo de negocio? \u00bfC\u00f3mo beneficia a los clientes?<\/h2>\n\n<p>En Dych adoptamos un modelo de negocio basado en las suscripciones. Esto hace que sea conveniente que los usuarios accedan a las bicicletas el\u00e9ctricas <em>premium<\/em> de alta calidad sin romper el banco. Los clientes tambi\u00e9n pueden cancelar en cualquier momento despu\u00e9s de los primeros 3 meses iniciales. Esto mantiene las cuotas flexibles y ajustables, asegur\u00e1ndonos que siempre estamos en contacto con las circunstancias cambiantes del cliente.<\/p>\n\n<p><\/p>\n\n<h2 class=\"wp-block-heading\">\u00bfC\u00f3mo llegaste a conocer 1D1E? \u00bfQu\u00e9 valoras m\u00e1s de sus servicios?<\/h2>\n\n<p>Hemos escuchado hablar de 1D1E a trav\u00e9s del evento Barcelona Internacional Welcome Desk. Organizaron una sesi\u00f3n sobre \u00abcomo iniciar un negocio en Espa\u00f1a\u00bb. El valor proporcionado por 1D1E es inmenso. Como <em>startup<\/em> accedes a un equipo de profesionales altamente cualificados y con un gran conocimiento y experiencia Te acompa\u00f1an en todo el proceso sin esfuerzo, haciendo de la creaci\u00f3n de una empresa una brisa. Adem\u00e1s, recibes ayuda con tus impuestos, revisiones de contratos y cualquier otra cosa que necesites para gestionar tu negocio.<\/p>\n","protected":false},"excerpt":{"rendered":"<p>Entrevistamos Joshua Vasilda, fundador de la startup Dych.<\/p>\n","protected":false},"author":8,"featured_media":23576,"comment_status":"open","ping_status":"open","sticky":false,"template":"","format":"standard","meta":{"_acf_changed":false,"_uag_custom_page_level_css":"","_jetpack_memberships_contains_paid_content":false,"footnotes":""},"categories":[70],"tags":[],"class_list":["post-23591","post","type-post","status-publish","format-standard","has-post-thumbnail","hentry","category-entrevistas"],"acf":[],"jetpack_featured_media_url":"https:\/\/www.cinc.com\/wp-content\/uploads\/2024\/02\/Fotos-Blog-CINC-WordPress-8-1.webp","uagb_featured_image_src":{"full":["https:\/\/www.cinc.com\/wp-content\/uploads\/2024\/02\/Fotos-Blog-CINC-WordPress-8-1.webp",1920,1080,false],"thumbnail":["https:\/\/www.cinc.com\/wp-content\/uploads\/2024\/02\/Fotos-Blog-CINC-WordPress-8-1-150x150.webp",150,150,true],"medium":["https:\/\/www.cinc.com\/wp-content\/uploads\/2024\/02\/Fotos-Blog-CINC-WordPress-8-1-300x169.webp",300,169,true],"medium_large":["https:\/\/www.cinc.com\/wp-content\/uploads\/2024\/02\/Fotos-Blog-CINC-WordPress-8-1-768x432.webp",768,432,true],"large":["https:\/\/www.cinc.com\/wp-content\/uploads\/2024\/02\/Fotos-Blog-CINC-WordPress-8-1-1024x576.webp",960,540,true],"1536x1536":["https:\/\/www.cinc.com\/wp-content\/uploads\/2024\/02\/Fotos-Blog-CINC-WordPress-8-1-1536x864.webp",1536,864,true],"2048x2048":["https:\/\/www.cinc.com\/wp-content\/uploads\/2024\/02\/Fotos-Blog-CINC-WordPress-8-1.webp",1920,1080,false],"gform-image-choice-sm":["https:\/\/www.cinc.com\/wp-content\/uploads\/2024\/02\/Fotos-Blog-CINC-WordPress-8-1.webp",300,169,false],"gform-image-choice-md":["https:\/\/www.cinc.com\/wp-content\/uploads\/2024\/02\/Fotos-Blog-CINC-WordPress-8-1.webp",400,225,false],"gform-image-choice-lg":["https:\/\/www.cinc.com\/wp-content\/uploads\/2024\/02\/Fotos-Blog-CINC-WordPress-8-1.webp",600,338,false]},"uagb_author_info":{"display_name":"F\u00e0tima Duran","author_link":"https:\/\/www.cinc.com\/es\/author\/fatima\/"},"uagb_comment_info":0,"uagb_excerpt":"Entrevistamos Joshua Vasilda, fundador de la startup Dych.","jetpack_sharing_enabled":true,"_links":{"self":[{"href":"https:\/\/www.cinc.com\/es\/wp-json\/wp\/v2\/posts\/23591","targetHints":{"allow":["GET"]}}],"collection":[{"href":"https:\/\/www.cinc.com\/es\/wp-json\/wp\/v2\/posts"}],"about":[{"href":"https:\/\/www.cinc.com\/es\/wp-json\/wp\/v2\/types\/post"}],"author":[{"embeddable":true,"href":"https:\/\/www.cinc.com\/es\/wp-json\/wp\/v2\/users\/8"}],"replies":[{"embeddable":true,"href":"https:\/\/www.cinc.com\/es\/wp-json\/wp\/v2\/comments?post=23591"}],"version-history":[{"count":3,"href":"https:\/\/www.cinc.com\/es\/wp-json\/wp\/v2\/posts\/23591\/revisions"}],"predecessor-version":[{"id":23595,"href":"https:\/\/www.cinc.com\/es\/wp-json\/wp\/v2\/posts\/23591\/revisions\/23595"}],"wp:featuredmedia":[{"embeddable":true,"href":"https:\/\/www.cinc.com\/es\/wp-json\/wp\/v2\/media\/23576"}],"wp:attachment":[{"href":"https:\/\/www.cinc.com\/es\/wp-json\/wp\/v2\/media?parent=23591"}],"wp:term":[{"taxonomy":"category","embeddable":true,"href":"https:\/\/www.cinc.com\/es\/wp-json\/wp\/v2\/categories?post=23591"},{"taxonomy":"post_tag","embeddable":true,"href":"https:\/\/www.cinc.com\/es\/wp-json\/wp\/v2\/tags?post=23591"}],"curies":[{"name":"wp","href":"https:\/\/api.w.org\/{rel}","templated":true}]}}