{"id":23041,"date":"2024-02-12T10:36:29","date_gmt":"2024-02-12T09:36:29","guid":{"rendered":"https:\/\/www.cinc.com\/?p=23041"},"modified":"2024-02-09T15:00:25","modified_gmt":"2024-02-09T14:00:25","slug":"cuales-son-las-novedades-laborales-marcaran-este-2024","status":"publish","type":"post","link":"https:\/\/www.cinc.com\/es\/cuales-son-las-novedades-laborales-marcaran-este-2024\/","title":{"rendered":"Cu\u00e1les son las novedades laborales que marcar\u00e1n este 2024"},"content":{"rendered":"\n<p>Este 2024 trae consigo cambios importantes en el \u00e1mbito laboral, que marcar\u00e1n nuevas din\u00e1micas y obligaciones en las empresas. A continuaci\u00f3n, mostramos un resumen de cu\u00e1les son las principales medidas que protagonizar\u00e1n el panorama laboral este a\u00f1o:<\/p>\n\n\n\n<h3 class=\"wp-block-heading\">Incremento de las cotizaciones: mecanismo de Equidad Intergeneracional (MEI)<\/h3>\n\n\n\n<p>Ya en 2023 empez\u00f3 a aplicarse esta medida, una nueva cotizaci\u00f3n que busca garantizar una distribuci\u00f3n equitativa de las cargas contributivas entre las distintas generaciones, promoviendo as\u00ed la sostenibilidad del sistema de Seguridad Social a largo plazo.<\/p>\n\n\n\n<p><\/p>\n\n\n\n<h3 class=\"wp-block-heading\">Alta Obligatoria de becarios en la Seguridad Social<\/h3>\n\n\n\n<p>Otra modificaci\u00f3n importante es la obligatoriedad de dar de alta a los becarios en la Seguridad Social, independientemente de si realizan pr\u00e1cticas remuneradas. Esta medida garantiza la protecci\u00f3n social y los derechos laborales de estos trabajadores en formaci\u00f3n, reconociendo su contribuci\u00f3n al mundo laboral desde el inicio de su experiencia profesional.<\/p>\n\n\n\n<p><\/p>\n\n\n\n<h3 class=\"wp-block-heading\">Cambios en la cotizaci\u00f3n para aut\u00f3nomos en 2024<\/h3>\n\n\n\n<p>Los aut\u00f3nomos tambi\u00e9n experimentar\u00e1n cambios en sus cotizaciones este a\u00f1o. Se espera una revisi\u00f3n de los criterios de cotizaci\u00f3n que pueda reflejar de manera m\u00e1s precisa los ingresos reales de este colectivo, brindando as\u00ed una mayor equidad en el sistema de Seguridad Social.<\/p>\n\n\n\n<p><\/p>\n\n\n\n<h3 class=\"wp-block-heading\">Nuevas bases de cotizaci\u00f3n a la Seguridad Social<\/h3>\n\n\n\n<p>Tambi\u00e9n se han establecido<a href=\"https:\/\/www.cinc.com\/es\/sube-un-5-la-base-maxima-de-cotizacion-en-2024\/\"> nuevas bases de cotizaci\u00f3n<\/a> a la Seguridad Social, ajustadas a la realidad econ\u00f3mica y laboral del pa\u00eds, con el objetivo de fortalecer el sistema de protecci\u00f3n social y garantizar una mayor cobertura para los trabajadores.<\/p>\n\n\n\n<p><\/p>\n\n\n\n<h3 class=\"wp-block-heading\">Incremento del Salario M\u00ednimo Interprofesional<\/h3>\n\n\n\n<p>En l\u00ednea con el compromiso por mejorar las condiciones laborales, se ha anunciado un aumento significativo en el <a href=\"https:\/\/www.cinc.com\/es\/se-aprueba-el-nuevo-salario-minimo-interprofesional-para-el-2024\/\">Salario M\u00ednimo Interprofesional<\/a>, buscando as\u00ed mejorar el poder adquisitivo de los trabajadores y reducir las desigualdades salariales.<\/p>\n\n\n\n<p><\/p>\n\n\n\n<h3 class=\"wp-block-heading\">\u00abProhibici\u00f3n\u00bb del despido<\/h3>\n\n\n\n<p>Una de las medidas m\u00e1s llamativas es la \u00abprohibici\u00f3n\u201d del despido, que establece restricciones m\u00e1s estrictas para los despidos injustificados, promoviendo la estabilidad laboral y protegiendo los derechos de los trabajadores.<\/p>\n\n\n\n<p><\/p>\n\n\n\n<h3 class=\"wp-block-heading\">Pr\u00e1cticas formativas o pr\u00e1cticas acad\u00e9micas externas<\/h3>\n\n\n\n<p>Se ha reforzado el marco legal en torno a las pr\u00e1cticas formativas o pr\u00e1cticas acad\u00e9micas externas, garantizando que estas experiencias sean enriquecedoras y respeten los derechos laborales de los estudiantes en formaci\u00f3n.<\/p>\n\n\n\n<h3 class=\"wp-block-heading\">Obligatoriedad para las empresas de m\u00e1s de 50 trabajadores de disponer de un Plan LGTBI en Empresas<\/h3>\n\n\n\n<p>Con el objetivo de fomentar entornos laborales inclusivos y respetuosos, se ha establecido la obligaci\u00f3n para las empresas con m\u00e1s de 50 trabajadores de disponer de un <a href=\"https:\/\/www.cinc.com\/es\/las-empresas-con-mas-de-50-empleados-tienen-hasta-el-2-de-marzo-para-implantar-un-plan-lgtbi\/\">Plan LGTBI<\/a>, promoviendo la igualdad y la no discriminaci\u00f3n en el \u00e1mbito laboral.<\/p>\n\n\n\n<h2 class=\"wp-block-heading\">Obligaci\u00f3n de disponer de un canal de denuncias Interno<\/h2>\n\n\n\n<p>Finalmente, se ha establecido la obligaci\u00f3n para todas las empresas de contar con un <a href=\"https:\/\/www.cinc.com\/es\/canal-de-denuncias-sobre-infracciones-informativas-una-nueva-obligacion-para-las-empresas\/\">canal de denuncias interno<\/a>, fortaleciendo as\u00ed los mecanismos de prevenci\u00f3n y gesti\u00f3n de situaciones de acoso, discriminaci\u00f3n y otras formas de vulneraci\u00f3n de derechos laborales.<\/p>\n\n\n\n<p>Estas novedades laborales reflejan el compromiso del Gobierno y los agentes sociales por promover un mercado laboral m\u00e1s justo, equitativo y seguro para todos los trabajadores.<\/p>\n\n\n\n<p>Para m\u00e1s informaci\u00f3n, no dudes en <a href=\"https:\/\/www.cinc.com\/es\/contacto\/\">contactar<\/a> con el <a href=\"https:\/\/www.cinc.com\/es\/asesoria-de-empresas-y-gestoria\/asesoria-laboral\/\">Departamento Laboral<\/a> de CINC Asesor\u00eda.<\/p>\n","protected":false},"excerpt":{"rendered":"<p>Este 2024 trae consigo cambios importantes en el \u00e1mbito laboral, que marcar\u00e1n nuevas din\u00e1micas y obligaciones en las empresas. A continuaci\u00f3n, mostramos un resumen.<\/p>\n","protected":false},"author":25,"featured_media":23042,"comment_status":"open","ping_status":"open","sticky":false,"template":"","format":"standard","meta":{"_acf_changed":false,"_uag_custom_page_level_css":"","_jetpack_memberships_contains_paid_content":false,"footnotes":""},"categories":[26],"tags":[85],"class_list":["post-23041","post","type-post","status-publish","format-standard","has-post-thumbnail","hentry","category-asesoria","tag-laboral"],"acf":[],"jetpack_featured_media_url":"https:\/\/www.cinc.com\/wp-content\/uploads\/2024\/02\/Fotos-Blog-CINC-WordPress-3.webp","uagb_featured_image_src":{"full":["https:\/\/www.cinc.com\/wp-content\/uploads\/2024\/02\/Fotos-Blog-CINC-WordPress-3.webp",1920,1080,false],"thumbnail":["https:\/\/www.cinc.com\/wp-content\/uploads\/2024\/02\/Fotos-Blog-CINC-WordPress-3-150x150.webp",150,150,true],"medium":["https:\/\/www.cinc.com\/wp-content\/uploads\/2024\/02\/Fotos-Blog-CINC-WordPress-3-300x169.webp",300,169,true],"medium_large":["https:\/\/www.cinc.com\/wp-content\/uploads\/2024\/02\/Fotos-Blog-CINC-WordPress-3-768x432.webp",768,432,true],"large":["https:\/\/www.cinc.com\/wp-content\/uploads\/2024\/02\/Fotos-Blog-CINC-WordPress-3-1024x576.webp",960,540,true],"1536x1536":["https:\/\/www.cinc.com\/wp-content\/uploads\/2024\/02\/Fotos-Blog-CINC-WordPress-3-1536x864.webp",1536,864,true],"2048x2048":["https:\/\/www.cinc.com\/wp-content\/uploads\/2024\/02\/Fotos-Blog-CINC-WordPress-3.webp",1920,1080,false],"gform-image-choice-sm":["https:\/\/www.cinc.com\/wp-content\/uploads\/2024\/02\/Fotos-Blog-CINC-WordPress-3.webp",300,169,false],"gform-image-choice-md":["https:\/\/www.cinc.com\/wp-content\/uploads\/2024\/02\/Fotos-Blog-CINC-WordPress-3.webp",400,225,false],"gform-image-choice-lg":["https:\/\/www.cinc.com\/wp-content\/uploads\/2024\/02\/Fotos-Blog-CINC-WordPress-3.webp",600,338,false]},"uagb_author_info":{"display_name":"Neus Coll","author_link":"https:\/\/www.cinc.com\/es\/author\/neus-coll\/"},"uagb_comment_info":0,"uagb_excerpt":"Este 2024 trae consigo cambios importantes en el \u00e1mbito laboral, que marcar\u00e1n nuevas din\u00e1micas y obligaciones en las empresas. A continuaci\u00f3n, mostramos un resumen.","jetpack_sharing_enabled":true,"_links":{"self":[{"href":"https:\/\/www.cinc.com\/es\/wp-json\/wp\/v2\/posts\/23041","targetHints":{"allow":["GET"]}}],"collection":[{"href":"https:\/\/www.cinc.com\/es\/wp-json\/wp\/v2\/posts"}],"about":[{"href":"https:\/\/www.cinc.com\/es\/wp-json\/wp\/v2\/types\/post"}],"author":[{"embeddable":true,"href":"https:\/\/www.cinc.com\/es\/wp-json\/wp\/v2\/users\/25"}],"replies":[{"embeddable":true,"href":"https:\/\/www.cinc.com\/es\/wp-json\/wp\/v2\/comments?post=23041"}],"version-history":[{"count":3,"href":"https:\/\/www.cinc.com\/es\/wp-json\/wp\/v2\/posts\/23041\/revisions"}],"predecessor-version":[{"id":23063,"href":"https:\/\/www.cinc.com\/es\/wp-json\/wp\/v2\/posts\/23041\/revisions\/23063"}],"wp:featuredmedia":[{"embeddable":true,"href":"https:\/\/www.cinc.com\/es\/wp-json\/wp\/v2\/media\/23042"}],"wp:attachment":[{"href":"https:\/\/www.cinc.com\/es\/wp-json\/wp\/v2\/media?parent=23041"}],"wp:term":[{"taxonomy":"category","embeddable":true,"href":"https:\/\/www.cinc.com\/es\/wp-json\/wp\/v2\/categories?post=23041"},{"taxonomy":"post_tag","embeddable":true,"href":"https:\/\/www.cinc.com\/es\/wp-json\/wp\/v2\/tags?post=23041"}],"curies":[{"name":"wp","href":"https:\/\/api.w.org\/{rel}","templated":true}]}}