{"id":20587,"date":"2024-01-16T10:19:44","date_gmt":"2024-01-16T09:19:44","guid":{"rendered":"https:\/\/www.cinc.com\/?p=20587"},"modified":"2024-01-16T11:53:23","modified_gmt":"2024-01-16T10:53:23","slug":"nuevas-medidas-fiscales-que-entran-en-vigor-este-2024","status":"publish","type":"post","link":"https:\/\/www.cinc.com\/es\/nuevas-medidas-fiscales-que-entran-en-vigor-este-2024\/","title":{"rendered":"Nuevas medidas fiscales que entran en vigor este 2024"},"content":{"rendered":"\n<p>Este a\u00f1o arranca con novedades en materia tributaria que afectan a empresas, aut\u00f3nomos y particulares. A continuaci\u00f3n, enumeramos los cambios m\u00e1s destacados:<\/p>\n\n\n\n<p>\u2022 Se prorrogan para el per\u00edodo impositivo 2024 los l\u00edmites cuantitativos excluyentes de la aplicaci\u00f3n del m\u00e9todo de estimaci\u00f3n objetiva del IRPF, con excepci\u00f3n de las actividades agr\u00edcolas, ganaderas y forestales, que tienen su propio l\u00edmite cuantitativo por volumen de ingresos. Tambi\u00e9n se prorrogan para el per\u00edodo impositivo 2024 los l\u00edmites para la aplicaci\u00f3n del r\u00e9gimen simplificado y el r\u00e9gimen especial de la agricultura, ganader\u00eda y pesca, en el IVA. El plazo de renuncias y revocaciones al m\u00e9todo abarcar\u00e1 hasta el 31 de enero de 2024.<\/p>\n\n\n\n<p>\u2022 Se amplia un a\u00f1o m\u00e1s el \u00e1mbito temporal de aplicaci\u00f3n de la deducci\u00f3n por obras de mejora de la eficiencia energ\u00e9tica de viviendas en el IRPF, con efectos desde 1 de enero de 2024.<\/p>\n\n\n\n<p>\u2022 Se recoge legalmente que podr\u00e1 establecerse la obligaci\u00f3n de presentaci\u00f3n de la declaraci\u00f3n del IRPF por medios electr\u00f3nicos siempre que la Administraci\u00f3n tributaria asegure la atenci\u00f3n personalizada a los contribuyentes que precisen de asistencia para la cumplimentaci\u00f3n de la declaraci\u00f3n por tales medios. Finalizada la primera campa\u00f1a de presentaci\u00f3n de la declaraci\u00f3n desde la entrada en vigor de esta modificaci\u00f3n (29\/12\/2023), la Agencia Estatal de Administraci\u00f3n Tributaria realizar\u00e1 la valoraci\u00f3n de la suficiencia de las medidas de asistencia.<\/p>\n\n\n\n<p>\u2022 Se prorroga la aplicaci\u00f3n del Impuesto temporal de solidaridad de las grandes fortunas aprobado por la Ley 38\/2022, en tanto no se produzca la revisi\u00f3n de la tributaci\u00f3n patrimonial en el contexto de la reforma del sistema de financiaci\u00f3n auton\u00f3mica. Adem\u00e1s se extiende el m\u00ednimo exento de 700.000 euros a todos los sujetos pasivos del impuesto, con independencia de que sean o no residentes en Espa\u00f1a, con efectos desde la entrada en vigor de la Ley 38\/2022. Tambi\u00e9n se establece la presentaci\u00f3n obligatoria de la declaraci\u00f3n por medios electr\u00f3nicos.<\/p>\n\n\n\n<p>\u2022 Se recoge legalmente que podr\u00e1 establecerse la obligaci\u00f3n de presentaci\u00f3n de la declaraci\u00f3n del Impuesto sobre patrimonio por medios electr\u00f3nicos.<\/p>\n\n\n\n<p>\u2022 Impuesto sobre Sociedades. Libertad de amortizaci\u00f3n en inversiones que utilicen energ\u00eda procedente de fuentes renovables. Se prorroga un a\u00f1o m\u00e1s la medida inicialmente prevista para las inversiones realizadas en 2023, por la que los contribuyentes pod\u00edan amortizar libremente las inversiones efectuadas en instalaciones destinadas al autoconsumo de energ\u00eda el\u00e9ctrica, as\u00ed como aquellas instalaciones para uso t\u00e9rmico de consumo propio, siempre que utilizasen energ\u00eda procedente de fuentes renovables y sustituyesen instalaciones que utilizasen energ\u00eda procedente de fuentes no renovables f\u00f3siles y cuya entrada en funcionamiento se hubiera producido en el a\u00f1o 2023, todo ello condicionado al cumplimiento de un requisito de mantenimiento de plantilla. Con esta modificaci\u00f3n, la libertad de amortizaci\u00f3n prevista en la referida disposici\u00f3n adicional se prorroga un a\u00f1o m\u00e1s, por lo que la entrada en funcionamiento de las referidas inversiones podr\u00e1 realizarse en 2024.<\/p>\n\n\n\n<p>\u2022 Se actualizan los importes de los coeficientes m\u00e1ximos a aplicar para la determinaci\u00f3n de la base imponible del Impuesto sobre el Incremento del Valor de los Terrenos de Naturaleza Urbana, con efectos desde 1 enero 2024.<\/p>\n\n\n\n<p>\u2022 Se prorroga la aplicaci\u00f3n del tipo impositivo del 0% en el IVA que recae sobre los productos b\u00e1sicos de alimentaci\u00f3n, as\u00ed como la del tipo del 5% con que resultan gravados los aceites de oliva y de semillas y las pastas alimenticias, para contribuir a la reducci\u00f3n del precio final de estos alimentos, durante el primer semestre de 2024.<\/p>\n\n\n\n<p>Hasta el 30 de junio de 2024 se aplicar\u00e1 el tipo del 5% del IVA a las entregas, importaciones y adquisiciones intracomunitarias de los siguientes productos:<\/p>\n\n\n\n<p>a) Los aceites de oliva y de semillas.<br>b) Las pastas alimenticias.<\/p>\n\n\n\n<p>El tipo del recargo de equivalencia aplicable a estas operaciones ser\u00e1 del 0,62 por ciento.<\/p>\n\n\n\n<p>Hasta el 30 de junio de 2024 Se aplicar\u00e1 el tipo del 0% del IVA a las entregas, importaciones y adquisiciones intracomunitarias de los siguientes productos:<\/p>\n\n\n\n<p>a) El pan com\u00fan, as\u00ed como la masa de pan com\u00fan congelada y el pan com\u00fan congelado destinados exclusivamente a la elaboraci\u00f3n del pan com\u00fan.<br>b) Las harinas panificables.<br>c) Los siguientes tipos de leche producida por cualquier especie animal: natural, certificada, pasterizada, concentrada, desnatada, esterilizada, UHT, evaporada y en polvo.<br>d) Los quesos.<br>e) Los huevos.<br>f) Las frutas, verduras, hortalizas, legumbres, tub\u00e9rculos y cereales, que tengan la condici\u00f3n de productos naturales de acuerdo con el C\u00f3digo Alimentario y las disposiciones dictadas para su desarrollo.<\/p>\n\n\n\n<p>El tipo del recargo de equivalencia aplicable a estas operaciones ser\u00e1 del 0%.<\/p>\n\n\n\n<p>\u2022 Ser\u00e1 de aplicaci\u00f3n desde el 1 de enero al 31 de diciembre de 2024 el tipo reducido del 10 % del IVA que recae sobre las entregas, importaciones y adquisiciones intracomunitarias de energ\u00eda el\u00e9ctrica a favor de contratos de suministro de baja potencia o que sean perceptores del bono social de electricidad y tengan la conducci\u00f3n de consumidor vulnerables, en lugar del tipo del 5% aplicable hasta 31 de diciembre de 2023. Tambi\u00e9n ser\u00e1 de aplicaci\u00f3n el tipo reducido del 10 % del IVA a las entregas de gas natural desde el 1 de enero hasta el 31 de marzo de 2024. La pr\u00f3rroga en la reducci\u00f3n impositiva tambi\u00e9n se aplicar\u00e1 a las briquetas y \u201cpellets\u201d procedentes de la biomasa y a la madera para le\u00f1a, que pasan a tributar al tipo reducido del 10 % desde el 1 de enero hasta el 30 de junio de 2024.<\/p>\n\n\n\n<p>\u2022 El tipo impositivo del Impuesto Especial sobre la Electricidad se fija en el 2,5 % durante el primer trimestre el 2024, y en el 3,8 % durante el segundo trimestre.<\/p>\n\n\n\n<p>\u2022 La suspensi\u00f3n del Impuesto sobre el valor de la producci\u00f3n de la energ\u00eda el\u00e9ctrica se ha venido prorrogando hasta el 31 de diciembre de 2023. Se considera preciso ir atenuando esta medida excepcional que se adopt\u00f3 mediante el Real Decreto-ley 12\/2021, modificando la base imponible y el importe de los pagos fraccionados durante el ejercicio 2024.<\/p>\n\n\n\n<p>\u2022 Se prorroga a 2024 la aplicaci\u00f3n de los grav\u00e1menes temporales energ\u00e9tico y de entidades de cr\u00e9dito y establecimientos financieros de cr\u00e9dito aprobados por la Ley 38\/2022, sin perjuicio del establecimiento en la Ley de Presupuestos Generales del Estado para el a\u00f1o 2024 de un incentivo que resultar\u00e1 de aplicaci\u00f3n en el sector energ\u00e9tico para las inversiones estrat\u00e9gicas realizadas desde 1 de enero de 2024 y de la revisi\u00f3n de la configuraci\u00f3n de ambos grav\u00e1menes para su integraci\u00f3n en el sistema tributario en el propio ejercicio fiscal 2024 y se concertar\u00e1n o llegar\u00e1n a convenio, respectivamente, con la Comunidad Aut\u00f3noma del Pa\u00eds Vasco y la Comunidad Foral de Navarra.<\/p>\n\n\n\n<p>Para m\u00e1s informaci\u00f3n, no dudes en ponerte en <a href=\"https:\/\/www.cinc.com\/es\/contacto\/\">contacto<\/a> con nuestro <a href=\"https:\/\/www.cinc.com\/es\/asesoria-de-empresas-y-gestoria\/asesoria-fiscal\/\">Departamento Fiscal<\/a>. <\/p>\n\n\n\n<p><\/p>\n","protected":false},"excerpt":{"rendered":"<p>Este a\u00f1o arranca con novedades en materia tributaria que afectan a empresas, aut\u00f3nomos y particulares. A continuaci\u00f3n, enumeramos los cambios m\u00e1s destacados.<\/p>\n","protected":false},"author":8,"featured_media":20641,"comment_status":"open","ping_status":"open","sticky":false,"template":"","format":"standard","meta":{"_acf_changed":false,"_uag_custom_page_level_css":"","_jetpack_memberships_contains_paid_content":false,"footnotes":""},"categories":[26,18],"tags":[78],"class_list":["post-20587","post","type-post","status-publish","format-standard","has-post-thumbnail","hentry","category-asesoria","category-assessoria","tag-fiscalidad"],"acf":[],"jetpack_featured_media_url":"https:\/\/www.cinc.com\/wp-content\/uploads\/2024\/01\/novedades-fiscales-2024.webp","uagb_featured_image_src":{"full":["https:\/\/www.cinc.com\/wp-content\/uploads\/2024\/01\/novedades-fiscales-2024.webp",1920,1080,false],"thumbnail":["https:\/\/www.cinc.com\/wp-content\/uploads\/2024\/01\/novedades-fiscales-2024-150x150.webp",150,150,true],"medium":["https:\/\/www.cinc.com\/wp-content\/uploads\/2024\/01\/novedades-fiscales-2024-300x169.webp",300,169,true],"medium_large":["https:\/\/www.cinc.com\/wp-content\/uploads\/2024\/01\/novedades-fiscales-2024-768x432.webp",768,432,true],"large":["https:\/\/www.cinc.com\/wp-content\/uploads\/2024\/01\/novedades-fiscales-2024-1024x576.webp",960,540,true],"1536x1536":["https:\/\/www.cinc.com\/wp-content\/uploads\/2024\/01\/novedades-fiscales-2024-1536x864.webp",1536,864,true],"2048x2048":["https:\/\/www.cinc.com\/wp-content\/uploads\/2024\/01\/novedades-fiscales-2024.webp",1920,1080,false],"gform-image-choice-sm":["https:\/\/www.cinc.com\/wp-content\/uploads\/2024\/01\/novedades-fiscales-2024.webp",300,169,false],"gform-image-choice-md":["https:\/\/www.cinc.com\/wp-content\/uploads\/2024\/01\/novedades-fiscales-2024.webp",400,225,false],"gform-image-choice-lg":["https:\/\/www.cinc.com\/wp-content\/uploads\/2024\/01\/novedades-fiscales-2024.webp",600,338,false]},"uagb_author_info":{"display_name":"F\u00e0tima Duran","author_link":"https:\/\/www.cinc.com\/es\/author\/fatima\/"},"uagb_comment_info":0,"uagb_excerpt":"Este a\u00f1o arranca con novedades en materia tributaria que afectan a empresas, aut\u00f3nomos y particulares. A continuaci\u00f3n, enumeramos los cambios m\u00e1s destacados.","jetpack_sharing_enabled":true,"_links":{"self":[{"href":"https:\/\/www.cinc.com\/es\/wp-json\/wp\/v2\/posts\/20587","targetHints":{"allow":["GET"]}}],"collection":[{"href":"https:\/\/www.cinc.com\/es\/wp-json\/wp\/v2\/posts"}],"about":[{"href":"https:\/\/www.cinc.com\/es\/wp-json\/wp\/v2\/types\/post"}],"author":[{"embeddable":true,"href":"https:\/\/www.cinc.com\/es\/wp-json\/wp\/v2\/users\/8"}],"replies":[{"embeddable":true,"href":"https:\/\/www.cinc.com\/es\/wp-json\/wp\/v2\/comments?post=20587"}],"version-history":[{"count":3,"href":"https:\/\/www.cinc.com\/es\/wp-json\/wp\/v2\/posts\/20587\/revisions"}],"predecessor-version":[{"id":20651,"href":"https:\/\/www.cinc.com\/es\/wp-json\/wp\/v2\/posts\/20587\/revisions\/20651"}],"wp:featuredmedia":[{"embeddable":true,"href":"https:\/\/www.cinc.com\/es\/wp-json\/wp\/v2\/media\/20641"}],"wp:attachment":[{"href":"https:\/\/www.cinc.com\/es\/wp-json\/wp\/v2\/media?parent=20587"}],"wp:term":[{"taxonomy":"category","embeddable":true,"href":"https:\/\/www.cinc.com\/es\/wp-json\/wp\/v2\/categories?post=20587"},{"taxonomy":"post_tag","embeddable":true,"href":"https:\/\/www.cinc.com\/es\/wp-json\/wp\/v2\/tags?post=20587"}],"curies":[{"name":"wp","href":"https:\/\/api.w.org\/{rel}","templated":true}]}}