{"id":19356,"date":"2023-04-11T00:00:00","date_gmt":"2023-04-11T00:00:00","guid":{"rendered":"https:\/\/www.cinc.com\/a-partir-de-septiembre-las-empresas-tienen-la-obligacion-de-emitir-facturas-electronicas\/"},"modified":"2024-06-06T09:46:25","modified_gmt":"2024-06-06T08:46:25","slug":"a-partir-de-septiembre-las-empresas-tienen-la-obligacion-de-emitir-facturas-electronicas","status":"publish","type":"post","link":"https:\/\/www.cinc.com\/es\/a-partir-de-septiembre-las-empresas-tienen-la-obligacion-de-emitir-facturas-electronicas\/","title":{"rendered":"A partir de septiembre las empresas tienen la obligaci\u00f3n de emitir facturas electr\u00f3nicas"},"content":{"rendered":"<div style=\"text-align: justify;\">\n<div>El pasado mes de octubre, entr\u00f3 en vigor la <a href=\"https:\/\/www.cinc.com\/es\/por-fin-se-aprueba-la-ley-crea-y-crece-te-explicamos-las-claves\/\">Ley \u00abCrea y Crece\u00bb<\/a>, que tiene como objetivo impulsar la creaci\u00f3n y el crecimiento empresarial a trav\u00e9s de la adopci\u00f3n de varias medidas. Es importante que recordemos una de ellas.<\/div>\n<div><\/div>\n<div style=\"text-align: center;\">\n<h2 class=\"h2Noticia\">Se instaura la obligaci\u00f3n de emitir facturas electr\u00f3nicas<\/h2>\n<hr \/>\n<\/div>\n<div><\/div>\n<div>Todos los empresarios y profesionales estar\u00e1n obligados a expedir, remitir y recibir facturas electr\u00f3nicas en sus relaciones comerciales con otros empresarios y profesionales.<\/div>\n<div><\/div>\n<div>El Gobierno defiende la iniciativa como una \u00abmedida para digitalizar las relaciones empresariales, reducir costes de transacci\u00f3n y facilitar la transparencia en el tr\u00e1fico mercantil\u00bb, a la vez que la presenta como una palanca \u00abclave para poder atajar de manera eficaz la morosidad en las operaciones comerciales\u00bb. La facturaci\u00f3n electr\u00f3nica ya est\u00e1 relativamente extendida en sectores como el gran consumo, la automoci\u00f3n, las agencias de viajes y Horeca (hoteles, restaurantes y caterings), pero la universalizaci\u00f3n de su uso supondr\u00e1 pasar de los 296 millones de facturas electr\u00f3nicas de 2021 a cerca de 1.000 millones en 2025.<\/div>\n<div><\/div>\n<div style=\"text-align: center;\">\n<h2 class=\"h2Noticia\">\u00bfQu\u00e9 requisitos concretos se tendr\u00e1n que aplicar?<\/h2>\n<hr \/>\n<\/div>\n<div><\/div>\n<div>\u2022 Tanto las soluciones tecnol\u00f3gicas y las plataformas ofrecidas por empresas proveedoras como aquellas que sean propias de la empresa tendr\u00e1n que ofrecer interconexi\u00f3n e interoperabilidad de forma gratuita.<\/div>\n<div>\u2022 Se podr\u00e1n solicitar copias de las facturas durante los cuatro a\u00f1os posteriores a su emisi\u00f3n.<\/div>\n<div>\u2022 El receptor de la factura no podr\u00e1 obligar al emisor a formular la factura de forma predeterminada.<\/div>\n<div><\/div>\n<div><strong>\u00bfQu\u00e9 per\u00edodo de adaptaci\u00f3n tienen las empresas?<\/strong><\/div>\n<div><\/div>\n<div>\u2022 Para aquellas empresas con facturaci\u00f3n anual superior a ocho millones de euros, la adaptaci\u00f3n ser\u00e1 de 1 a\u00f1o: <strong>30.09.2023.<\/strong><\/div>\n<div>\u2022 Para el resto de los empresarios y profesionales, surtir\u00e1 efectos a los dos a\u00f1os de aprobarse el desarrollo de esta ley: <strong>30.09.2024.<\/strong><\/div>\n<\/div>\n","protected":false},"excerpt":{"rendered":"<p style=\"text-align: justify;\">\n\t<span style=\"text-align: justify;\">El pasado mes de octubre, entr&oacute; en vigor la<a href=\"https:\/\/www.cinc.com\/es\/noticia\/por-fin%2C-se-aprueba-la-ley-%93crea-y-crece%94--te-explicamos-las-claves\"> Ley &quot;Crea y Crece&quot;<\/a>, que tiene como objetivo impulsar la creaci&oacute;n y el crecimiento empresarial a trav&eacute;s de la adopci&oacute;n de varias medidas. Es importante que recordemos una de ellas.&nbsp;<\/span><\/p>\n","protected":false},"author":1,"featured_media":19357,"comment_status":"open","ping_status":"open","sticky":false,"template":"","format":"standard","meta":{"_acf_changed":false,"_uag_custom_page_level_css":"","_jetpack_memberships_contains_paid_content":false,"footnotes":""},"categories":[26],"tags":[],"class_list":["post-19356","post","type-post","status-publish","format-standard","has-post-thumbnail","hentry","category-asesoria"],"acf":[],"jetpack_featured_media_url":"https:\/\/www.cinc.com\/wp-content\/uploads\/2023\/12\/1535.jpg","uagb_featured_image_src":{"full":["https:\/\/www.cinc.com\/wp-content\/uploads\/2023\/12\/1535.jpg",1113,361,false],"thumbnail":["https:\/\/www.cinc.com\/wp-content\/uploads\/2023\/12\/1535-150x150.jpg",150,150,true],"medium":["https:\/\/www.cinc.com\/wp-content\/uploads\/2023\/12\/1535-300x97.jpg",300,97,true],"medium_large":["https:\/\/www.cinc.com\/wp-content\/uploads\/2023\/12\/1535-768x249.jpg",768,249,true],"large":["https:\/\/www.cinc.com\/wp-content\/uploads\/2023\/12\/1535-1024x332.jpg",960,311,true],"1536x1536":["https:\/\/www.cinc.com\/wp-content\/uploads\/2023\/12\/1535.jpg",1113,361,false],"2048x2048":["https:\/\/www.cinc.com\/wp-content\/uploads\/2023\/12\/1535.jpg",1113,361,false],"gform-image-choice-sm":["https:\/\/www.cinc.com\/wp-content\/uploads\/2023\/12\/1535.jpg",300,97,false],"gform-image-choice-md":["https:\/\/www.cinc.com\/wp-content\/uploads\/2023\/12\/1535.jpg",400,130,false],"gform-image-choice-lg":["https:\/\/www.cinc.com\/wp-content\/uploads\/2023\/12\/1535.jpg",600,195,false]},"uagb_author_info":{"display_name":"Pol","author_link":"https:\/\/www.cinc.com\/es\/author\/pol\/"},"uagb_comment_info":0,"uagb_excerpt":"El pasado mes de octubre, entr&oacute; en vigor la Ley &quot;Crea y Crece&quot;, que tiene como objetivo impulsar la creaci&oacute;n y el crecimiento empresarial a trav&eacute;s de la adopci&oacute;n de varias medidas. Es importante que recordemos una de ellas.&nbsp;","jetpack_sharing_enabled":true,"_links":{"self":[{"href":"https:\/\/www.cinc.com\/es\/wp-json\/wp\/v2\/posts\/19356","targetHints":{"allow":["GET"]}}],"collection":[{"href":"https:\/\/www.cinc.com\/es\/wp-json\/wp\/v2\/posts"}],"about":[{"href":"https:\/\/www.cinc.com\/es\/wp-json\/wp\/v2\/types\/post"}],"author":[{"embeddable":true,"href":"https:\/\/www.cinc.com\/es\/wp-json\/wp\/v2\/users\/1"}],"replies":[{"embeddable":true,"href":"https:\/\/www.cinc.com\/es\/wp-json\/wp\/v2\/comments?post=19356"}],"version-history":[{"count":1,"href":"https:\/\/www.cinc.com\/es\/wp-json\/wp\/v2\/posts\/19356\/revisions"}],"predecessor-version":[{"id":25524,"href":"https:\/\/www.cinc.com\/es\/wp-json\/wp\/v2\/posts\/19356\/revisions\/25524"}],"wp:featuredmedia":[{"embeddable":true,"href":"https:\/\/www.cinc.com\/es\/wp-json\/wp\/v2\/media\/19357"}],"wp:attachment":[{"href":"https:\/\/www.cinc.com\/es\/wp-json\/wp\/v2\/media?parent=19356"}],"wp:term":[{"taxonomy":"category","embeddable":true,"href":"https:\/\/www.cinc.com\/es\/wp-json\/wp\/v2\/categories?post=19356"},{"taxonomy":"post_tag","embeddable":true,"href":"https:\/\/www.cinc.com\/es\/wp-json\/wp\/v2\/tags?post=19356"}],"curies":[{"name":"wp","href":"https:\/\/api.w.org\/{rel}","templated":true}]}}