{"id":19326,"date":"2023-03-24T00:00:00","date_gmt":"2023-03-24T00:00:00","guid":{"rendered":"https:\/\/www.cinc.com\/novedades-legislativas-medidas-urgentes-para-la-ampliacion-de-derechos-de-los-pensionistas-la-reduccion-de-la-brecha-de-genero-y-nuevo-marco-de-sostenibilidad-del-sistema-publico-de-pensiones\/"},"modified":"2023-03-24T00:00:00","modified_gmt":"2023-03-24T00:00:00","slug":"novedades-legislativas-medidas-urgentes-para-la-ampliacion-de-derechos-de-los-pensionistas-la-reduccion-de-la-brecha-de-genero-y-nuevo-marco-de-sostenibilidad-del-sistema-publico-de-pensiones","status":"publish","type":"post","link":"https:\/\/www.cinc.com\/es\/novedades-legislativas-medidas-urgentes-para-la-ampliacion-de-derechos-de-los-pensionistas-la-reduccion-de-la-brecha-de-genero-y-nuevo-marco-de-sostenibilidad-del-sistema-publico-de-pensiones\/","title":{"rendered":"Novedades legislativas: medidas urgentes para la ampliaci\u00f3n de derechos de los pensionistas, la reducci\u00f3n de la brecha de g\u00e9nero y nuevo marco de sostenibilidad del sistema p\u00fablico de pensiones"},"content":{"rendered":"<div style=\"text-align: justify;\">\n<div>\n\t\tEl BOE del 17 de marzo del 2023 ha publicado el Real decreto ley 2\/2023, de 16 de marzo, que contempla una compilaci&oacute;n de medidas urgentes para consolidar el Plan de Recuperaci&oacute;n, Transformaci&oacute;n y Resiliencia, entendido como un conjunto de reformas relativas al establecimiento de medidas para sostener el sistema p&uacute;blico de pensiones.<\/div>\n<div>\n\t\t&nbsp;<\/div>\n<div>\n\t\tEntre las medidas en materia laboral y de seguridad hay que destacar sobre todo la que se ocupa de las pensiones en cuando a la forma de calcularlas, bonificaciones de cotizaci&oacute;n y cuant&iacute;as a percibir, a la ampliaci&oacute;n de los derechos de los pensionistas, la revalorizaci&oacute;n de las pensiones presentes y futuras, la reducci&oacute;n de la brecha de g&eacute;nero y entre otros no penalizar a los trabajadores que hayan tenido carreras profesionales irregulares.<\/div>\n<div>\n\t\t&nbsp;<\/div>\n<div>\n\t\tA continuaci&oacute;n seleccionamos los 15 puntos que consideramos de m&aacute;s relevancia. Los pod&eacute;is encontrar en el siguiente PDF.<\/div>\n<div>\n\t\t&nbsp;<\/div>\n<div style=\"text-align: center;\">\n\t\t<a class='button botoTextBlanc btn-primary btn-round' href=https:\/\/www.cinc.com\/pubDocs\/novetats%20legislatives%202cast.pdf>M&aacute;s informaci&oacute;n<\/a><\/div>\n<div>\n\t\t&nbsp;<\/div>\n<div>\n\t\t<span style=\"white-space: pre-wrap;\">Para cualquier duda, no dudes en ponerte en contacto con nuestro departamento de asesor&iacute;a laboral (laboral@cinc.es).&nbsp;<\/span><\/div>\n<\/div>\n<div>\n<div>\n\t\t&nbsp;<\/div>\n<div>\n\t\tO llama a cualquiera de nuestros centros:<\/div>\n<div>\n\t\t&nbsp;<\/div>\n<div>\n\t\t933 03 060 (Barcelona)<\/div>\n<div>\n\t\t972 505 100 (Figueres)<\/div>\n<div>\n\t\t972 940 940 (Girona)&nbsp;<\/div>\n<div>\n\t\t&nbsp;<\/div>\n<\/div>\n<p>\n\t&nbsp;<\/p>\n","protected":false},"excerpt":{"rendered":"<p style=\"text-align: justify;\">\n\tEl BOE del 17 de marzo del 2023 ha publicado el Real decreto ley 2\/2023, de 16 de marzo, que contempla una compilaci&oacute;n de medidas urgentes para consolidar el Plan de Recuperaci&oacute;n, Transformaci&oacute;n y Resiliencia, entendido como un conjunto de reformas relativas al establecimiento de medidas para sostener el sistema p&uacute;blico de pensiones.<\/p>\n","protected":false},"author":1,"featured_media":19327,"comment_status":"open","ping_status":"open","sticky":false,"template":"","format":"standard","meta":{"_acf_changed":false,"_uag_custom_page_level_css":"","_jetpack_memberships_contains_paid_content":false,"footnotes":""},"categories":[26],"tags":[],"class_list":["post-19326","post","type-post","status-publish","format-standard","has-post-thumbnail","hentry","category-asesoria"],"acf":[],"jetpack_featured_media_url":"https:\/\/www.cinc.com\/wp-content\/uploads\/2023\/12\/1529.jpg","uagb_featured_image_src":{"full":["https:\/\/www.cinc.com\/wp-content\/uploads\/2023\/12\/1529.jpg",1113,361,false],"thumbnail":["https:\/\/www.cinc.com\/wp-content\/uploads\/2023\/12\/1529-150x150.jpg",150,150,true],"medium":["https:\/\/www.cinc.com\/wp-content\/uploads\/2023\/12\/1529-300x97.jpg",300,97,true],"medium_large":["https:\/\/www.cinc.com\/wp-content\/uploads\/2023\/12\/1529-768x249.jpg",768,249,true],"large":["https:\/\/www.cinc.com\/wp-content\/uploads\/2023\/12\/1529-1024x332.jpg",960,311,true],"1536x1536":["https:\/\/www.cinc.com\/wp-content\/uploads\/2023\/12\/1529.jpg",1113,361,false],"2048x2048":["https:\/\/www.cinc.com\/wp-content\/uploads\/2023\/12\/1529.jpg",1113,361,false],"gform-image-choice-sm":["https:\/\/www.cinc.com\/wp-content\/uploads\/2023\/12\/1529.jpg",300,97,false],"gform-image-choice-md":["https:\/\/www.cinc.com\/wp-content\/uploads\/2023\/12\/1529.jpg",400,130,false],"gform-image-choice-lg":["https:\/\/www.cinc.com\/wp-content\/uploads\/2023\/12\/1529.jpg",600,195,false]},"uagb_author_info":{"display_name":"Pol","author_link":"https:\/\/www.cinc.com\/es\/author\/pol\/"},"uagb_comment_info":0,"uagb_excerpt":"El BOE del 17 de marzo del 2023 ha publicado el Real decreto ley 2\/2023, de 16 de marzo, que contempla una compilaci&oacute;n de medidas urgentes para consolidar el Plan de Recuperaci&oacute;n, Transformaci&oacute;n y Resiliencia, entendido como un conjunto de reformas relativas al establecimiento de medidas para sostener el sistema p&uacute;blico de pensiones.","jetpack_sharing_enabled":true,"_links":{"self":[{"href":"https:\/\/www.cinc.com\/es\/wp-json\/wp\/v2\/posts\/19326","targetHints":{"allow":["GET"]}}],"collection":[{"href":"https:\/\/www.cinc.com\/es\/wp-json\/wp\/v2\/posts"}],"about":[{"href":"https:\/\/www.cinc.com\/es\/wp-json\/wp\/v2\/types\/post"}],"author":[{"embeddable":true,"href":"https:\/\/www.cinc.com\/es\/wp-json\/wp\/v2\/users\/1"}],"replies":[{"embeddable":true,"href":"https:\/\/www.cinc.com\/es\/wp-json\/wp\/v2\/comments?post=19326"}],"version-history":[{"count":0,"href":"https:\/\/www.cinc.com\/es\/wp-json\/wp\/v2\/posts\/19326\/revisions"}],"wp:featuredmedia":[{"embeddable":true,"href":"https:\/\/www.cinc.com\/es\/wp-json\/wp\/v2\/media\/19327"}],"wp:attachment":[{"href":"https:\/\/www.cinc.com\/es\/wp-json\/wp\/v2\/media?parent=19326"}],"wp:term":[{"taxonomy":"category","embeddable":true,"href":"https:\/\/www.cinc.com\/es\/wp-json\/wp\/v2\/categories?post=19326"},{"taxonomy":"post_tag","embeddable":true,"href":"https:\/\/www.cinc.com\/es\/wp-json\/wp\/v2\/tags?post=19326"}],"curies":[{"name":"wp","href":"https:\/\/api.w.org\/{rel}","templated":true}]}}