{"id":19321,"date":"2023-03-20T00:00:00","date_gmt":"2023-03-20T00:00:00","guid":{"rendered":"https:\/\/www.cinc.com\/cambio-de-criterio-en-el-computo-de-la-jornada-laboral-salir-a-fumar-o-hacer-un-cafe-durante-el-trabajo-no-contara-como-parte-del-horario-laboral\/"},"modified":"2023-03-20T00:00:00","modified_gmt":"2023-03-20T00:00:00","slug":"cambio-de-criterio-en-el-computo-de-la-jornada-laboral-salir-a-fumar-o-hacer-un-cafe-durante-el-trabajo-no-contara-como-parte-del-horario-laboral","status":"publish","type":"post","link":"https:\/\/www.cinc.com\/es\/cambio-de-criterio-en-el-computo-de-la-jornada-laboral-salir-a-fumar-o-hacer-un-cafe-durante-el-trabajo-no-contara-como-parte-del-horario-laboral\/","title":{"rendered":"Cambio de criterio en el c\u00f3mputo de la jornada laboral: salir a fumar, o hacer un caf\u00e9 durante el trabajo no contar\u00e1 como parte del horario laboral"},"content":{"rendered":"<div style=\"text-align: justify;\">\n\tAs&iacute; lo ha decidido recientemente el Tribunal Supremo que ha desestimado el recurso que CCOO present&oacute; contra la empresa Galp (2019) y en sentencia dicta que las empresas tienen derecho a descontar de la jornada laboral de sus trabajadores el tiempo que estos\/se hayan destinado a salidas para hacer un caf&eacute; y\/o fumar.&nbsp;<\/div>\n<div style=\"text-align: justify;\">\n\t&nbsp;<\/div>\n<div style=\"text-align: justify;\">\n\tEl Tribunal Supremo ha sostenido la decisi&oacute;n de la Audiencia Nacional, se&ntilde;alando que las pausas para fumar, tomar caf&eacute; y desayunar no son tiempo efectivo de trabajo y, en consecuencia, no tienen que ser consideradas como parte de la jornada laboral. Con la llegada de la <a href=\"https:\/\/www.cinc.com\/es\/noticia\/registro-horario-obligatorio--que-dice-la-nueva-normativa\"><strong>ley de registro de la jornada laboral<\/strong><\/a>, los trabajadores est&aacute;n obligados a fichar el inicio y el fin de la jornada, pero con esta sentencia se establece un precedente para que las empresas puedan obligar a fichar a las pausas y optar por si computan o no como tiempo trabajado.&nbsp;<\/div>\n<div style=\"text-align: justify;\">\n\t&nbsp;<\/div>\n<div style=\"text-align: justify;\">\n\tAun as&iacute;, se trata de una sentencia de un caso particular y el sindicato ya ha anunciado que presentar&aacute; recurso. Seguiremos atentos a la futura jurisprudencia por si se consolida como una norma general, y la pausa del caf&eacute; y fumar se consolida como tiempo no trabajado. En tal caso la decisi&oacute;n &uacute;ltima la tendr&aacute; el Tribunal Supremo.<\/div>\n<div style=\"text-align: justify;\">\n\t&nbsp;<\/div>\n<div style=\"text-align: justify;\">\n<div>\n\t\tPara cualquier duda, no dudes en ponerte en contacto con nuestro departamento de asesor&iacute;a laboral&nbsp;(laboral@cinc.es).&nbsp;<\/div>\n<div>\n\t\t&nbsp;<\/div>\n<div>\n\t\tO llama a cualquiera de nuestros centros:<\/div>\n<div>\n\t\t&nbsp;<\/div>\n<div>\n\t\t933 03 060 (Barcelona)<\/div>\n<div>\n\t\t972 505 100 (Figueres)<\/div>\n<div>\n\t\t972 940 940 (Girona)&nbsp;<\/div>\n<\/div>\n<div style=\"text-align: justify;\">\n\t&nbsp;<\/div>\n<div style=\"text-align: justify;\">\n\t&nbsp;<\/div>\n","protected":false},"excerpt":{"rendered":"<div style=\"text-align: justify;\">\n\tAs&iacute; lo ha decidido recientemente el Tribunal Supremo que ha desestimado el recurso que CCOO present&oacute; contra la empresa Galp (2019) y en sentencia dicta que las empresas tienen derecho a descontar de la jornada laboral de sus trabajadores el tiempo que estos\/se hayan destinado a salidas para hacer un caf&eacute; y\/o fumar.&nbsp;<\/div>\n<div style=\"text-align: justify;\">\n\t&nbsp;<\/div>\n","protected":false},"author":1,"featured_media":19322,"comment_status":"open","ping_status":"open","sticky":false,"template":"","format":"standard","meta":{"_acf_changed":false,"_uag_custom_page_level_css":"","_jetpack_memberships_contains_paid_content":false,"footnotes":""},"categories":[26],"tags":[],"class_list":["post-19321","post","type-post","status-publish","format-standard","has-post-thumbnail","hentry","category-asesoria"],"acf":[],"jetpack_featured_media_url":"https:\/\/www.cinc.com\/wp-content\/uploads\/2023\/12\/1528.jpg","uagb_featured_image_src":{"full":["https:\/\/www.cinc.com\/wp-content\/uploads\/2023\/12\/1528.jpg",1113,361,false],"thumbnail":["https:\/\/www.cinc.com\/wp-content\/uploads\/2023\/12\/1528-150x150.jpg",150,150,true],"medium":["https:\/\/www.cinc.com\/wp-content\/uploads\/2023\/12\/1528-300x97.jpg",300,97,true],"medium_large":["https:\/\/www.cinc.com\/wp-content\/uploads\/2023\/12\/1528-768x249.jpg",768,249,true],"large":["https:\/\/www.cinc.com\/wp-content\/uploads\/2023\/12\/1528-1024x332.jpg",960,311,true],"1536x1536":["https:\/\/www.cinc.com\/wp-content\/uploads\/2023\/12\/1528.jpg",1113,361,false],"2048x2048":["https:\/\/www.cinc.com\/wp-content\/uploads\/2023\/12\/1528.jpg",1113,361,false],"gform-image-choice-sm":["https:\/\/www.cinc.com\/wp-content\/uploads\/2023\/12\/1528.jpg",300,97,false],"gform-image-choice-md":["https:\/\/www.cinc.com\/wp-content\/uploads\/2023\/12\/1528.jpg",400,130,false],"gform-image-choice-lg":["https:\/\/www.cinc.com\/wp-content\/uploads\/2023\/12\/1528.jpg",600,195,false]},"uagb_author_info":{"display_name":"Pol","author_link":"https:\/\/www.cinc.com\/es\/author\/pol\/"},"uagb_comment_info":0,"uagb_excerpt":"As&iacute; lo ha decidido recientemente el Tribunal Supremo que ha desestimado el recurso que CCOO present&oacute; contra la empresa Galp (2019) y en sentencia dicta que las empresas tienen derecho a descontar de la jornada laboral de sus trabajadores el tiempo que estos\/se hayan destinado a salidas para hacer un caf&eacute; y\/o fumar.&nbsp; &nbsp;","jetpack_sharing_enabled":true,"_links":{"self":[{"href":"https:\/\/www.cinc.com\/es\/wp-json\/wp\/v2\/posts\/19321","targetHints":{"allow":["GET"]}}],"collection":[{"href":"https:\/\/www.cinc.com\/es\/wp-json\/wp\/v2\/posts"}],"about":[{"href":"https:\/\/www.cinc.com\/es\/wp-json\/wp\/v2\/types\/post"}],"author":[{"embeddable":true,"href":"https:\/\/www.cinc.com\/es\/wp-json\/wp\/v2\/users\/1"}],"replies":[{"embeddable":true,"href":"https:\/\/www.cinc.com\/es\/wp-json\/wp\/v2\/comments?post=19321"}],"version-history":[{"count":0,"href":"https:\/\/www.cinc.com\/es\/wp-json\/wp\/v2\/posts\/19321\/revisions"}],"wp:featuredmedia":[{"embeddable":true,"href":"https:\/\/www.cinc.com\/es\/wp-json\/wp\/v2\/media\/19322"}],"wp:attachment":[{"href":"https:\/\/www.cinc.com\/es\/wp-json\/wp\/v2\/media?parent=19321"}],"wp:term":[{"taxonomy":"category","embeddable":true,"href":"https:\/\/www.cinc.com\/es\/wp-json\/wp\/v2\/categories?post=19321"},{"taxonomy":"post_tag","embeddable":true,"href":"https:\/\/www.cinc.com\/es\/wp-json\/wp\/v2\/tags?post=19321"}],"curies":[{"name":"wp","href":"https:\/\/api.w.org\/{rel}","templated":true}]}}