{"id":4177,"date":"2023-01-09T00:00:00","date_gmt":"2023-01-09T00:00:00","guid":{"rendered":"https:\/\/www.cinc.com\/prorroga-per-la-dissolucio-de-perdues-causades-per-la-crisi-sanitaria-de-la-covid-19\/"},"modified":"2023-01-09T00:00:00","modified_gmt":"2023-01-09T00:00:00","slug":"prorroga-per-la-dissolucio-de-perdues-causades-per-la-crisi-sanitaria-de-la-covid-19","status":"publish","type":"post","link":"https:\/\/www.cinc.com\/ca\/prorroga-per-la-dissolucio-de-perdues-causades-per-la-crisi-sanitaria-de-la-covid-19\/","title":{"rendered":"Pr\u00f2rroga per la dissoluci\u00f3 de p\u00e8rdues causades per la crisi sanit\u00e0ria de la COVID-19"},"content":{"rendered":"<div style=\"text-align: justify;\">\n\tDespr&eacute;s de l&rsquo;esclat de la guerra a Ucra&iuml;na el Govern espanyol ha anat aprovant diverses mesures en resposta a les conseq&uuml;&egrave;ncies econ&ograve;miques i socials que ha provocat aquesta guerra juntament amb la reconstrucci&oacute; de l&rsquo;illa de Palma i altres situacions de vulnerabilitat.<\/div>\n<div>\n\t&nbsp;<\/div>\n<div style=\"text-align: justify;\">\n\tDurant la crisi sanit&agrave;ria del 2020 i l&rsquo;impacte d&rsquo;aquesta crisi el 2021 es va aplicar la mesura de dissoluci&oacute; per p&egrave;rdues. Aquesta mesura s&rsquo;ha prolongat com a mesura excepcional fins al tancament comptable del 2024 a causa de l&rsquo;agreujament de la crisi energ&egrave;tica i la guerra d&rsquo;Ucra&iuml;na. Aquesta prolongaci&oacute; t&eacute; com a finalitat ajudar a les petites i mitjanes empreses que s&rsquo;ha vist m&eacute;s afectades per aquests esdeveniments econ&ograve;mics i socials a seguir amb la seva activitat.<\/div>\n<div>\n\t&nbsp;<\/div>\n<div style=\"text-align: center;\">\n<h2 class=\"h2Noticia\">\n\t\tEn qu&egrave; consisteix aquesta mesura<\/h2>\n<hr \/>\n<\/div>\n<div style=\"text-align: center;\">\n\t&nbsp;<\/div>\n<div style=\"text-align: justify;\">\n\tCom ja s&rsquo;havia anunciat, l&rsquo;article 13 de la llei 3\/2020 del 18 de setembre amb la seva corresponent pr&ograve;rroga, estableix que totes aquelles p&egrave;rdues dels exercicis comptables de 2020 i 2021 no es tindran en compte durant un per&iacute;ode de 3 exercicis, &eacute;s a dir, ni en el de 2022, 2023 ni fins al tancament de l&rsquo;exercici del 2024.<\/div>\n<div>\n\t&nbsp;<\/div>\n<div style=\"text-align: justify;\">\n\tPer a aquelles empreses que despr&eacute;s dels resultats de 2022, 2023 i 2024, sense comptar el 2020 i 2021, tenen p&egrave;rdues que redueixin el patrimoni net a la meitat del capital social podran dissoldre la seva empresa amb la causa legal de p&egrave;rdues.&nbsp;<\/div>\n<div style=\"text-align: justify;\">\n\t&nbsp;<\/div>\n<div style=\"text-align: justify;\">\n\tUn cop es declarin les intencions de dissoluci&oacute; s&rsquo;haur&agrave; de seguir el procediment habitual, establert en l&rsquo;article 363.1.e) del text Ref&oacute;s de la Llei de Societats Capitals dins del Reial decret legislatiu 1\/2020 del 2 de juliol:<\/div>\n<ol>\n<li style=\"text-align: justify;\">\n\t\tQue el convoquin els administradors de la societat o que un dels socis ho sol&middot;liciti abans dels dos mesos seg&uuml;ents de l&rsquo;&uacute;ltim tancament comptable, en aquest cas, el del 2024 (segons l&rsquo;article 365 d&rsquo;aquesta mateixa llei)<\/li>\n<li style=\"text-align: justify;\">\n\t\tLa celebraci&oacute; d&rsquo;una Junta per la dissoluci&oacute; de la societat, sempre que no s&rsquo;augmenti o es redueixi el capital suficient necessari.<\/li>\n<\/ol>\n<div style=\"text-align: justify;\">\n\tPer a qualsevol dubte o per m&eacute;s informaci&oacute;, pots posar-te en contacte amb el nostre Departament Jur&iacute;dic i Comptable trucant a:<\/div>\n<div style=\"text-align: justify;\">\n\t&nbsp;<\/div>\n<div style=\"text-align: justify;\">\n\t933 030 060 (Barcelona)<\/div>\n<div style=\"text-align: justify;\">\n\t972 505 100 (Figueres)<\/div>\n<div style=\"text-align: justify;\">\n\t972 940 940 (Girona)<\/div>\n<div>\n\t&nbsp;<\/div>\n","protected":false},"excerpt":{"rendered":"<p style=\"text-align: justify;\">\n\tDespr&eacute;s de l&rsquo;esclat de la guerra a Ucra&iuml;na el Govern espanyol ha anat aprovant diverses mesures en resposta a les conseq&uuml;&egrave;ncies econ&ograve;miques i socials que ha provocat aquesta guerra juntament amb la reconstrucci&oacute; de l&rsquo;illa de Palma i altres situacions de vulnerabilitat.<\/p>\n","protected":false},"author":2,"featured_media":0,"comment_status":"open","ping_status":"open","sticky":false,"template":"","format":"standard","meta":{"_acf_changed":false,"_uag_custom_page_level_css":"","_jetpack_memberships_contains_paid_content":false,"footnotes":""},"categories":[18],"tags":[],"class_list":["post-4177","post","type-post","status-publish","format-standard","hentry","category-assessoria"],"acf":[],"jetpack_featured_media_url":"","uagb_featured_image_src":{"full":false,"thumbnail":false,"medium":false,"medium_large":false,"large":false,"1536x1536":false,"2048x2048":false,"gform-image-choice-sm":false,"gform-image-choice-md":false,"gform-image-choice-lg":false},"uagb_author_info":{"display_name":"Utrans","author_link":"https:\/\/www.cinc.com\/ca\/author\/utrans\/"},"uagb_comment_info":0,"uagb_excerpt":"Despr&eacute;s de l&rsquo;esclat de la guerra a Ucra&iuml;na el Govern espanyol ha anat aprovant diverses mesures en resposta a les conseq&uuml;&egrave;ncies econ&ograve;miques i socials que ha provocat aquesta guerra juntament amb la reconstrucci&oacute; de l&rsquo;illa de Palma i altres situacions de vulnerabilitat.","jetpack_sharing_enabled":true,"_links":{"self":[{"href":"https:\/\/www.cinc.com\/ca\/wp-json\/wp\/v2\/posts\/4177","targetHints":{"allow":["GET"]}}],"collection":[{"href":"https:\/\/www.cinc.com\/ca\/wp-json\/wp\/v2\/posts"}],"about":[{"href":"https:\/\/www.cinc.com\/ca\/wp-json\/wp\/v2\/types\/post"}],"author":[{"embeddable":true,"href":"https:\/\/www.cinc.com\/ca\/wp-json\/wp\/v2\/users\/2"}],"replies":[{"embeddable":true,"href":"https:\/\/www.cinc.com\/ca\/wp-json\/wp\/v2\/comments?post=4177"}],"version-history":[{"count":0,"href":"https:\/\/www.cinc.com\/ca\/wp-json\/wp\/v2\/posts\/4177\/revisions"}],"wp:attachment":[{"href":"https:\/\/www.cinc.com\/ca\/wp-json\/wp\/v2\/media?parent=4177"}],"wp:term":[{"taxonomy":"category","embeddable":true,"href":"https:\/\/www.cinc.com\/ca\/wp-json\/wp\/v2\/categories?post=4177"},{"taxonomy":"post_tag","embeddable":true,"href":"https:\/\/www.cinc.com\/ca\/wp-json\/wp\/v2\/tags?post=4177"}],"curies":[{"name":"wp","href":"https:\/\/api.w.org\/{rel}","templated":true}]}}