{"id":4167,"date":"2023-01-02T00:00:00","date_gmt":"2023-01-02T00:00:00","guid":{"rendered":"https:\/\/www.cinc.com\/entrada-en-vigor-de-la-nova-normativa-de-cotitzacio-pels-treballadors-per-compte-propi-o-autonoms-a-partir-daquest-mes-de-gener\/"},"modified":"2024-06-05T14:40:23","modified_gmt":"2024-06-05T13:40:23","slug":"entrada-en-vigor-de-la-nova-normativa-de-cotitzacio-pels-treballadors-per-compte-propi-o-autonoms-a-partir-daquest-mes-de-gener","status":"publish","type":"post","link":"https:\/\/www.cinc.com\/ca\/entrada-en-vigor-de-la-nova-normativa-de-cotitzacio-pels-treballadors-per-compte-propi-o-autonoms-a-partir-daquest-mes-de-gener\/","title":{"rendered":"Entrada en vigor de la nova normativa de cotitzaci\u00f3 pels treballadors per compte propi o aut\u00f2noms a partir d&#8217;aquest mes de gener"},"content":{"rendered":"<div>\n<div style=\"text-align: justify;\">Com ja hem explicat en <a href=\"https:\/\/www.cinc.com\/ca\/novetat-en-les-cotitzacions-dels-autonoms-saprova-un-nou-sistema-en-funcio-dels-ingressos-reals\/\" target=\"_blank\" rel=\"noopener\">comunicacions anteriors<\/a>, aquest mes de gener ha entrat en vigor la nova normativa que modifica el sistema de cotitzaci\u00f3 pels treballadors per compte propi o aut\u00f2noms. Volem recordar solament els punts m\u00e9s importants:<\/div>\n<div style=\"text-align: justify;\"><\/div>\n<ul>\n<li style=\"text-align: justify;\">El nou sistema consisteix a cotitzar en funci\u00f3 dels rendiments nets reals.<\/li>\n<li style=\"text-align: justify;\">Els treballadors aut\u00f2noms hauran de realitzar una previsi\u00f3 aproximada dels seus ingressos i triar una base de cotitzaci\u00f3 dins de les establertes per al tram de rendiments que han previst. (Existeixen 15 trams depenent dels rendiments previstos, cadascun amb una base m\u00e0xima i m\u00ednima.)<\/li>\n<li style=\"text-align: justify;\">Aquesta base de cotitzaci\u00f3 triada es comunica a la Seguretat Social i es cotitza per ella.<\/li>\n<li style=\"text-align: justify;\">El termini per a sol\u00b7licitar aquesta nova base de cotitzaci\u00f3 va des de gener fins a octubre de 2023. Per\u00f2, si ja sabem que haurem de comunicar una base diferent de la que ten\u00edem, el termini de comunicaci\u00f3 acaba l&#8217;\u00faltim dia de febrer.<\/li>\n<li style=\"text-align: justify;\">Mentre no comuniquem la nova base de cotitzaci\u00f3 a la Seguretat Social, continuarem cotitzant amb la base antiga.<\/li>\n<li style=\"text-align: justify;\">Aquestes bases per les quals es cotitza inicialment <strong>tenen car\u00e0cter provisional<\/strong>: En finalitzar l&#8217;any, la Tresoreria general de la Seguretat Social calcular\u00e0 el valor exacte de les cotitzacions en funci\u00f3 dels rendiments reals declarats que obtindr\u00e0 directament de la AEAT.<\/li>\n<\/ul>\n<ol>\n<li style=\"text-align: justify;\">Si els ingressos reals s\u00f3n superiors als previstos la Tresoreria General de la Seguretat Social generar\u00e0 d&#8217;ofici una regularitzaci\u00f3 i cobrar\u00e0 la difer\u00e8ncia.<\/li>\n<li style=\"text-align: justify;\">Si per contra, els ingressos reals han estat inferiors als previstos retornar\u00e0 les quantitats cotitzades en exc\u00e9s.<\/li>\n<\/ol>\n<ul>\n<li style=\"text-align: justify;\">Per a evitar regularitzacions extremes podrem modificar les bases fins a 6 vegades a l&#8217;any per a adaptar-les als ingressos reals i no cotitzar ni en exc\u00e9s ni per defecte. Per a ajudar-vos a realitzar aquestes adaptacions, nom\u00e9s necessitarem con\u00e8ixer les variacions significatives entre els ingressos reals i els ingressos previstos quan ocorrin.<\/li>\n<\/ul>\n<div style=\"text-align: justify;\"><\/div>\n<div style=\"text-align: justify;\"><strong>Hem rebut algunes consultes m\u00e9s espec\u00edfiques que aprofitem per a explicar:<\/strong><\/div>\n<div style=\"text-align: justify;\"><\/div>\n<ul>\n<li style=\"text-align: justify;\"><strong>En el cas de persones la cotitzaci\u00f3 actual de les quals \u00e9s superior a la que li correspondria en el nou sistema:<\/strong> Podran mantenir la mateixa cotitzaci\u00f3, si ho desitgen. Per a poder-ho fer, nom\u00e9s hauran de renunciar a la devoluci\u00f3 de quotes que els comunicar\u00e0 la Tresoreria General de la Seguretat Social a final d&#8217;any. Aquesta ren\u00fancia haur\u00e0 de realitzar-se dins del mes natural seg\u00fcent al de la comunicaci\u00f3.<\/li>\n<li style=\"text-align: justify;\"><strong>Queda derrogada la tarifa plana<\/strong> per\u00f2 totes les persones acollides a aquesta tarifa abans de l&#8217;1 de gener de 2023 la podran continuar aplicant fins a esgotar els per\u00edodes m\u00e0xims d&#8217;aplicaci\u00f3 establerts.<\/li>\n<li style=\"text-align: justify;\"><strong>Es crea una quota redu\u00efda de 80\u20ac per inici d&#8217;activitat per compte propi<\/strong> que afecta a totes les persones que estiguin en situaci\u00f3 d&#8217;alta inicial o b\u00e9 que no hagin estat d&#8217;alta en RETA durant els \u00faltims 2 anys. La seva durada ser\u00e0 de 12 mesos prorrogables 12 mesos mes si els ingressos s\u00f3n inferiors al SMI anual.<\/li>\n<li style=\"text-align: justify;\"><strong>Durant 2023 els aut\u00f2noms societaris i els familiars dels treballadors aut\u00f2noms<\/strong> no podran triar una base de cotitzaci\u00f3 inferior a 1.000\u20ac<\/li>\n<\/ul>\n<div style=\"text-align: justify;\"><\/div>\n<div style=\"text-align: justify;\"><\/div>\n<div style=\"text-align: justify;\">Per a qualsevol dubte, no dubtis a posar-te en contacte amb el nostre departament <a href=\"https:\/\/www.cinc.com\/ca\/assessoria\/assessoria-laboral\" target=\"_blank\" rel=\"noopener\">d&#8217;assessoria laboral<\/a>.<\/div>\n<div style=\"text-align: justify;\"><\/div>\n<div style=\"text-align: justify;\">O truca a qualsevol dels nostres centres:<\/div>\n<div style=\"text-align: justify;\"><\/div>\n<div style=\"text-align: justify;\">933 03 060 (Barcelona)<\/div>\n<div style=\"text-align: justify;\">972 505 100 (Figueres)<\/div>\n<div style=\"text-align: justify;\">972 940 940 (Girona)<\/div>\n<\/div>\n","protected":false},"excerpt":{"rendered":"<p style=\"text-align: justify;\">\n\tCom ja hem explicat en comunicacions anteriors, aquest mes de gener ha entrat en vigor la nova normativa que modifica el sistema de cotitzaci&oacute; pels treballadors per compte propi o aut&ograve;noms.<\/p>\n","protected":false},"author":2,"featured_media":4168,"comment_status":"open","ping_status":"open","sticky":false,"template":"","format":"standard","meta":{"_acf_changed":false,"_uag_custom_page_level_css":"","_jetpack_memberships_contains_paid_content":false,"footnotes":""},"categories":[18,21],"tags":[],"class_list":["post-4167","post","type-post","status-publish","format-standard","has-post-thumbnail","hentry","category-assessoria","category-emprendre"],"acf":[],"jetpack_featured_media_url":"https:\/\/www.cinc.com\/wp-content\/uploads\/2023\/03\/1150.jpg","uagb_featured_image_src":{"full":["https:\/\/www.cinc.com\/wp-content\/uploads\/2023\/03\/1150.jpg",1113,361,false],"thumbnail":["https:\/\/www.cinc.com\/wp-content\/uploads\/2023\/03\/1150.jpg",150,49,false],"medium":["https:\/\/www.cinc.com\/wp-content\/uploads\/2023\/03\/1150.jpg",300,97,false],"medium_large":["https:\/\/www.cinc.com\/wp-content\/uploads\/2023\/03\/1150.jpg",768,249,false],"large":["https:\/\/www.cinc.com\/wp-content\/uploads\/2023\/03\/1150.jpg",960,311,false],"1536x1536":["https:\/\/www.cinc.com\/wp-content\/uploads\/2023\/03\/1150.jpg",1113,361,false],"2048x2048":["https:\/\/www.cinc.com\/wp-content\/uploads\/2023\/03\/1150.jpg",1113,361,false],"gform-image-choice-sm":["https:\/\/www.cinc.com\/wp-content\/uploads\/2023\/03\/1150.jpg",300,97,false],"gform-image-choice-md":["https:\/\/www.cinc.com\/wp-content\/uploads\/2023\/03\/1150.jpg",400,130,false],"gform-image-choice-lg":["https:\/\/www.cinc.com\/wp-content\/uploads\/2023\/03\/1150.jpg",600,195,false]},"uagb_author_info":{"display_name":"Utrans","author_link":"https:\/\/www.cinc.com\/ca\/author\/utrans\/"},"uagb_comment_info":0,"uagb_excerpt":"Com ja hem explicat en comunicacions anteriors, aquest mes de gener ha entrat en vigor la nova normativa que modifica el sistema de cotitzaci&oacute; pels treballadors per compte propi o aut&ograve;noms.","jetpack_sharing_enabled":true,"_links":{"self":[{"href":"https:\/\/www.cinc.com\/ca\/wp-json\/wp\/v2\/posts\/4167","targetHints":{"allow":["GET"]}}],"collection":[{"href":"https:\/\/www.cinc.com\/ca\/wp-json\/wp\/v2\/posts"}],"about":[{"href":"https:\/\/www.cinc.com\/ca\/wp-json\/wp\/v2\/types\/post"}],"author":[{"embeddable":true,"href":"https:\/\/www.cinc.com\/ca\/wp-json\/wp\/v2\/users\/2"}],"replies":[{"embeddable":true,"href":"https:\/\/www.cinc.com\/ca\/wp-json\/wp\/v2\/comments?post=4167"}],"version-history":[{"count":1,"href":"https:\/\/www.cinc.com\/ca\/wp-json\/wp\/v2\/posts\/4167\/revisions"}],"predecessor-version":[{"id":25517,"href":"https:\/\/www.cinc.com\/ca\/wp-json\/wp\/v2\/posts\/4167\/revisions\/25517"}],"wp:featuredmedia":[{"embeddable":true,"href":"https:\/\/www.cinc.com\/ca\/wp-json\/wp\/v2\/media\/4168"}],"wp:attachment":[{"href":"https:\/\/www.cinc.com\/ca\/wp-json\/wp\/v2\/media?parent=4167"}],"wp:term":[{"taxonomy":"category","embeddable":true,"href":"https:\/\/www.cinc.com\/ca\/wp-json\/wp\/v2\/categories?post=4167"},{"taxonomy":"post_tag","embeddable":true,"href":"https:\/\/www.cinc.com\/ca\/wp-json\/wp\/v2\/tags?post=4167"}],"curies":[{"name":"wp","href":"https:\/\/api.w.org\/{rel}","templated":true}]}}