{"id":3992,"date":"2022-09-27T00:00:00","date_gmt":"2022-09-27T00:00:00","guid":{"rendered":"https:\/\/www.cinc.com\/espais-de-treball-flexibles-per-que-son-lopcio-preferida-per-tornar-a-les-oficines\/"},"modified":"2022-09-27T00:00:00","modified_gmt":"2022-09-27T00:00:00","slug":"espais-de-treball-flexibles-per-que-son-lopcio-preferida-per-tornar-a-les-oficines","status":"publish","type":"post","link":"https:\/\/www.cinc.com\/ca\/espais-de-treball-flexibles-per-que-son-lopcio-preferida-per-tornar-a-les-oficines\/","title":{"rendered":"Espais de treball flexibles: per qu\u00e8 s\u00f3n l&#8217;opci\u00f3 preferida per tornar a les oficines"},"content":{"rendered":"<div style=\"text-align: justify;\">\n<div>\n\t\tLa gran majoria de les companyies ha experimentat canvis organitzacionals durant i despr&eacute;s de la pand&egrave;mia, passant del teletreball a l&#39;actual model h&iacute;brid, que &eacute;s el m&eacute;s est&egrave;s, ja que combina el treball en remot i el presencial. Tant si la teva empresa planeja el retorn definitiu a les oficines com si busca f&oacute;rmules flexibles compatibles amb el treball h&iacute;brid, disposar d&#39;espais de treball que s&#39;adapten a les necessitats i el ritme de creixement en temps real &eacute;s fonamental avui dia per ser m&eacute;s competitius.<\/div>\n<div>\n\t\t&nbsp;<\/div>\n<div>\n\t\tA CINC fa m&eacute;s d&#39;una d&egrave;cada que treballem la f&oacute;rmula del coworking corporatiu, que s&#39;adapta molt b&eacute; a les necessitats actuals de qualsevol empresa, sigui multinacional o pime. Tamb&eacute; disposem d&#39;espais per a grups m&eacute;s redu&iuml;ts i despatxos individuals que tamb&eacute; permeten beneficiar-se d&#39;aquestes f&oacute;rmules flexibles.<\/div>\n<div>\n\t\t&nbsp;<\/div>\n<div>\n<h2 class=\"h2Noticia\">\n\t\t\tPer qu&egrave; escollir les oficines flexibles de CINC?<\/h2>\n<hr \/><\/div>\n<div>\n\t\t<strong>Pots personalitzar-les com vulguis<\/strong>. Creem espais de treball a mida i els adaptem al creixement de la teva empresa.<\/div>\n<div>\n\t\t&nbsp;<\/div>\n<div>\n\t\t<strong>S&#39;hi inclouen tots els serveis en una sola quota<\/strong>. T&#39;oferim espais equipats amb serveis de recepci&oacute; i paqueteria i consums inclosos (Internet d&#39;alta velocitat, seguretat 24h, neteja, climatitzaci&oacute;, etc.).<\/div>\n<div>\n\t\t&nbsp;<\/div>\n<div>\n\t\t<strong>Estan situades en entorns din&agrave;mics i innovadors<\/strong>. Som al cor del 22@ de Barcelona, a prop del mar i amb totes les comunicacions (metro, bus, tramvia) i al centre de Girona, a pocs minuts de l&#39;estaci&oacute; de l&#39;AVE.<\/div>\n<div>\n\t\t&nbsp;<\/div>\n<div>\n\t\t<strong>Abans que coworking, som persones<\/strong>. T&#39;acompanyem en tot el proc&eacute;s d&#39;adaptaci&oacute; de l&#39;espai de treball amb proximitat i professionalitat, i sempre estem a la teva disposici&oacute; per a qualsevol cosa que necessitis amb un caf&egrave; i un somriure.<\/div>\n<div>\n\t\t&nbsp;<\/div>\n<div>\n\t\t<strong>Ens preocupem al m&agrave;xim per la teva comoditat<\/strong>. El m&eacute;s important per a nosaltres &eacute;s aconseguir que et sentis com a casa, i per aix&ograve; creem espais &uacute;nics adequats a les teves necessitats.<\/div>\n<div>\n\t\t&nbsp;<\/div>\n<div>\n\t\t<strong>Tindr&agrave;s molta llum natural<\/strong>. Pots tenir la seguretat que mai te&#39;n faltar&agrave; a CINC!<\/div>\n<div>\n\t\t&nbsp;<\/div>\n<div>\n\t\t<strong>Podr&agrave;s accedir a espais addicionals a la teva oficina<\/strong>. Posem a la teva disposici&oacute; zones comunes com el vest&iacute;bul, el nostre menjador-office, les sales de reuni&oacute;, esdeveniments i formaci&oacute; i una terrassa amb vistes espectaculars.<\/div>\n<div>\n\t\t&nbsp;<\/div>\n<div>\n\t\t<strong>Projectar&agrave;s la millor imatge i retindr&agrave;s talent<\/strong>. Els nostres espais estan ubicats en edificis amb una gran imatge corporativa, molt ben comunicats, amb serveis a prop i zones verdes on poder desconnectar.<\/div>\n<div>\n\t\t&nbsp;<\/div>\n<div>\n<h2 class=\"h2Noticia\">\n\t\t\tVols con&egrave;ixer els nostres espais de treball? Reserva una visita!<\/h2>\n<hr \/><\/div>\n<div>\n\t\tSi est&agrave;s buscant un espai de treball flexible, sigui individual, per a petits grups o partir de 20 persones, <a href=\"https:\/\/www.cinc.com\/ca\/contacte\/contacte\" target=\"_blank\" rel=\"noopener\">contacta <\/a>amb nosaltres.<\/div>\n<div>\n\t\t&nbsp;<\/div>\n<div>\n\t\t933 030 060 (Barcelona)<\/div>\n<div>\n\t\t&nbsp;<\/div>\n<div>\n\t\t972 940 940 (Girona)<\/div>\n<div>\n\t\t&nbsp;<\/div>\n<div>\n\t\tinfo@cinc.com<\/div>\n<\/div>\n<p>\n\t&nbsp;<\/p>\n","protected":false},"excerpt":{"rendered":"<div style=\"text-align: justify;\">\n<div>\n\t\tTant si la teva empresa planeja el retorn definitiu a les oficines com si busca f&oacute;rmules flexibles compatibles amb el treball h&iacute;brid, disposar d&#39;espais de treball que s&#39;adapten a les necessitats i el ritme de creixement en temps real &eacute;s fonamental avui dia per ser m&eacute;s competitius.<\/div>\n<\/div>\n<p>\n\t&nbsp;<\/p>\n","protected":false},"author":2,"featured_media":3993,"comment_status":"open","ping_status":"open","sticky":false,"template":"","format":"standard","meta":{"_acf_changed":false,"_uag_custom_page_level_css":"","_jetpack_memberships_contains_paid_content":false,"footnotes":""},"categories":[17],"tags":[],"class_list":["post-3992","post","type-post","status-publish","format-standard","has-post-thumbnail","hentry","category-centre-de-negocis"],"acf":[],"jetpack_featured_media_url":"https:\/\/www.cinc.com\/wp-content\/uploads\/2023\/03\/1115.jpg","uagb_featured_image_src":{"full":["https:\/\/www.cinc.com\/wp-content\/uploads\/2023\/03\/1115.jpg",1113,361,false],"thumbnail":["https:\/\/www.cinc.com\/wp-content\/uploads\/2023\/03\/1115.jpg",150,49,false],"medium":["https:\/\/www.cinc.com\/wp-content\/uploads\/2023\/03\/1115.jpg",300,97,false],"medium_large":["https:\/\/www.cinc.com\/wp-content\/uploads\/2023\/03\/1115.jpg",768,249,false],"large":["https:\/\/www.cinc.com\/wp-content\/uploads\/2023\/03\/1115.jpg",960,311,false],"1536x1536":["https:\/\/www.cinc.com\/wp-content\/uploads\/2023\/03\/1115.jpg",1113,361,false],"2048x2048":["https:\/\/www.cinc.com\/wp-content\/uploads\/2023\/03\/1115.jpg",1113,361,false],"gform-image-choice-sm":["https:\/\/www.cinc.com\/wp-content\/uploads\/2023\/03\/1115.jpg",300,97,false],"gform-image-choice-md":["https:\/\/www.cinc.com\/wp-content\/uploads\/2023\/03\/1115.jpg",400,130,false],"gform-image-choice-lg":["https:\/\/www.cinc.com\/wp-content\/uploads\/2023\/03\/1115.jpg",600,195,false]},"uagb_author_info":{"display_name":"Utrans","author_link":"https:\/\/www.cinc.com\/ca\/author\/utrans\/"},"uagb_comment_info":0,"uagb_excerpt":"Tant si la teva empresa planeja el retorn definitiu a les oficines com si busca f&oacute;rmules flexibles compatibles amb el treball h&iacute;brid, disposar d&#39;espais de treball que s&#39;adapten a les necessitats i el ritme de creixement en temps real &eacute;s fonamental avui dia per ser m&eacute;s competitius. &nbsp;","jetpack_sharing_enabled":true,"_links":{"self":[{"href":"https:\/\/www.cinc.com\/ca\/wp-json\/wp\/v2\/posts\/3992","targetHints":{"allow":["GET"]}}],"collection":[{"href":"https:\/\/www.cinc.com\/ca\/wp-json\/wp\/v2\/posts"}],"about":[{"href":"https:\/\/www.cinc.com\/ca\/wp-json\/wp\/v2\/types\/post"}],"author":[{"embeddable":true,"href":"https:\/\/www.cinc.com\/ca\/wp-json\/wp\/v2\/users\/2"}],"replies":[{"embeddable":true,"href":"https:\/\/www.cinc.com\/ca\/wp-json\/wp\/v2\/comments?post=3992"}],"version-history":[{"count":0,"href":"https:\/\/www.cinc.com\/ca\/wp-json\/wp\/v2\/posts\/3992\/revisions"}],"wp:featuredmedia":[{"embeddable":true,"href":"https:\/\/www.cinc.com\/ca\/wp-json\/wp\/v2\/media\/3993"}],"wp:attachment":[{"href":"https:\/\/www.cinc.com\/ca\/wp-json\/wp\/v2\/media?parent=3992"}],"wp:term":[{"taxonomy":"category","embeddable":true,"href":"https:\/\/www.cinc.com\/ca\/wp-json\/wp\/v2\/categories?post=3992"},{"taxonomy":"post_tag","embeddable":true,"href":"https:\/\/www.cinc.com\/ca\/wp-json\/wp\/v2\/tags?post=3992"}],"curies":[{"name":"wp","href":"https:\/\/api.w.org\/{rel}","templated":true}]}}