{"id":3966,"date":"2022-10-13T00:00:00","date_gmt":"2022-10-13T00:00:00","guid":{"rendered":"https:\/\/www.cinc.com\/noves-linies-de-financament-per-a-joves-emprenedors-i-innovacio\/"},"modified":"2022-10-13T00:00:00","modified_gmt":"2022-10-13T00:00:00","slug":"noves-linies-de-financament-per-a-joves-emprenedors-i-innovacio","status":"publish","type":"post","link":"https:\/\/www.cinc.com\/ca\/noves-linies-de-financament-per-a-joves-emprenedors-i-innovacio\/","title":{"rendered":"Noves l\u00ednies de finan\u00e7ament per a joves, emprenedors i innovaci\u00f3"},"content":{"rendered":"<div>\n\t<span style=\"text-align: justify;\">El Govern ha vingut posant en marxa des de fa dos mesos fins a sis l&iacute;nies de finan&ccedil;ament avalat a les quals podran accedir els aut&ograve;noms al llarg&nbsp;<\/span><span style=\"text-align: justify;\">d&acute;enguany.&nbsp;<\/span><\/div>\n<div style=\"text-align: justify;\">\n\t&nbsp;<\/div>\n<div style=\"text-align: justify;\">\n\tAl maig, el Consell de Ministres va aprovar una l&iacute;nia d&acute;avals ICO per als aut&ograve;noms de qualsevol sector que hagin vist incrementats les seves despeses a causa de la guerra a Ucra&iuml;na. A m&eacute;s, tamb&eacute; a trav&eacute;s de l&acute;ICO, l&acute;Executiu permet als beneficiaris del Kit Digital -a partir de setembre podran accedir els aut&ograve;noms amb menys de deu empleats.<\/div>\n<div style=\"text-align: justify;\">\n\t&nbsp;<\/div>\n<div style=\"text-align: justify;\">\n\tL&acute;&uacute;ltima opci&oacute; de finan&ccedil;ament que ha posat en marxa el Govern va ser al costat del paquet de mesures per a l&acute;estalvi energ&egrave;tic. El Consell de Ministres va aprovar de manera complement&agrave;ria tres l&iacute;nies de finan&ccedil;ament que es gestionaran a trav&eacute;s de Enisa perqu&egrave; els aut&ograve;noms i emprenedors puguin obtenir pr&eacute;stecs per a posar en marxa el seu negoci o internacionalitzar-lo.<\/div>\n<div style=\"text-align: justify;\">\n\t&nbsp;<\/div>\n<div style=\"text-align: justify;\">\n\t&nbsp;<\/div>\n<div style=\"text-align: justify;\">\n<h2 class=\"h2Noticia\">\n\t\tCom accedir a les l&iacute;nies de finan&ccedil;ament de ENISA<\/h2>\n<hr \/>\n<\/div>\n<div style=\"text-align: justify;\">\n\tPer a accedir al finan&ccedil;ament de ENISA, tota la tramitaci&oacute; es realitza a trav&eacute;s del seu web: <a href=\"http:\/\/www.enisa.es\" target=\"_blank\" rel=\"noopener\">www.enisa.es<\/a>. Els projectes han d&acute;estar situats en el territori nacional, podent pert&agrave;nyer a qualsevol sector, a excepci&oacute; d&acute;immobiliari o financer. El tipus d&acute;inter&egrave;s s&acute;aplicar&agrave; en dos trams. En el primer ser&agrave; eur&iacute;bor + 3,75% i en el segon s&acute;aplicar&agrave; un inter&egrave;s variable en funci&oacute; de la rendibilitat financera de l&acute;empresa, amb un l&iacute;mit m&agrave;xim establert entre el 3% i el 6%, d&acute;acord amb la qualificaci&oacute; de l&acute;operaci&oacute;. Aquestes s&oacute;n les condicions de les tres noves l&iacute;nies:<\/div>\n<div style=\"text-align: justify;\">\n\t&nbsp;<\/div>\n<div style=\"text-align: justify;\">\n\t&nbsp;<\/div>\n<div style=\"text-align: justify;\">\n<h2 class=\"h2Noticia\">\n\t\t1. L&iacute;nia Enisa per a joves emprenedors<\/h2>\n<hr \/>\n<\/div>\n<div style=\"text-align: justify;\">\n\tLa l&iacute;nia que ha posat en marxa el Govern a trav&eacute;s de Enisa per a joves emprenedors va dirigida a pimes (i startups) de recent constituci&oacute; creades per menors de 40 anys per a abordar les inversions que precisa el projecte empresarial en la seva fase inicial.<\/div>\n<div style=\"text-align: justify;\">\n\t&nbsp;<\/div>\n<div style=\"text-align: justify;\">\n\tEls requisits s&oacute;n:<\/div>\n<div style=\"text-align: justify;\">\n\t&nbsp;<\/div>\n<div style=\"text-align: justify;\">\n\t&bull; Ser una pime, conforme a la definici&oacute; de la Uni&oacute; Europea.<\/div>\n<div style=\"text-align: justify;\">\n\t&nbsp;<\/div>\n<div style=\"text-align: justify;\">\n\t&bull; Tenir personalitat jur&iacute;dica pr&ograve;pia, independent de la dels teus socis o part&iacute;cips.<\/div>\n<div style=\"text-align: justify;\">\n\t&nbsp;<\/div>\n<div style=\"text-align: justify;\">\n\t&bull; Que l&acute;empresa hagi estat constitu&iuml;da, com a m&agrave;xim, durant els 24 mesos anteriors a la sol&middot;licitud.<\/div>\n<div style=\"text-align: justify;\">\n\t&nbsp;<\/div>\n<div style=\"text-align: justify;\">\n\t&bull; Tenir l&acute;activitat principal i el domicili social en el territori nacional.<\/div>\n<div style=\"text-align: justify;\">\n\t&nbsp;<\/div>\n<div style=\"text-align: justify;\">\n\t&bull; Que el model de negoci sigui innovador, nou o amb clars avantatges competitius.<\/div>\n<div style=\"text-align: justify;\">\n\t&nbsp;<\/div>\n<div style=\"text-align: justify;\">\n\t&bull; La majoria del capital ha d&acute;estar en mans de persones f&iacute;siques d&acute;edat no superior a 40 anys.<\/div>\n<div style=\"text-align: justify;\">\n\t&nbsp;<\/div>\n<div style=\"text-align: justify;\">\n\t&bull; Es finan&ccedil;a l&acute;adquisici&oacute; d&acute;actius fixos i del circulant necessari per a l&acute;activitat.<\/div>\n<div style=\"text-align: justify;\">\n\t&nbsp;<\/div>\n<div style=\"text-align: justify;\">\n\t&bull; Els socis hauran d&acute;aportar, via capital o a trav&eacute;s de fons propis, almenys un 50% del pr&eacute;stec.<\/div>\n<div style=\"text-align: justify;\">\n\t&nbsp;<\/div>\n<div style=\"text-align: justify;\">\n\t&bull; Hauran de demostrar la viabilitat t&egrave;cnica i econ&ograve;mica del projecte empresarial.<\/div>\n<div style=\"text-align: justify;\">\n\t&nbsp;<\/div>\n<div style=\"text-align: justify;\">\n\t&bull; Han de tenir els comptes de l&acute;&uacute;ltim exercici tancat dipositades en el Registre Mercantil o en un altre registre p&uacute;blic que procedeixi.<\/div>\n<div style=\"text-align: justify;\">\n\t&nbsp;<\/div>\n<div style=\"text-align: justify;\">\n\t&bull; Queden exclosos els sectors immobiliari i financer&nbsp;<\/div>\n<div style=\"text-align: justify;\">\n\t&nbsp;<\/div>\n<div style=\"text-align: justify;\">\n\tL&acute;import m&iacute;nim d&acute;aquesta l&iacute;nia seran 25.000 euros i el m&agrave;xim 75.000 euros. El termini de venciment al qual podran optar seran set anys i la manca m&agrave;xima ser&agrave; de cinc.&nbsp;<\/div>\n<div style=\"text-align: justify;\">\n\t&nbsp;<\/div>\n<div style=\"text-align: justify;\">\n\t&nbsp;<\/div>\n<div style=\"text-align: justify;\">\n<h2 class=\"h2Noticia\">\n\t\t2. L&iacute;nia Enisa per a emprenedors<\/h2>\n<hr \/>\n<\/div>\n<div style=\"text-align: justify;\">\n\tLa l&iacute;nia que ha posat en marxa el Govern a trav&eacute;s de Enisa per a emprenedors va dirigida a donar suport a les primeres fases de vida de pimes promogudes per emprenedors, sense l&iacute;mit d&acute;edat.<\/div>\n<div style=\"text-align: justify;\">\n\t&nbsp;<\/div>\n<div style=\"text-align: justify;\">\n\tEls requisits s&oacute;n:<\/div>\n<div style=\"text-align: justify;\">\n\t&nbsp;<\/div>\n<div style=\"text-align: justify;\">\n\t&bull; Ser una pime, conforme a la definici&oacute; de la Uni&oacute; Europea.<\/div>\n<div style=\"text-align: justify;\">\n\t&nbsp;<\/div>\n<div style=\"text-align: justify;\">\n\t&bull; Tenir personalitat jur&iacute;dica pr&ograve;pia, independent de la dels teus socis o part&iacute;cips.<\/div>\n<div style=\"text-align: justify;\">\n\t&nbsp;<\/div>\n<div style=\"text-align: justify;\">\n\t&bull; Que l&acute;empresa hagi estat constitu&iuml;da, com a m&agrave;xim, durant els 24 mesos anteriors a la sol&middot;licitud.<\/div>\n<div style=\"text-align: justify;\">\n\t&nbsp;<\/div>\n<div style=\"text-align: justify;\">\n\t&bull; Tenir l&acute;activitat principal i el domicili social en el territori nacional.<\/div>\n<div style=\"text-align: justify;\">\n\t&nbsp;<\/div>\n<div style=\"text-align: justify;\">\n\t&bull; Que el model de negoci sigui innovador, nou o amb clars avantatges competitius.<\/div>\n<div style=\"text-align: justify;\">\n\t&nbsp;<\/div>\n<div style=\"text-align: justify;\">\n\t&bull; Es cofinancen les necessitats financeres associades al projecte empresarial.<\/div>\n<div style=\"text-align: justify;\">\n\t&nbsp;<\/div>\n<div style=\"text-align: justify;\">\n\t&bull; Els fons propis han de ser, com a m&iacute;nim, equivalents a la quantia del pr&eacute;stec.<\/div>\n<div style=\"text-align: justify;\">\n\t&nbsp;<\/div>\n<div style=\"text-align: justify;\">\n\t&bull; S&acute;ha de mostrar una estructura financera equilibrada i professionalitat en la teva gesti&oacute;.<\/div>\n<div style=\"text-align: justify;\">\n\t&nbsp;<\/div>\n<div style=\"text-align: justify;\">\n\t&bull; Cal demostrar la viabilitat t&egrave;cnica i econ&ograve;mica del projecte empresarial.<\/div>\n<div style=\"text-align: justify;\">\n\t&nbsp;<\/div>\n<div style=\"text-align: justify;\">\n\t&bull; Els comptes de l&acute;&uacute;ltim exercici tancat hauran d&acute;estar dipositades en el Registre Mercantil o en un altre registre p&uacute;blic que procedeixi.<\/div>\n<div style=\"text-align: justify;\">\n\t&nbsp;<\/div>\n<div style=\"text-align: justify;\">\n\t&bull; Queden exclosos els sectors immobiliari i financer&nbsp;<\/div>\n<div style=\"text-align: justify;\">\n\t&nbsp;<\/div>\n<div style=\"text-align: justify;\">\n\tL&acute;import m&iacute;nim a sol&middot;licitar &eacute;s de 25.000 euros i el m&agrave;xim de 300.000 euros. En aquest cas, el venciment del pr&eacute;stec pot ser de fins a set anys i la seva manca m&agrave;xima de cinc anys.<\/div>\n<div style=\"text-align: justify;\">\n\t&nbsp;<\/div>\n<div style=\"text-align: justify;\">\n\t&nbsp;<\/div>\n<div style=\"text-align: justify;\">\n<h2 class=\"h2Noticia\">\n\t\t3. L&iacute;nia Enisa per a negocis consolidats<\/h2>\n<hr \/>\n<\/div>\n<div style=\"text-align: justify;\">\n\tLa l&iacute;nia creixement, que ha posat en marxa el Govern a trav&eacute;s de Enisa, va dirigida a donar suport als projectes basats en un model de negoci viable i rendible, que estiguin buscant una millora competitiva o un canvi de model del seu sistema productiu, o que vulguin ampliar la seva capacitat productiva adquirint nova tecnologia, augmentant la seva gamma de productes\/serveis o diversificant mercats. &Eacute;s a dir, els beneficiaris seran emprenedors que estiguin contemplant per a les seves pimes millores competitives, un projecte de consolidaci&oacute;, creixement o internacionalitzaci&oacute;.<\/div>\n<div style=\"text-align: justify;\">\n\t&nbsp;<\/div>\n<div style=\"text-align: justify;\">\n\tEls requisits s&oacute;n:<\/div>\n<div style=\"text-align: justify;\">\n\t&nbsp;<\/div>\n<div style=\"text-align: justify;\">\n\t&bull; Ser una pime, conforme a la definici&oacute; de la Uni&oacute; Europea.<\/div>\n<div style=\"text-align: justify;\">\n\t&nbsp;<\/div>\n<div style=\"text-align: justify;\">\n\t&bull; Tenir personalitat jur&iacute;dica pr&ograve;pia, independent de la dels teus socis o part&iacute;cips.<\/div>\n<div style=\"text-align: justify;\">\n\t&nbsp;<\/div>\n<div style=\"text-align: justify;\">\n\t&bull; Tenir l&acute;activitat principal i el domicili social en el territori nacional.<\/div>\n<div style=\"text-align: justify;\">\n\t&nbsp;<\/div>\n<div style=\"text-align: justify;\">\n\t&bull; Que el teu model de negoci sigui innovador, nou o amb clars avantatges competitius.<\/div>\n<div style=\"text-align: justify;\">\n\t&nbsp;<\/div>\n<div style=\"text-align: justify;\">\n\t&bull; Es cofinancen les necessitats financeres associades al projecte empresarial.<\/div>\n<div style=\"text-align: justify;\">\n\t&nbsp;<\/div>\n<div style=\"text-align: justify;\">\n\t&bull; Els fons propis han de ser, com a m&iacute;nim, equivalents a la quantia del pr&eacute;stec.<\/div>\n<div style=\"text-align: justify;\">\n\t&nbsp;<\/div>\n<div style=\"text-align: justify;\">\n\t&bull; S&acute;ha de mostrar una estructura financera equilibrada i professionalitat en la teva gesti&oacute;.<\/div>\n<div style=\"text-align: justify;\">\n\t&nbsp;<\/div>\n<div style=\"text-align: justify;\">\n\t&bull; Cal&nbsp; demostrar la viabilitat t&egrave;cnica i econ&ograve;mica del teu projecte empresarial.<\/div>\n<div style=\"text-align: justify;\">\n\t&nbsp;<\/div>\n<div style=\"text-align: justify;\">\n\t&bull; Els comptes de l&acute;&uacute;ltim exercici tancat hauran d&acute;estar dipositades en el Registre Mercantil o en un altre registre p&uacute;blic que procedeixi.<\/div>\n<div style=\"text-align: justify;\">\n\t&nbsp;<\/div>\n<div style=\"text-align: justify;\">\n\t&bull; Per a pr&eacute;stecs aprovats per import superior als 300 000 &euro; s&acute;haur&agrave; de tenir auditats externament els estats financers de l&acute;&uacute;ltim exercici tancat.<\/div>\n<div style=\"text-align: justify;\">\n\t&nbsp;<\/div>\n<div style=\"text-align: justify;\">\n\t&bull; Queden exclosos els sectors immobiliari i financer.<\/div>\n<div style=\"text-align: justify;\">\n\t&nbsp;<\/div>\n<div style=\"text-align: justify;\">\n\tL&acute;import m&iacute;nim a sol&middot;licitar &eacute;s de 25.000 euros i el m&agrave;xim de 1,5 milions d&acute;euros. En aquest cas, el venciment del pr&eacute;stec pot ser de fins a set anys i la seva manca m&agrave;xima de cinc anys.<\/div>\n<div>\n\t&nbsp;<\/div>\n","protected":false},"excerpt":{"rendered":"<p style=\"text-align: justify;\">\n\tEl Govern ha vingut posant en marxa des de fa dos mesos fins a sis l&iacute;nies de finan&ccedil;ament avalat a les quals podran accedir els aut&ograve;noms al llarg d&acute;enguany.&nbsp;<\/p>\n<p>\n\t&nbsp;<\/p>\n","protected":false},"author":2,"featured_media":3967,"comment_status":"open","ping_status":"open","sticky":false,"template":"","format":"standard","meta":{"_acf_changed":false,"_uag_custom_page_level_css":"","_jetpack_memberships_contains_paid_content":false,"footnotes":""},"categories":[18,21],"tags":[],"class_list":["post-3966","post","type-post","status-publish","format-standard","has-post-thumbnail","hentry","category-assessoria","category-emprendre"],"acf":[],"jetpack_featured_media_url":"https:\/\/www.cinc.com\/wp-content\/uploads\/2023\/03\/1109.jpg","uagb_featured_image_src":{"full":["https:\/\/www.cinc.com\/wp-content\/uploads\/2023\/03\/1109.jpg",1113,361,false],"thumbnail":["https:\/\/www.cinc.com\/wp-content\/uploads\/2023\/03\/1109.jpg",150,49,false],"medium":["https:\/\/www.cinc.com\/wp-content\/uploads\/2023\/03\/1109.jpg",300,97,false],"medium_large":["https:\/\/www.cinc.com\/wp-content\/uploads\/2023\/03\/1109.jpg",768,249,false],"large":["https:\/\/www.cinc.com\/wp-content\/uploads\/2023\/03\/1109.jpg",960,311,false],"1536x1536":["https:\/\/www.cinc.com\/wp-content\/uploads\/2023\/03\/1109.jpg",1113,361,false],"2048x2048":["https:\/\/www.cinc.com\/wp-content\/uploads\/2023\/03\/1109.jpg",1113,361,false],"gform-image-choice-sm":["https:\/\/www.cinc.com\/wp-content\/uploads\/2023\/03\/1109.jpg",300,97,false],"gform-image-choice-md":["https:\/\/www.cinc.com\/wp-content\/uploads\/2023\/03\/1109.jpg",400,130,false],"gform-image-choice-lg":["https:\/\/www.cinc.com\/wp-content\/uploads\/2023\/03\/1109.jpg",600,195,false]},"uagb_author_info":{"display_name":"Utrans","author_link":"https:\/\/www.cinc.com\/ca\/author\/utrans\/"},"uagb_comment_info":0,"uagb_excerpt":"El Govern ha vingut posant en marxa des de fa dos mesos fins a sis l&iacute;nies de finan&ccedil;ament avalat a les quals podran accedir els aut&ograve;noms al llarg d&acute;enguany.&nbsp; &nbsp;","jetpack_sharing_enabled":true,"_links":{"self":[{"href":"https:\/\/www.cinc.com\/ca\/wp-json\/wp\/v2\/posts\/3966","targetHints":{"allow":["GET"]}}],"collection":[{"href":"https:\/\/www.cinc.com\/ca\/wp-json\/wp\/v2\/posts"}],"about":[{"href":"https:\/\/www.cinc.com\/ca\/wp-json\/wp\/v2\/types\/post"}],"author":[{"embeddable":true,"href":"https:\/\/www.cinc.com\/ca\/wp-json\/wp\/v2\/users\/2"}],"replies":[{"embeddable":true,"href":"https:\/\/www.cinc.com\/ca\/wp-json\/wp\/v2\/comments?post=3966"}],"version-history":[{"count":0,"href":"https:\/\/www.cinc.com\/ca\/wp-json\/wp\/v2\/posts\/3966\/revisions"}],"wp:featuredmedia":[{"embeddable":true,"href":"https:\/\/www.cinc.com\/ca\/wp-json\/wp\/v2\/media\/3967"}],"wp:attachment":[{"href":"https:\/\/www.cinc.com\/ca\/wp-json\/wp\/v2\/media?parent=3966"}],"wp:term":[{"taxonomy":"category","embeddable":true,"href":"https:\/\/www.cinc.com\/ca\/wp-json\/wp\/v2\/categories?post=3966"},{"taxonomy":"post_tag","embeddable":true,"href":"https:\/\/www.cinc.com\/ca\/wp-json\/wp\/v2\/tags?post=3966"}],"curies":[{"name":"wp","href":"https:\/\/api.w.org\/{rel}","templated":true}]}}