{"id":3902,"date":"2022-07-18T00:00:00","date_gmt":"2022-07-18T00:00:00","guid":{"rendered":"https:\/\/www.cinc.com\/ocupacio-i-transformacio-nous-ajuts-de-5-000-euros-per-a-autonoms-micropimes-i-cooperatives\/"},"modified":"2022-07-18T00:00:00","modified_gmt":"2022-07-18T00:00:00","slug":"ocupacio-i-transformacio-nous-ajuts-de-5-000-euros-per-a-autonoms-micropimes-i-cooperatives","status":"publish","type":"post","link":"https:\/\/www.cinc.com\/ca\/ocupacio-i-transformacio-nous-ajuts-de-5-000-euros-per-a-autonoms-micropimes-i-cooperatives\/","title":{"rendered":"Ocupaci\u00f3 i Transformaci\u00f3: nous ajuts de 5.000 euros per a aut\u00f2noms, micropimes i cooperatives"},"content":{"rendered":"<div style=\"text-align: justify;\">\n\tTotes aquelles empreses que es comprometin a mantenir l&rsquo;ocupaci&oacute; de les persones durant 6 mesos i, a m&eacute;s, portin a terme actuacions cap a una economia verda o la seva transformaci&oacute; digital, poden accedir a uns nous ajuts de la Generalitat de 5.000 euros que tenen com a finalitat compensar els costos salarials d&rsquo;aquests treballadors.<\/div>\n<div style=\"text-align: justify;\">\n\t&nbsp;<\/div>\n<div style=\"text-align: justify;\">\n\tEs tracta del nou programa d&rsquo;ajuts &ldquo;Feina + Transformaci&oacute;&rdquo;, adre&ccedil;at&nbsp; a persones treballadores aut&ograve;nomes, microempreses i cooperatives i amb una dotaci&oacute; total de 45,5 milions d&rsquo;euros provinents de fons MRR (REACT-EU).&nbsp;<\/div>\n<div style=\"text-align: justify;\">\n\t&nbsp;<\/div>\n<div style=\"text-align: justify;\">\n<h2 class=\"h2Noticia\">\n\t\tQuins s&oacute;n els requisits per accedir a aquests ajuts?<\/h2>\n<hr \/>\n<\/div>\n<div style=\"text-align: justify;\">\n\tPodran sol&middot;licitar els ajuts del programa &ldquo;Feina + Transformaci&oacute;&rdquo;:&nbsp;<\/div>\n<div style=\"text-align: justify;\">\n\t&nbsp;<\/div>\n<div style=\"text-align: justify;\">\n\ta)<span style=\"white-space:pre\"> <\/span>Aquelles persones treballadores aut&ograve;nomes i microempreses:<\/div>\n<div style=\"text-align: justify;\">\n\t&nbsp;<\/div>\n<ul>\n<li style=\"text-align: justify;\">\n\t\tQue tinguin entre 1 i 5 treballadors assalariats en el moment de sol&middot;licitar l&rsquo;ajut.<\/li>\n<li style=\"text-align: justify;\">\n\t\tAmb un centre de treball a Catalunya.<\/li>\n<li style=\"text-align: justify;\">\n\t\tAmb un volum de negoci anual l&rsquo;any 2020 no superior als 2 milions d&rsquo;euros.<\/li>\n<\/ul>\n<div style=\"text-align: justify;\">\n\tb)<span style=\"white-space:pre\"> <\/span>Les cooperatives i les societats laborals:<\/div>\n<div style=\"text-align: justify;\">\n\t&nbsp;<\/div>\n<ul>\n<li style=\"text-align: justify;\">\n\t\tQue tinguin fins a 5 socis treballadors en el moment de sol&middot;licitar l&rsquo;ajut.<\/li>\n<li style=\"text-align: justify;\">\n\t\tAmb un centre de treball a Catalunya.<\/li>\n<li style=\"text-align: justify;\">\n\t\tAmb un volum de negoci anual de l&rsquo;any 2020 no superior a 2 milions d&rsquo;euros.<\/li>\n<li style=\"text-align: justify;\">\n\t\tEn el cas de cooperatives, han d&rsquo;haver optat a la modalitat d&rsquo;assimilats per persones treballadores per compte ali&egrave;, a efectes de la Seguretat Social.&nbsp;<\/li>\n<\/ul>\n<div style=\"text-align: justify;\">\n\tEn tots els casos, la data d&rsquo;inici de l&rsquo;activitat ha de ser anterior o igual a l&rsquo;1 de desembre de 2020.&nbsp;<\/div>\n<div style=\"text-align: justify;\">\n\t&nbsp;<\/div>\n<div style=\"text-align: justify;\">\n<h2 class=\"h2Noticia\">\n\t\tQuina &eacute;s la quantia d&rsquo;aquests ajuts?<\/h2>\n<hr \/>\n<\/div>\n<div style=\"text-align: justify;\">\n\tAquests ajuts tenen un import m&agrave;xim de 5.000 euros per empresa benefici&agrave;ria.<\/div>\n<div style=\"text-align: justify;\">\n\t&nbsp;<\/div>\n<div style=\"text-align: justify;\">\n<h2 class=\"h2Noticia\">\n\t\tQuin &eacute;s el termini per demanar-los?<\/h2>\n<hr \/>\n<\/div>\n<div style=\"text-align: justify;\">\n\tEs poden demanar aquests ajuts del 6 de juliol a les 9:00h fins el 27 de juliol a les 15:00h.&nbsp;<\/div>\n<div style=\"text-align: justify;\">\n\t&nbsp;<\/div>\n<div style=\"text-align: justify;\">\n<h2 class=\"h2Noticia\">\n\t\tQu&egrave; implica per a les empreses l&rsquo;acceptaci&oacute; d&rsquo;aquests ajuts?<\/h2>\n<hr \/>\n<\/div>\n<div style=\"text-align: justify;\">\n\tLes entitats benefici&agrave;ries d&rsquo;aquests ajuts es comprometen a:<\/div>\n<div style=\"text-align: justify;\">\n\t&nbsp;<\/div>\n<ul>\n<li style=\"text-align: justify;\">\n\t\tMantenir l&rsquo;ocupaci&oacute; de treballadors assalariats en el centre de treball ubicat a Catalunya durant 6 mesos.<\/li>\n<li style=\"text-align: justify;\">\n\t\tLa persona f&iacute;sica o jur&iacute;dica benefici&agrave;ria ha de portar a terme una actuaci&oacute; que contribueixi a la transici&oacute; de la seva activitat cap a una economia verda o que contribueixi a la seva transformaci&oacute; digital.<\/li>\n<li style=\"text-align: justify;\">\n\t\tL&rsquo;acci&oacute; de suport per iniciar la transformaci&oacute; cap a l&rsquo;economia verda o transformaci&oacute; digital ha de consistir en formacions finan&ccedil;ades amb fons p&uacute;blics, formaci&oacute; bonificada o programada per les empreses o formaci&oacute; privada.&nbsp;<\/li>\n<\/ul>\n<div style=\"text-align: justify;\">\n<h2 class=\"h2Noticia\">\n\t\tQui ha de realitzar les accions formatives?<\/h2>\n<hr \/>\n<\/div>\n<div style=\"text-align: justify;\">\n\tLes accions formatives podran realitzar-les:<\/div>\n<div style=\"text-align: justify;\">\n\t&nbsp;<\/div>\n<ul>\n<li style=\"text-align: justify;\">\n\t\tLa persona treballadora que rep l&rsquo;ajut.<\/li>\n<li style=\"text-align: justify;\">\n\t\tEn el cas d&rsquo;una microempresa, qualsevol de les persones s&ograve;cies de l&rsquo;empresa que rep l&rsquo;ajut.<\/li>\n<li style=\"text-align: justify;\">\n\t\tEn cas de tractar-se d&rsquo;una cooperativa o societat laboral: qualsevol de les empreses s&ograve;cies.<\/li>\n<\/ul>\n<div style=\"text-align: justify;\">\n\tPer a m&eacute;s informaci&oacute; sobre la tramitaci&oacute; d&rsquo;aquests ajuts, no dubtis a contactar amb nosaltres (cinc@cinc.com).<\/div>\n<div style=\"text-align: justify;\">\n\t&nbsp;<\/div>\n","protected":false},"excerpt":{"rendered":"<p style=\"text-align: justify;\">\n\tTotes aquelles empreses que es comprometin a mantenir l&rsquo;ocupaci&oacute; de les persones durant 6 mesos i, a m&eacute;s, portin a terme actuacions cap a una economia verda o la seva transformaci&oacute; digital, poden accedir a uns nous ajuts de la Generalitat de 5.000 euros que tenen com a finalitat compensar els costos salarials d&rsquo;aquests treballadors.<\/p>\n","protected":false},"author":2,"featured_media":0,"comment_status":"open","ping_status":"open","sticky":false,"template":"","format":"standard","meta":{"_acf_changed":false,"_uag_custom_page_level_css":"","_jetpack_memberships_contains_paid_content":false,"footnotes":""},"categories":[18],"tags":[],"class_list":["post-3902","post","type-post","status-publish","format-standard","hentry","category-assessoria"],"acf":[],"jetpack_featured_media_url":"","uagb_featured_image_src":{"full":false,"thumbnail":false,"medium":false,"medium_large":false,"large":false,"1536x1536":false,"2048x2048":false,"gform-image-choice-sm":false,"gform-image-choice-md":false,"gform-image-choice-lg":false},"uagb_author_info":{"display_name":"Utrans","author_link":"https:\/\/www.cinc.com\/ca\/author\/utrans\/"},"uagb_comment_info":0,"uagb_excerpt":"Totes aquelles empreses que es comprometin a mantenir l&rsquo;ocupaci&oacute; de les persones durant 6 mesos i, a m&eacute;s, portin a terme actuacions cap a una economia verda o la seva transformaci&oacute; digital, poden accedir a uns nous ajuts de la Generalitat de 5.000 euros que tenen com a finalitat compensar els costos salarials d&rsquo;aquests treballadors.","jetpack_sharing_enabled":true,"_links":{"self":[{"href":"https:\/\/www.cinc.com\/ca\/wp-json\/wp\/v2\/posts\/3902","targetHints":{"allow":["GET"]}}],"collection":[{"href":"https:\/\/www.cinc.com\/ca\/wp-json\/wp\/v2\/posts"}],"about":[{"href":"https:\/\/www.cinc.com\/ca\/wp-json\/wp\/v2\/types\/post"}],"author":[{"embeddable":true,"href":"https:\/\/www.cinc.com\/ca\/wp-json\/wp\/v2\/users\/2"}],"replies":[{"embeddable":true,"href":"https:\/\/www.cinc.com\/ca\/wp-json\/wp\/v2\/comments?post=3902"}],"version-history":[{"count":0,"href":"https:\/\/www.cinc.com\/ca\/wp-json\/wp\/v2\/posts\/3902\/revisions"}],"wp:attachment":[{"href":"https:\/\/www.cinc.com\/ca\/wp-json\/wp\/v2\/media?parent=3902"}],"wp:term":[{"taxonomy":"category","embeddable":true,"href":"https:\/\/www.cinc.com\/ca\/wp-json\/wp\/v2\/categories?post=3902"},{"taxonomy":"post_tag","embeddable":true,"href":"https:\/\/www.cinc.com\/ca\/wp-json\/wp\/v2\/tags?post=3902"}],"curies":[{"name":"wp","href":"https:\/\/api.w.org\/{rel}","templated":true}]}}