{"id":3825,"date":"2022-04-06T00:00:00","date_gmt":"2022-04-06T00:00:00","guid":{"rendered":"https:\/\/www.cinc.com\/mesures-urgents-per-donar-resposta-a-les-consequencies-economiques-i-socials-de-la-guerra-ducraina\/"},"modified":"2022-04-06T00:00:00","modified_gmt":"2022-04-06T00:00:00","slug":"mesures-urgents-per-donar-resposta-a-les-consequencies-economiques-i-socials-de-la-guerra-ducraina","status":"publish","type":"post","link":"https:\/\/www.cinc.com\/ca\/mesures-urgents-per-donar-resposta-a-les-consequencies-economiques-i-socials-de-la-guerra-ducraina\/","title":{"rendered":"Mesures urgents per donar resposta a les conseq\u00fc\u00e8ncies econ\u00f2miques i socials de la guerra d\u2019Ucra\u00efna"},"content":{"rendered":"<p style=\"text-align: justify;\">\n\tEl BOE del 30\/03\/2022 ha publicat el Reial Decret Llei 06\/2022, de 29 de mar&ccedil;, que contempla un recull de mesures urgents per fer front al pla Nacional de resposta a les conseq&uuml;&egrave;ncies econ&ograve;miques i socials de la guerra d&rsquo;Ucra&iuml;na, les quals es mantindran en vigor fins el 30 de juny de 2022.<\/p>\n<p>\tEntre les mesures en mat&egrave;ria laboral, destaquem les seg&uuml;ents:<\/p>\n<p>\t1.&nbsp;&nbsp; &nbsp;L&rsquo;afectaci&oacute; de l&rsquo;augment dels costos energ&egrave;tics no podr&agrave; justificar els acomiadaments objectius fins el 30 de juny 2022 (art.44).<br \/>\n\t2.&nbsp;&nbsp; &nbsp;Ajornaments de quotes a la Seguretat Social per a empreses amb treballadors d&rsquo;alta en el R&egrave;gim General i treballadors aut&ograve;noms amb activitat en el sector del transport urb&agrave; i per carretera i R&egrave;gim especial del Mar (art.37).<br \/>\n\t3.&nbsp;&nbsp; &nbsp;Increment extraordinari en la prestaci&oacute; de l&rsquo;Ingr&eacute;s M&iacute;nim Vital. (art.45).<br \/>\n\t&nbsp;<\/p>\n<h2 class=\"h2Noticia\">\n\t1.&nbsp;&nbsp; &nbsp;Acomiadaments objectius&nbsp; i ajuts p&uacute;blics<\/h2>\n<hr \/>\n<p><\/p>\n<p>\n\tL&rsquo;afectaci&oacute; de l&rsquo;augment de costos energ&egrave;tics&nbsp; no podr&agrave; ser causa legal objectiva&nbsp; per tal de justificar els acomiadaments fins el proper 30 de juny del 2022. Les empreses que s&rsquo;acullin a la suspensi&oacute; de contractes i\/o reduccions de jornada per causes econ&ograve;miques, t&egrave;cniques, organitzatives o de producci&oacute; o derivades de for&ccedil;a major relacionades amb la invasi&oacute; d&rsquo;Ucra&iuml;na i que siguin beneficiaris d&rsquo;ajuts p&uacute;blics no podran utilitzar aquestes causes per acomiadar. L&rsquo;incompliment comportar&agrave; el reintegrament dels ajuts rebuts.<br \/>\n\t&nbsp;<\/p>\n<h2 class=\"h2Noticia\">\n\t2.&nbsp;&nbsp; &nbsp;Ajornaments&nbsp; de quotes a la Seguretat Social per a empreses amb treballadors d&rsquo;alta en el R&egrave;gim General i treballadors aut&ograve;noms amb activitats en el sector del transport urb&agrave; i per carretera<\/h2>\n<hr \/>\n<p><\/p>\n<p>\n\tLes empreses amb treballadors en alta en el R&egrave;gim General de la Seguretat social i els treballadors aut&ograve;noms que desenvolupin la seva activitat en el sector del transport urb&agrave; i per carretera (CNAE 4931, 4932, 4939, 4941 y 4942), sempre que no tinguin deutes amb la Seguretat Social i estiguin al corrent de les obligacions i no tinguin cap altre ajornament en vigor, podran sol&middot;licitar un ajornament en el pagament de les quotes a la Seguretat Social per conceptes de recaptaci&oacute; conjunta y que es meritin entre els mesos d&rsquo;abril a juliol del&nbsp; 2022 en el cas d&rsquo;empreses,&nbsp; i entre els mesos de maig a agost de 2022 en el cas de treballadors aut&ograve;noms.<\/p>\n<p>\n\t&nbsp;<\/p>\n<p style=\"text-align: justify;\">\n\tLes sol&middot;licituds d&rsquo;ajornament s&rsquo;hauran de sol&middot;licitar abans del transcurs dels primers 10 dies naturals de cadascun dels terminis reglamentaris de l&rsquo;ingr&eacute;s de les quotes amb un inter&egrave;s del 0.5 %.<br \/>\n\t&nbsp;<\/p>\n<h2 class=\"h2Noticia\">\n\t3.&nbsp;&nbsp; &nbsp;Ajornaments&nbsp; de quotes a la Seguretat Social per a empreses amb treballadors d&rsquo;alta en el R&egrave;gim Especial del Mar<\/h2>\n<hr \/>\n<p><\/p>\n<p>\n\tLes empreses incloses en el R&egrave;gim Especial de treballadors del Mar i tamb&eacute; els treballadors per compte propi del mateix, sempre que no tinguin deutes amb la Seguretat Social i estiguin al corrent de les obligacions i no tinguessin cap altre ajornament en vigor, podran sol&middot;licitar un ajornament en el pagament de les quotes a la Seguretat Social per conceptes de recaptaci&oacute; conjunta de mar&ccedil; a&nbsp; juny del 2022. Les sol&middot;licituds d&rsquo;ajornament hauran d&rsquo;efectuar-se abans del transcurs dels 10 primers naturals de cadascun dels terminis.<br \/>\n\t&nbsp;<\/p>\n<h2 class=\"h2Noticia\">\n\t4.&nbsp;&nbsp; &nbsp;Increment extraordinari en la prestaci&oacute; d&rsquo;ingr&eacute;s m&iacute;nim vital<\/h2>\n<hr \/>\n<p><\/p>\n<p>\n\tL&rsquo;Institut Nacional de la Seguretat Social reconeixer&agrave; als beneficiaris de la prestaci&oacute; de l&rsquo;ingr&eacute;s m&iacute;nim vital un increment extraordinari del 15% en les mensualitats d&rsquo;abril, maig i juny del 2022.<br \/>\n\tA les llars que el percebin, l&rsquo;increment s&rsquo;aplicar&agrave; incloent el complement d&rsquo;ajuda a la inf&agrave;ncia, vigent des de l&rsquo;1 de gener i que estableix un ajut de 100&euro; per fill menor de 3 anys, 70 euros per a menors entre 3 i 6 anys i 50&euro; per nen menor d&rsquo;entre 6 i 18 anys.<\/p>\n<p>\tEls beneficiaris de l&rsquo;Ingr&eacute;s m&iacute;nim vital que vulguin sol&middot;licitar els bonus social hauran de presentar la documentaci&oacute; necess&agrave;ria davant la comercialitzadora, per b&eacute; que el programa i aplicaci&oacute; telem&agrave;tica que comprova autom&agrave;ticament no est&agrave; en &uacute;s.<\/p>\n<p>\n\t&nbsp;<\/p>\n","protected":false},"excerpt":{"rendered":"<p style=\"text-align: justify;\">\n\tEl BOE del 30\/03\/2022 ha publicat el Reial Decret Llei 06\/2022, de 29 de mar&ccedil;, que contempla un recull de mesures urgents per fer front al pla Nacional de resposta a les conseq&uuml;&egrave;ncies econ&ograve;miques i socials de la guerra d&rsquo;Ucra&iuml;na, les quals es mantindran en vigor fins el 30 de juny de 2022.<\/p>\n","protected":false},"author":2,"featured_media":3826,"comment_status":"open","ping_status":"open","sticky":false,"template":"","format":"standard","meta":{"_acf_changed":false,"_uag_custom_page_level_css":"","_jetpack_memberships_contains_paid_content":false,"footnotes":""},"categories":[18],"tags":[],"class_list":["post-3825","post","type-post","status-publish","format-standard","has-post-thumbnail","hentry","category-assessoria"],"acf":[],"jetpack_featured_media_url":"https:\/\/www.cinc.com\/wp-content\/uploads\/2023\/03\/1072.jpg","uagb_featured_image_src":{"full":["https:\/\/www.cinc.com\/wp-content\/uploads\/2023\/03\/1072.jpg",1113,361,false],"thumbnail":["https:\/\/www.cinc.com\/wp-content\/uploads\/2023\/03\/1072.jpg",150,49,false],"medium":["https:\/\/www.cinc.com\/wp-content\/uploads\/2023\/03\/1072.jpg",300,97,false],"medium_large":["https:\/\/www.cinc.com\/wp-content\/uploads\/2023\/03\/1072.jpg",768,249,false],"large":["https:\/\/www.cinc.com\/wp-content\/uploads\/2023\/03\/1072.jpg",960,311,false],"1536x1536":["https:\/\/www.cinc.com\/wp-content\/uploads\/2023\/03\/1072.jpg",1113,361,false],"2048x2048":["https:\/\/www.cinc.com\/wp-content\/uploads\/2023\/03\/1072.jpg",1113,361,false],"gform-image-choice-sm":["https:\/\/www.cinc.com\/wp-content\/uploads\/2023\/03\/1072.jpg",300,97,false],"gform-image-choice-md":["https:\/\/www.cinc.com\/wp-content\/uploads\/2023\/03\/1072.jpg",400,130,false],"gform-image-choice-lg":["https:\/\/www.cinc.com\/wp-content\/uploads\/2023\/03\/1072.jpg",600,195,false]},"uagb_author_info":{"display_name":"Utrans","author_link":"https:\/\/www.cinc.com\/ca\/author\/utrans\/"},"uagb_comment_info":0,"uagb_excerpt":"El BOE del 30\/03\/2022 ha publicat el Reial Decret Llei 06\/2022, de 29 de mar&ccedil;, que contempla un recull de mesures urgents per fer front al pla Nacional de resposta a les conseq&uuml;&egrave;ncies econ&ograve;miques i socials de la guerra d&rsquo;Ucra&iuml;na, les quals es mantindran en vigor fins el 30 de juny de 2022.","jetpack_sharing_enabled":true,"_links":{"self":[{"href":"https:\/\/www.cinc.com\/ca\/wp-json\/wp\/v2\/posts\/3825","targetHints":{"allow":["GET"]}}],"collection":[{"href":"https:\/\/www.cinc.com\/ca\/wp-json\/wp\/v2\/posts"}],"about":[{"href":"https:\/\/www.cinc.com\/ca\/wp-json\/wp\/v2\/types\/post"}],"author":[{"embeddable":true,"href":"https:\/\/www.cinc.com\/ca\/wp-json\/wp\/v2\/users\/2"}],"replies":[{"embeddable":true,"href":"https:\/\/www.cinc.com\/ca\/wp-json\/wp\/v2\/comments?post=3825"}],"version-history":[{"count":0,"href":"https:\/\/www.cinc.com\/ca\/wp-json\/wp\/v2\/posts\/3825\/revisions"}],"wp:featuredmedia":[{"embeddable":true,"href":"https:\/\/www.cinc.com\/ca\/wp-json\/wp\/v2\/media\/3826"}],"wp:attachment":[{"href":"https:\/\/www.cinc.com\/ca\/wp-json\/wp\/v2\/media?parent=3825"}],"wp:term":[{"taxonomy":"category","embeddable":true,"href":"https:\/\/www.cinc.com\/ca\/wp-json\/wp\/v2\/categories?post=3825"},{"taxonomy":"post_tag","embeddable":true,"href":"https:\/\/www.cinc.com\/ca\/wp-json\/wp\/v2\/tags?post=3825"}],"curies":[{"name":"wp","href":"https:\/\/api.w.org\/{rel}","templated":true}]}}