{"id":3809,"date":"2022-03-21T00:00:00","date_gmt":"2022-03-21T00:00:00","guid":{"rendered":"https:\/\/www.cinc.com\/entrevista-a-aula-magna-business-school\/"},"modified":"2025-05-02T11:48:53","modified_gmt":"2025-05-02T10:48:53","slug":"entrevista-a-aula-magna-business-school","status":"publish","type":"post","link":"https:\/\/www.cinc.com\/ca\/entrevista-a-aula-magna-business-school\/","title":{"rendered":"Entrevista a Aula Magna Business School"},"content":{"rendered":"<p style=\"text-align: justify;\"><strong>Any de creaci\u00f3: <\/strong>2020<br \/>\n<strong>Sector: <\/strong>Formaci\u00f3 executiva<br \/>\n<strong>Ubicaci\u00f3:<\/strong> Barcelona<br \/>\n<strong>Web: <\/strong>https:\/\/aulamagnabs.com\/<\/p>\n<p style=\"text-align: justify;\">Entrevistem la Clara Lapiedra, CEO i fundadora d&#8217;Aula Magna Business School i <a href=\"https:\/\/www.wompreneur.com\/\" target=\"_blank\" rel=\"noopener\">Wompreneur.<\/a><\/p>\n<p style=\"text-align: justify;\"><strong>Qu\u00e8 \u00e9s, quan i amb quins objectius es va fundar Aula Magna Business School?<\/strong><\/p>\n<p>Estant entre la minoria d&#8217;alumnes dones a les aules de les principals escoles de negocis d&#8217;aquest pa\u00eds, em vaig adonar que hi havia marge per a renovar el sector de les escoles de negoci: casos actualitzats, enfocament molt m\u00e9s f\u00e0cil i flexible per a consumir, contingut d&#8217;aplicaci\u00f3 molt m\u00e9s immediata&#8230; I ja posades, vaig pensar a fer-ho, a m\u00e9s, per a dones.<\/p>\n<p><strong>Quina filosofia i valors segueix Aula Magna?<\/strong><\/p>\n<p>Segueix els valors de la integritat, l&#8217;afany i el treball en equip. Hem creat una comunitat de dones solid\u00e0ries, que es donen la m\u00e0, que es tiren cables, que s&#8217;arromanguen per ajudar i que s&#8217;alegren dels \u00e8xits de les seves companyes. Els nostres tres pilars s\u00f3n la sostenibilitat, la internacionalitzaci\u00f3 i l&#8217;entorn digital. Aquests pilars s\u00f3n presents de manera transversal en tots els nostres processos.<\/p>\n<p><strong>Quins s\u00f3n els serveis que oferiu?<\/strong><\/p>\n<p>Oferim una doble vessant de serveis: d&#8217;una banda, l&#8217;aprenentatge en si. I per un altre, l&#8217;acc\u00e9s vitalici a una comunitat de dones molt actives i compromeses. Els programes que oferim encaixen amb les necessitats priorit\u00e0ries dels comit\u00e8s de direcci\u00f3: diversitat, digitalitzaci\u00f3 i sostenibilitat, per\u00f2 amb la nostra f\u00f3rmula de l&#8217;\u00e8xit. Molt aviat, tamb\u00e9, llan\u00e7arem una comunitat per a emprenedores, on puguin emprendre en xarxa.<\/p>\n<p><strong>Quina \u00e9s la vostra metodologia de treball?<\/strong><\/p>\n<p>Hem creat un propi model d&#8217;elearning que es val de la tecnologia i la digitalitzaci\u00f3 per a maximitzar l&#8217;experi\u00e8ncia de la usu\u00e0ria. En el nostre m\u00e8tode hi ha una part d&#8217;interacci\u00f3 en directe amb companyes, amb la Program Manager i amb les professores, per\u00f2 tamb\u00e9 hi ha una gran part de treball que cal desenvolupar des del propi eCampus, al ritme i en el moment en qu\u00e8 li ve millor a cadascuna. L&#8217;avan\u00e7 de les participants est\u00e0 ludificat i cada setmana es comenta com va el podi i el carboni estalviat en despla\u00e7aments, en funci\u00f3 de les hores de connexi\u00f3 totals.<\/p>\n<p><strong>Partint de la base que Aula Magna treballa amb i per a dones, ens podeu explicar el per qu\u00e8 i com \u00e9s l&#8217;experi\u00e8ncia de treballar amb elles?<\/strong><\/p>\n<p>No considerem que sigui millor ni pitjor amb aquest enfocament, per\u00f2 s\u00ed que estem conven\u00e7udes d&#8217;haver pogut crear un programa que s&#8217;ajusta a les seves necessitats en fons i forma.<\/p>\n<p><strong>Hem vist que Aula Magna va tenir la iniciativa Wompreneur, ens podeu explicar una mica m\u00e9s sobre aquesta comunitat de dones?<\/strong><\/p>\n<p>Wompreneur es va fundar en 2019 i ha aconseguit reunir una \u00e0mplia base de dades d&#8217;emprenedores a Espanya. Inicialment f\u00e8iem trobades i cursos offline, i ara estem treballant a llan\u00e7ar el millor programa d&#8217;emprenedoria en l\u00ednia a escala internacional, amb participaci\u00f3 d&#8217;emprenedores molt diverses, algunes fins i tot molt medi\u00e0tiques. Hi haur\u00e0 sorpreses!<\/p>\n<p><strong>Quin consell li donaries a una dona que vol comen\u00e7ar un projecte emprenedor?<\/strong><\/p>\n<p>El mateix que li diria a qualsevol home: que no li doni moltes voltes i es llanci. Que quan abans es llanci, abans tindr\u00e0 opinions, bones i dolentes, que ha d&#8217;estar disposada a escoltar per a aconseguir el que anomenem el product-*market fit; \u00e9s a dir, el producte que encaixa amb el que busca el mercat. I que persisteixi, que no es doblegui davant qualsevol negativa perqu\u00e8 despr\u00e9s d&#8217;un pla A, hi ha un pla B, C, D i fins a m\u00faltiples lletres i escenaris. Aquesta persist\u00e8ncia s&#8217;entrena i es far\u00e0 cada vegada major. S\u00e9 del que parlo.<\/p>\n<p><strong>Com creus que ser\u00e0 el futur laboral de les pr\u00f2ximes generacions de dones?<\/strong><\/p>\n<p>Estem treballant intensament perqu\u00e8 els models m\u00e9s inclusius (de formaci\u00f3, de teletreball, de tot) siguin una realitat. No sols per a dones sin\u00f3 per a tota la societat. D&#8217;aquesta manera, les dones no hauran de fer ren\u00fancies i donar explicacions que ara han de donar, per desgr\u00e0cia, encara en molts casos.<\/p>\n<p><strong>Finalment, qu\u00e8 \u00e9s el que m\u00e9s valoreu de l&#8217;experi\u00e8ncia d&#8217;haver treballat amb CINC Assessoria i el programa 1Dia1Empresa?<\/strong><\/p>\n<p>Ja fa molts anys que conec el programa i l&#8217;he recomanat en multitud d&#8217;ocasions. Els seus usuaris han quedat sempre molt satisfets. Aix\u00ed que a l&#8217;hora que em va tocar a mi fundar la meva empresa, no ho vaig dubtar. No solament pel suport de la Neus Coll, com del departament de finances amb en David Quintanilla o en Josep Turpin, la F\u00e1tima Dur\u00e1n en esdeveniments i, sobretot, de la Sandra Ballell a laboral. La professionalitat de tot l&#8217;equip em deixa molt tranquil\u00b7la, perqu\u00e8 \u00e9s realment com tenir al meu propi personal expert intern. Donen respostes r\u00e0pides i professionals.<\/p>\n","protected":false},"excerpt":{"rendered":"<p style=\"text-align: justify;\">\n\tEstant entre la minoria d&#39;alumnes dones a les aules de les principals escoles de negocis d&#39;aquest pa&iacute;s, em vaig adonar que hi havia marge per a renovar el sector de les escoles de negoci: casos actualitzats, enfocament molt m&eacute;s f&agrave;cil i flexible per a consumir, contingut d&#39;aplicaci&oacute; molt m&eacute;s immediata&#8230; I ja posades, vaig pensar a fer-ho, a m&eacute;s, per a dones.<\/p>\n","protected":false},"author":2,"featured_media":3810,"comment_status":"open","ping_status":"open","sticky":false,"template":"","format":"standard","meta":{"_acf_changed":false,"_uag_custom_page_level_css":"","_jetpack_memberships_contains_paid_content":false,"footnotes":""},"categories":[19],"tags":[],"class_list":["post-3809","post","type-post","status-publish","format-standard","has-post-thumbnail","hentry","category-entrevistes"],"acf":[],"jetpack_featured_media_url":"https:\/\/www.cinc.com\/wp-content\/uploads\/2023\/03\/1068.jpg","uagb_featured_image_src":{"full":["https:\/\/www.cinc.com\/wp-content\/uploads\/2023\/03\/1068.jpg",1113,361,false],"thumbnail":["https:\/\/www.cinc.com\/wp-content\/uploads\/2023\/03\/1068.jpg",150,49,false],"medium":["https:\/\/www.cinc.com\/wp-content\/uploads\/2023\/03\/1068.jpg",300,97,false],"medium_large":["https:\/\/www.cinc.com\/wp-content\/uploads\/2023\/03\/1068.jpg",768,249,false],"large":["https:\/\/www.cinc.com\/wp-content\/uploads\/2023\/03\/1068.jpg",960,311,false],"1536x1536":["https:\/\/www.cinc.com\/wp-content\/uploads\/2023\/03\/1068.jpg",1113,361,false],"2048x2048":["https:\/\/www.cinc.com\/wp-content\/uploads\/2023\/03\/1068.jpg",1113,361,false],"gform-image-choice-sm":["https:\/\/www.cinc.com\/wp-content\/uploads\/2023\/03\/1068.jpg",300,97,false],"gform-image-choice-md":["https:\/\/www.cinc.com\/wp-content\/uploads\/2023\/03\/1068.jpg",400,130,false],"gform-image-choice-lg":["https:\/\/www.cinc.com\/wp-content\/uploads\/2023\/03\/1068.jpg",600,195,false]},"uagb_author_info":{"display_name":"Utrans","author_link":"https:\/\/www.cinc.com\/ca\/author\/utrans\/"},"uagb_comment_info":0,"uagb_excerpt":"Estant entre la minoria d&#39;alumnes dones a les aules de les principals escoles de negocis d&#39;aquest pa&iacute;s, em vaig adonar que hi havia marge per a renovar el sector de les escoles de negoci: casos actualitzats, enfocament molt m&eacute;s f&agrave;cil i flexible per a consumir, contingut d&#39;aplicaci&oacute; molt m&eacute;s immediata... I ja posades, vaig pensar&hellip;","jetpack_sharing_enabled":true,"_links":{"self":[{"href":"https:\/\/www.cinc.com\/ca\/wp-json\/wp\/v2\/posts\/3809","targetHints":{"allow":["GET"]}}],"collection":[{"href":"https:\/\/www.cinc.com\/ca\/wp-json\/wp\/v2\/posts"}],"about":[{"href":"https:\/\/www.cinc.com\/ca\/wp-json\/wp\/v2\/types\/post"}],"author":[{"embeddable":true,"href":"https:\/\/www.cinc.com\/ca\/wp-json\/wp\/v2\/users\/2"}],"replies":[{"embeddable":true,"href":"https:\/\/www.cinc.com\/ca\/wp-json\/wp\/v2\/comments?post=3809"}],"version-history":[{"count":1,"href":"https:\/\/www.cinc.com\/ca\/wp-json\/wp\/v2\/posts\/3809\/revisions"}],"predecessor-version":[{"id":29820,"href":"https:\/\/www.cinc.com\/ca\/wp-json\/wp\/v2\/posts\/3809\/revisions\/29820"}],"wp:featuredmedia":[{"embeddable":true,"href":"https:\/\/www.cinc.com\/ca\/wp-json\/wp\/v2\/media\/3810"}],"wp:attachment":[{"href":"https:\/\/www.cinc.com\/ca\/wp-json\/wp\/v2\/media?parent=3809"}],"wp:term":[{"taxonomy":"category","embeddable":true,"href":"https:\/\/www.cinc.com\/ca\/wp-json\/wp\/v2\/categories?post=3809"},{"taxonomy":"post_tag","embeddable":true,"href":"https:\/\/www.cinc.com\/ca\/wp-json\/wp\/v2\/tags?post=3809"}],"curies":[{"name":"wp","href":"https:\/\/api.w.org\/{rel}","templated":true}]}}