{"id":3789,"date":"2022-03-10T00:00:00","date_gmt":"2022-03-10T00:00:00","guid":{"rendered":"https:\/\/www.cinc.com\/mesures-de-proteccio-temporal-a-espanya-pels-ucrainesos-desplacats\/"},"modified":"2022-03-10T00:00:00","modified_gmt":"2022-03-10T00:00:00","slug":"mesures-de-proteccio-temporal-a-espanya-pels-ucrainesos-desplacats","status":"publish","type":"post","link":"https:\/\/www.cinc.com\/ca\/mesures-de-proteccio-temporal-a-espanya-pels-ucrainesos-desplacats\/","title":{"rendered":"Mesures de protecci\u00f3 temporal a Espanya pels ucra\u00efnesos despla\u00e7ats"},"content":{"rendered":"<div style=\"text-align: justify;\">\n<div>\n\t\tEl Govern d&#39;Espanya ha aprovat un acord que permetr&agrave; als ciutadans d&#39;Ucra&iuml;na afectats pel conflicte acollir-se des del 10 de mar&ccedil; a una s&egrave;rie de mesures de protecci&oacute; temporals, recollides en la Directiva europea 2001\/55\/CE. Aquest protocol facilitar&agrave;, a m&eacute;s, la regularitzaci&oacute; de les persones de nacionalitat ucra&iuml;nesa que ja resideixen a Espanya, en permetre&#39;ls l&#39;acc&eacute;s autom&agrave;tic al perm&iacute;s de treball i resid&egrave;ncia.<\/div>\n<div>\n\t\t&nbsp;<\/div>\n<div>\n<div>\n\t\t\tAquesta protecci&oacute; temporal es podr&agrave; sol&middot;licitar des de comissaries espec&iacute;fiques de la Policia Nacional, aix&iacute; com en centres de recepci&oacute; habilitats. Les persones sol&middot;licitants podran accedir a aquests punts, on els funcionaris de la Policia prendran les seves dades i se&#39;ls expedir&agrave; un resguard acreditatiu en la seva sol&middot;licitud de protecci&oacute;, en el qual figurar&agrave; un NIE assignat.<\/div>\n<div>\n\t\t\t&nbsp;<\/div>\n<div>\n\t\t\tA l&#39;espera de disposar de m&eacute;s informaci&oacute; detallada sobre aquest protocol, exposem les principals q&uuml;estions clau.<\/div>\n<div>\n\t\t\t&nbsp;<\/div>\n<div>\n<div>\n<h2 class='h2Noticia'>Quins requisits han de complir les persones despla&ccedil;ades d&#39;Ucra&iuml;na per a poder entrar a Espanya?<\/h2>\n<hr\/>\n<\/div>\n<div>\n<ul>\n<li>\n\t\t\t\t\t\tNo necessiten sol&middot;licitar un visat si disposen de passaport biom&egrave;tric.<\/li>\n<li>\n\t\t\t\t\t\tSi no disposen de passaport biom&egrave;tric ni documents de viatge, poden dirigir-se a una oficina consular lim&iacute;trofa amb Ucra&iuml;na perqu&egrave; puguin estudiar la seva situaci&oacute;.<\/li>\n<li>\n\t\t\t\t\t\tSi no disposen de passaport ni un altre document de viatge, hauran de demostrar la seva identitat mitjan&ccedil;ant algun document que acrediti la resid&egrave;ncia a Ucra&iuml;na abans del 24 de febrer de 2022.<\/li>\n<li>\n\t\t\t\t\t\tPer als menors d&#39;edat, hauran de mostrar un certificat que acrediti la vinculaci&oacute; familiar o la relaci&oacute; amb els tutors o persones que acompanyen al menor i es troben a c&agrave;rrec d&#39;ell.<\/li>\n<\/ul>\n<div>\n<h2 class='h2Noticia'>Quines mesures de protecci&oacute; temporal per a les persones despla&ccedil;ades preveu aquest acord?<\/h2>\n<hr\/>\n<\/div>\n<div>\n<div>\n\t\t\t\t\t\tLa Directiva 2001\/55\/CE sobre protecci&oacute; de persones despla&ccedil;ades permet als ucra&iuml;nesos despla&ccedil;ats residir, treballar o estudiar a la Uni&oacute; Europea un any prorrogable fins a tres anys, sense necessitat de demanar asil. Aquest perm&iacute;s de treball i resid&egrave;ncia ser&agrave; v&agrave;lid durant tota la durada de la protecci&oacute;.<\/div>\n<div>\n\t\t\t\t\t\t&nbsp;<\/div>\n<div>\n\t\t\t\t\t\tLes persones benefici&agrave;ries d&#39;aquesta protecci&oacute;, podran gaudir dels seg&uuml;ents drets:<\/div>\n<div>\n<ul>\n<li>\n\t\t\t\t\t\t\t\tTreballar per compte propi o ali&egrave;<\/li>\n<li>\n\t\t\t\t\t\t\t\tAccedir a les prestacions previstes en el sistema d&#39;acollida<\/li>\n<li>\n\t\t\t\t\t\t\t\tAtenci&oacute; m&egrave;dica<\/li>\n<li>\n\t\t\t\t\t\t\t\tEls menors de 18 anys tindran dret a accedir a l&#39;educaci&oacute; en les mateixes condicions que els nacionals del pa&iacute;s de la UE d&#39;acolliment<\/li>\n<\/ul><\/div>\n<\/p><\/div>\n<\/p><\/div>\n<\/p><\/div>\n<\/p><\/div>\n<\/div>\n<div style=\"text-align: justify;\">\n<h2 class='h2Noticia'>En qu&egrave; consisteix el procediment d&#39;acolliment per a persones despla&ccedil;ades?<\/h2>\n<hr\/>\n<\/div>\n<div>\n<div style=\"text-align: justify;\">\n\t\tAquelles persones que no disposin de recursos econ&ograve;mics podran sol&middot;licitar accedir al Sistema d&#39;Acolliment, sempre que compleixin els seg&uuml;ents requisits:<\/div>\n<div>\n<ul>\n<li style=\"text-align: justify;\">\n\t\t\t\tHagin estat persones despla&ccedil;ades d&#39;Ucra&iuml;na a partir del 24 de febrer de 2022 a conseq&uuml;&egrave;ncia de la invasi&oacute; russa.<\/li>\n<li style=\"text-align: justify;\">\n\t\t\t\tPersones que es trobin a Espanya despr&eacute;s d&#39;esclatar el conflicte i que no hagin pogut tornar al seu pa&iacute;s.<\/li>\n<li style=\"text-align: justify;\">\n\t\t\t\tS&#39;inclouen en aquests dos casos les persones nacionals d&#39;Ucra&iuml;na de llarga durada amb les seves fam&iacute;lies. El sistema preveu una metodologia d&#39;intervenci&oacute; d&#39;itineraris per fases, segons el grau d&#39;autonomia que vagin adquirint les persones destinat&agrave;ries.<\/li>\n<\/ul><\/div>\n<\/div>\n<div style=\"text-align: justify;\">\n<h2 class='h2Noticia'>Qu&egrave; passa amb les persones de nacionalitat ucra&iuml;nesa que portaven menys de 90 dies a Espanya abans del 24 de febrer?<\/h2>\n<hr\/>\n<\/div>\n<div>\n<div style=\"text-align: justify;\">\n\t\tSi aquestes persones porten menys de 90 dies al pa&iacute;s, la seva situaci&oacute; continuar&agrave; sent regular en trobar-se en zona Schengen. El r&egrave;gim de protecci&oacute; temporal tindr&agrave; en compte la seva situaci&oacute; abans del 24 de febrer, ja sigui per viatge de turisme, estudis o negocis, i vegin impossibilitat el seu retorn a Ucra&iuml;na.<\/div>\n<div>\n\t\t&nbsp;<\/div>\n<\/div>\n<p>\n\t&nbsp;<\/p>\n","protected":false},"excerpt":{"rendered":"<div style=\"text-align: justify;\">\n<div>\n\t\tEl Govern d&#39;Espanya ha aprovat un acord que permetr&agrave; als ciutadans d&#39;Ucra&iuml;na afectats pel conflicte acollir-se des del 10 de mar&ccedil; a una s&egrave;rie de mesures de protecci&oacute; temporals, recollides en la Directiva europea 2001\/55\/CE. Aquest protocol facilitar&agrave;, a m&eacute;s, la regularitzaci&oacute; de les persones de nacionalitat ucra&iuml;nesa que ja resideixen a Espanya, en permetre&#39;ls l&#39;acc&eacute;s autom&agrave;tic al perm&iacute;s de treball i resid&egrave;ncia.<\/div>\n<div>\n\t\t&nbsp;<\/div>\n<\/div>\n<p>\n\t&nbsp;<\/p>\n","protected":false},"author":2,"featured_media":3790,"comment_status":"open","ping_status":"open","sticky":false,"template":"","format":"standard","meta":{"_acf_changed":false,"_uag_custom_page_level_css":"","_jetpack_memberships_contains_paid_content":false,"footnotes":""},"categories":[18],"tags":[],"class_list":["post-3789","post","type-post","status-publish","format-standard","has-post-thumbnail","hentry","category-assessoria"],"acf":[],"jetpack_featured_media_url":"https:\/\/www.cinc.com\/wp-content\/uploads\/2023\/03\/1064.jpg","uagb_featured_image_src":{"full":["https:\/\/www.cinc.com\/wp-content\/uploads\/2023\/03\/1064.jpg",1113,361,false],"thumbnail":["https:\/\/www.cinc.com\/wp-content\/uploads\/2023\/03\/1064.jpg",150,49,false],"medium":["https:\/\/www.cinc.com\/wp-content\/uploads\/2023\/03\/1064.jpg",300,97,false],"medium_large":["https:\/\/www.cinc.com\/wp-content\/uploads\/2023\/03\/1064.jpg",768,249,false],"large":["https:\/\/www.cinc.com\/wp-content\/uploads\/2023\/03\/1064.jpg",960,311,false],"1536x1536":["https:\/\/www.cinc.com\/wp-content\/uploads\/2023\/03\/1064.jpg",1113,361,false],"2048x2048":["https:\/\/www.cinc.com\/wp-content\/uploads\/2023\/03\/1064.jpg",1113,361,false],"gform-image-choice-sm":["https:\/\/www.cinc.com\/wp-content\/uploads\/2023\/03\/1064.jpg",300,97,false],"gform-image-choice-md":["https:\/\/www.cinc.com\/wp-content\/uploads\/2023\/03\/1064.jpg",400,130,false],"gform-image-choice-lg":["https:\/\/www.cinc.com\/wp-content\/uploads\/2023\/03\/1064.jpg",600,195,false]},"uagb_author_info":{"display_name":"Utrans","author_link":"https:\/\/www.cinc.com\/ca\/author\/utrans\/"},"uagb_comment_info":0,"uagb_excerpt":"El Govern d&#39;Espanya ha aprovat un acord que permetr&agrave; als ciutadans d&#39;Ucra&iuml;na afectats pel conflicte acollir-se des del 10 de mar&ccedil; a una s&egrave;rie de mesures de protecci&oacute; temporals, recollides en la Directiva europea 2001\/55\/CE. Aquest protocol facilitar&agrave;, a m&eacute;s, la regularitzaci&oacute; de les persones de nacionalitat ucra&iuml;nesa que ja resideixen a Espanya, en permetre&#39;ls&hellip;","jetpack_sharing_enabled":true,"_links":{"self":[{"href":"https:\/\/www.cinc.com\/ca\/wp-json\/wp\/v2\/posts\/3789","targetHints":{"allow":["GET"]}}],"collection":[{"href":"https:\/\/www.cinc.com\/ca\/wp-json\/wp\/v2\/posts"}],"about":[{"href":"https:\/\/www.cinc.com\/ca\/wp-json\/wp\/v2\/types\/post"}],"author":[{"embeddable":true,"href":"https:\/\/www.cinc.com\/ca\/wp-json\/wp\/v2\/users\/2"}],"replies":[{"embeddable":true,"href":"https:\/\/www.cinc.com\/ca\/wp-json\/wp\/v2\/comments?post=3789"}],"version-history":[{"count":0,"href":"https:\/\/www.cinc.com\/ca\/wp-json\/wp\/v2\/posts\/3789\/revisions"}],"wp:featuredmedia":[{"embeddable":true,"href":"https:\/\/www.cinc.com\/ca\/wp-json\/wp\/v2\/media\/3790"}],"wp:attachment":[{"href":"https:\/\/www.cinc.com\/ca\/wp-json\/wp\/v2\/media?parent=3789"}],"wp:term":[{"taxonomy":"category","embeddable":true,"href":"https:\/\/www.cinc.com\/ca\/wp-json\/wp\/v2\/categories?post=3789"},{"taxonomy":"post_tag","embeddable":true,"href":"https:\/\/www.cinc.com\/ca\/wp-json\/wp\/v2\/tags?post=3789"}],"curies":[{"name":"wp","href":"https:\/\/api.w.org\/{rel}","templated":true}]}}