{"id":3769,"date":"2022-03-02T00:00:00","date_gmt":"2022-03-02T00:00:00","guid":{"rendered":"https:\/\/www.cinc.com\/extensio-de-la-prorroga-dels-erto-fins-al-31-de-marc\/"},"modified":"2022-03-02T00:00:00","modified_gmt":"2022-03-02T00:00:00","slug":"extensio-de-la-prorroga-dels-erto-fins-al-31-de-marc","status":"publish","type":"post","link":"https:\/\/www.cinc.com\/ca\/extensio-de-la-prorroga-dels-erto-fins-al-31-de-marc\/","title":{"rendered":"Extensi\u00f3 de la pr\u00f2rroga dels ERTO fins al 31 de mar\u00e7"},"content":{"rendered":"<div style=\"text-align: justify;\">\n\tEl 28 de febrer finalitza la pr&ograve;rroga dels Expedients de Regulaci&oacute; Temporal de l&#39;Ocupaci&oacute; (ERTOs) vinculats a la pand&egrave;mia. Tal com inform&agrave;vem en la nostra circular <a href=\"https:\/\/www.cinc.com\/ca\/noticia\/les-claus-de-la-nova-reforma-del-mercat-laboral-\" target=\"_blank\" rel=\"noopener\">Les claus de la nova reforma del mercat laboral<\/a>, del 4 de gener, un dels aspectes m&eacute;s cridaners de la reforma laboral s&oacute;n els nous mecanismes de Flexibilitat interna i Estabilitzaci&oacute; de l&#39;Ocupaci&oacute;, contemplats en el Reial decret llei 32\/2021 del 28\/12\/2021, i que resumim a continuaci&oacute;:<\/div>\n<div style=\"text-align: justify;\">\n\t&nbsp;<\/div>\n<div>\n<div style=\"text-align: justify;\">\n\t\t1. Els ERTOs actuals es prorroguen autom&agrave;ticament fins al 31\/03\/2022.<\/div>\n<div style=\"text-align: justify;\">\n\t\t&nbsp;<\/div>\n<div>\n<div style=\"text-align: justify;\">\n\t\t\t2. A partir del 31\/03\/2022 entra en vigor un nou ERTO anomenat Mecanisme Red, que es desglossar&agrave; segons dues modalitats:&nbsp;<\/div>\n<div style=\"text-align: justify;\">\n\t\t\t&nbsp;<\/div>\n<div>\n<div style=\"text-align: justify;\">\n\t\t\t\ta) C&iacute;clica: Quan per temes conjunturals i macroecon&ograve;mics s&#39;aconsellin l&#39;aplicaci&oacute; de mesures addicionals d&#39;estabilitzaci&oacute;, amb una durada m&agrave;xima d&#39;un any.<\/div>\n<div style=\"text-align: justify;\">\n\t\t\t\t&nbsp;<\/div>\n<div style=\"text-align: justify;\">\n\t\t\t\tb)&nbsp;Sectorial: Quan en un determinat sector o sectors d&#39;activitat s&#39;apreci&iuml;n canvis permanents que generin necessitats i processos de requalificaci&oacute; professionals dels treballadors. Es fixen com a causa estructural i diferenciada dels ERTO per for&ccedil;a major les limitacions del desenvolupament habitual de l&#39;activitat per decisi&oacute; de l&#39;autoritat competent (per exemple: ag&egrave;ncies de viatges). Tindr&agrave; una durada m&agrave;xima d&#39;un any i la possibilitat de 2 pr&ograve;rrogues de 6 mesos cadascuna.<\/div>\n<div style=\"text-align: justify;\">\n\t\t\t\t&nbsp;<\/div>\n<div>\n<div style=\"text-align: justify;\">\n\t\t\t\t\tDurant aquest mes de transici&oacute;, les empreses podran sol&middot;licitar el canvi a un ERTO ETOP (per causes econ&ograve;miques, t&egrave;cniques, organitzatives o de producci&oacute;) d&#39;acord amb la nova redacci&oacute; dels articles 47 i 47bis de l&#39;Estatut de Treballadors.<\/div>\n<div style=\"text-align: justify;\">\n\t\t\t\t\t&nbsp;<\/div>\n<div>\n<div style=\"text-align: justify;\">\n\t\t\t\t\t\t3. Les exoneracions en quotes a la Seguretat Social queden de la seg&uuml;ent forma:<\/div>\n<div style=\"text-align: justify;\">\n\t\t\t\t\t\t&nbsp;<\/div>\n<div style=\"text-align: justify;\">\n\t\t\t\t\t\ta) Per als ERTOs per impediment en l&#39;activitat: l&#39;exoneraci&oacute; ser&agrave; del 90%.<\/div>\n<div style=\"text-align: justify;\">\n\t\t\t\t\t\t&nbsp;<\/div>\n<div style=\"text-align: justify;\">\n\t\t\t\t\t\tb) En els ERTOs per limitaci&oacute;, els de for&ccedil;a major que transitin a ERTOs ETOP, i sectors amb dificultat:<\/div>\n<div style=\"text-align: justify;\">\n\t\t\t\t\t\t&nbsp;<\/div>\n<ul>\n<li style=\"text-align: justify;\">\n\t\t\t\t\t\t\tPer a empreses que realitzin formaci&oacute;: passen del 80% al 60%.<\/li>\n<li style=\"text-align: justify;\">\n\t\t\t\t\t\t\tPer a empreses que no realitzin formaci&oacute;:<\/li>\n<li style=\"text-align: justify;\">\n\t\t\t\t\t\t\tSi tens 10 o m&eacute;s treballadors\/as canvien del 40% al 20%.<\/li>\n<li style=\"text-align: justify;\">\n\t\t\t\t\t\t\tSi tens menys de 10 treballadors\/as canvien del 50% al 30%.<\/li>\n<\/ul>\n<p style=\"text-align: justify;\">\n\t\t\t\t\t\t&nbsp;<\/p>\n<h2 class=\"h2Noticia\">\n\t\t\t\t\t\tAltres pr&ograve;rrogues: ajuts d&#39;aut&ograve;noms i Pla &quot;Me cuida&quot;<\/h2>\n<hr \/>\n<p>\n\t\t\t\t\t\t<strong style=\"text-align: justify;\">Ajuts d&#39;aut&ograve;noms<\/strong><\/p>\n<div>\n<div style=\"text-align: justify;\">\n\t\t\t\t\t\t\tEs prorroguen els ajuts a aut&ograve;noms a partir del 01\/03\/2022.<\/div>\n<div style=\"text-align: justify;\">\n\t\t\t\t\t\t\t&nbsp;<\/div>\n<div style=\"text-align: justify;\">\n\t\t\t\t\t\t\tPer als aut&ograve;noms que estan cobrant la prestaci&oacute; per cessament d&#39;activitat, aquests ajuts finalitzen el 28\/02\/2022, per&ograve; tindran dret a una exempci&oacute; en l&#39;obligaci&oacute; de cotitzar, segons el mes:<\/div>\n<div style=\"text-align: justify;\">\n\t\t\t\t\t\t\t&nbsp;<\/div>\n<ul>\n<li style=\"text-align: justify;\">\n\t\t\t\t\t\t\t\t90% al mar&ccedil;<\/li>\n<li style=\"text-align: justify;\">\n\t\t\t\t\t\t\t\t75% a l&#39;abril<\/li>\n<li style=\"text-align: justify;\">\n\t\t\t\t\t\t\t\t50% al maig<\/li>\n<li style=\"text-align: justify;\">\n\t\t\t\t\t\t\t\t25% al juny<\/li>\n<\/ul>\n<div style=\"text-align: justify;\">\n\t\t\t\t\t\t\tPerqu&egrave; siguin aplicables aquests beneficis en la cotitzaci&oacute; dels treballadors aut&ograve;noms, han de mantenir-se en alta fins al 30 de juny de 2022.<\/div>\n<div style=\"text-align: justify;\">\n\t\t\t\t\t\t\t&nbsp;<\/div>\n<div style=\"text-align: justify;\">\n\t\t\t\t\t\t\t<strong>Pla &quot;Me cuida&quot;<\/strong><\/div>\n<div style=\"text-align: justify;\">\n\t\t\t\t\t\t\t&nbsp;<\/div>\n<div style=\"text-align: justify;\">\n\t\t\t\t\t\t\tEs prorroga fins a 30\/06\/2022 el Pla &quot;Me cuida&quot;, que contempla mesures especials perqu&egrave; els\/les treballadors\/as puguin adaptar o reduir la seva jornada per circumst&agrave;ncies derivades de la pand&egrave;mia.<\/div>\n<\/p><\/div>\n<\/p><\/div>\n<\/p><\/div>\n<\/p><\/div>\n<\/p><\/div>\n<\/div>\n<p>\n\t&nbsp;<\/p>\n","protected":false},"excerpt":{"rendered":"<div style=\"text-align: justify;\">\n\tEl 28 de febrer finalitza la pr&ograve;rroga dels Expedients de Regulaci&oacute; Temporal de l&#39;Ocupaci&oacute; (ERTOs) vinculats a la pand&egrave;mia. Tal com inform&agrave;vem en la nostra circular Les claus de la nova reforma del mercat laboral, del 4 de gener, un dels aspectes m&eacute;s cridaners de la reforma laboral s&oacute;n els nous mecanismes de Flexibilitat interna i Estabilitzaci&oacute; de l&#39;Ocupaci&oacute;, contemplats en el Reial decret llei 32\/2021 del 28\/12\/2021, i que resumim a continuaci&oacute;:<\/div>\n<div>\n\t&nbsp;<\/div>\n","protected":false},"author":2,"featured_media":3770,"comment_status":"open","ping_status":"open","sticky":false,"template":"","format":"standard","meta":{"_acf_changed":false,"_uag_custom_page_level_css":"","_jetpack_memberships_contains_paid_content":false,"footnotes":""},"categories":[18],"tags":[],"class_list":["post-3769","post","type-post","status-publish","format-standard","has-post-thumbnail","hentry","category-assessoria"],"acf":[],"jetpack_featured_media_url":"https:\/\/www.cinc.com\/wp-content\/uploads\/2023\/03\/1060.jpg","uagb_featured_image_src":{"full":["https:\/\/www.cinc.com\/wp-content\/uploads\/2023\/03\/1060.jpg",1113,361,false],"thumbnail":["https:\/\/www.cinc.com\/wp-content\/uploads\/2023\/03\/1060.jpg",150,49,false],"medium":["https:\/\/www.cinc.com\/wp-content\/uploads\/2023\/03\/1060.jpg",300,97,false],"medium_large":["https:\/\/www.cinc.com\/wp-content\/uploads\/2023\/03\/1060.jpg",768,249,false],"large":["https:\/\/www.cinc.com\/wp-content\/uploads\/2023\/03\/1060.jpg",960,311,false],"1536x1536":["https:\/\/www.cinc.com\/wp-content\/uploads\/2023\/03\/1060.jpg",1113,361,false],"2048x2048":["https:\/\/www.cinc.com\/wp-content\/uploads\/2023\/03\/1060.jpg",1113,361,false],"gform-image-choice-sm":["https:\/\/www.cinc.com\/wp-content\/uploads\/2023\/03\/1060.jpg",300,97,false],"gform-image-choice-md":["https:\/\/www.cinc.com\/wp-content\/uploads\/2023\/03\/1060.jpg",400,130,false],"gform-image-choice-lg":["https:\/\/www.cinc.com\/wp-content\/uploads\/2023\/03\/1060.jpg",600,195,false]},"uagb_author_info":{"display_name":"Utrans","author_link":"https:\/\/www.cinc.com\/ca\/author\/utrans\/"},"uagb_comment_info":0,"uagb_excerpt":"El 28 de febrer finalitza la pr&ograve;rroga dels Expedients de Regulaci&oacute; Temporal de l&#39;Ocupaci&oacute; (ERTOs) vinculats a la pand&egrave;mia. Tal com inform&agrave;vem en la nostra circular Les claus de la nova reforma del mercat laboral, del 4 de gener, un dels aspectes m&eacute;s cridaners de la reforma laboral s&oacute;n els nous mecanismes de Flexibilitat interna&hellip;","jetpack_sharing_enabled":true,"_links":{"self":[{"href":"https:\/\/www.cinc.com\/ca\/wp-json\/wp\/v2\/posts\/3769","targetHints":{"allow":["GET"]}}],"collection":[{"href":"https:\/\/www.cinc.com\/ca\/wp-json\/wp\/v2\/posts"}],"about":[{"href":"https:\/\/www.cinc.com\/ca\/wp-json\/wp\/v2\/types\/post"}],"author":[{"embeddable":true,"href":"https:\/\/www.cinc.com\/ca\/wp-json\/wp\/v2\/users\/2"}],"replies":[{"embeddable":true,"href":"https:\/\/www.cinc.com\/ca\/wp-json\/wp\/v2\/comments?post=3769"}],"version-history":[{"count":0,"href":"https:\/\/www.cinc.com\/ca\/wp-json\/wp\/v2\/posts\/3769\/revisions"}],"wp:featuredmedia":[{"embeddable":true,"href":"https:\/\/www.cinc.com\/ca\/wp-json\/wp\/v2\/media\/3770"}],"wp:attachment":[{"href":"https:\/\/www.cinc.com\/ca\/wp-json\/wp\/v2\/media?parent=3769"}],"wp:term":[{"taxonomy":"category","embeddable":true,"href":"https:\/\/www.cinc.com\/ca\/wp-json\/wp\/v2\/categories?post=3769"},{"taxonomy":"post_tag","embeddable":true,"href":"https:\/\/www.cinc.com\/ca\/wp-json\/wp\/v2\/tags?post=3769"}],"curies":[{"name":"wp","href":"https:\/\/api.w.org\/{rel}","templated":true}]}}