{"id":3672,"date":"2021-12-20T00:00:00","date_gmt":"2021-12-20T00:00:00","guid":{"rendered":"https:\/\/www.cinc.com\/ciberatacs-i-tractament-de-dades-personals\/"},"modified":"2025-05-02T11:44:52","modified_gmt":"2025-05-02T10:44:52","slug":"ciberatacs-i-tractament-de-dades-personals","status":"publish","type":"post","link":"https:\/\/www.cinc.com\/ca\/ciberatacs-i-tractament-de-dades-personals\/","title":{"rendered":"Ciberatacs i tractament de dades personals"},"content":{"rendered":"<p style=\"text-align: justify;\">Els ciberatacs a empreses, organitzacions i institucions estan en auge, aix\u00ed ho reflecteixen les \u00faltimes estad\u00edstiques en ciberdelinq\u00fc\u00e8ncia. Cap organitzaci\u00f3 est\u00e0 exempta de veure compromesos els seus sistemes, circumst\u00e0ncia que anir\u00e0 en auge degut a la tend\u00e8ncia a la digitalitzaci\u00f3 de les organitzacions i la consolidaci\u00f3 del teletreball en les empreses.<\/p>\n<p style=\"text-align: justify;\">Ens estem acostumant a veure en els mitjans informacions sobre ciberatacs a empreses, universitats, o fins i tot a organismes estatals que paralitzen la seva activitat unes hores, o fins i tot dies. En el rerefons sempre queda el dubte de si hi ha hagut una transacci\u00f3 econ\u00f2mica que ha possibilitat la resoluci\u00f3 de la incid\u00e8ncia.<\/p>\n<p style=\"text-align: justify;\">Per\u00f2 si b\u00e9 \u00e9s cert que en un primer moment el que pot preocupar-nos m\u00e9s s\u00f3n les conseq\u00fc\u00e8ncies econ\u00f2miques d&#8217;aquests ciberatacs, hem de recordar que una fallada o feblesa en el nostre sistema permet l&#8217;acc\u00e9s il\u00b7l\u00edcit de tercers a totes les nostres bases de dades, i que aix\u00f2 indirectament tamb\u00e9 pot suposar p\u00e8rdues econ\u00f2miques, en primer lloc perqu\u00e8 genera desconfian\u00e7a en els nostres clients i en segon lloc perqu\u00e8 si la bretxa de seguretat \u00e9s imputable a una neglig\u00e8ncia per part nostra, pot comportar una possible sanci\u00f3 de l&#8217;Ag\u00e8ncia Espanyola de Protecci\u00f3 de Dades.<\/p>\n<p style=\"text-align: justify;\">La prevenci\u00f3 dels ciberatacs \u00e9s fonamental, aix\u00ed com la instauraci\u00f3 de procediments que ens permetin recuperar de la manera m\u00e9s r\u00e0pida possible les dades compromeses. Destaquem en aquest sentit la guia publicada per Incibe (Institut Nacional de Ciberseguretat) i que es pot consultar <a href=\"https:\/\/www.incibe.es\/\" target=\"_blank\" rel=\"noopener\">aqu\u00ed.<\/a><\/p>\n<p style=\"text-align: justify;\">La correcta implementaci\u00f3 de la normativa sobre Protecci\u00f3 de Dades Personals ha d&#8217;anticipar-se en la mesura que sigui possible a aquestes situacions. Un bon protocol de seguretat que inclogui la descripci\u00f3 detallada dels riscos i amenaces per a la seguretat del sistema, la utilitzaci\u00f3 d&#8217;antivirus, l&#8217;actualitzaci\u00f3 constant dels sistemes operatius, o un bon disseny de la pol\u00edtica de contrasenyes, poden ajudar-nos a acreditar davant l&#8217;AEPD la nostra dilig\u00e8ncia i pro activitat en la mat\u00e8ria. El RGPD imposa als responsables del tractament l&#8217;obligaci\u00f3 de notificar a l&#8217;Ag\u00e8ncia Espanyola de Protecci\u00f3 de Dades qualsevol incid\u00e8ncia de seguretat en el tractament de les dades personals quan sigui probable que constitueixin un risc per als drets i llibertats de les persones.<\/p>\n<p style=\"text-align: justify;\">El responsable del tractament ha de valorar el nivell de risc de la bretxa de dades personals, i quan el risc sigui alt tamb\u00e9 haur\u00e0 de comunicar aquesta bretxa a les persones afectades. Podeu ampliar la informaci\u00f3 <a href=\"https:\/\/sedeagpd.gob.es\/sede-electronica-web\/vistas\/infoSede\/nbs\/guiadoBrechasInicio.jsf;jsessionid=freA-L2Ot8RLpnF5VsGZUhyA0hm9I6ufc5rNx1pM.agpdsedred01n_tmp . .\" target=\"_blank\" rel=\"noopener\">aqu\u00ed.<\/a><\/p>\n","protected":false},"excerpt":{"rendered":"<p style=\"text-align: justify;\">\n\tEls ciberatacs a empreses, organitzacions i institucions estan en auge, aix&iacute; ho reflecteixen les &uacute;ltimes estad&iacute;stiques en ciberdelinq&uuml;&egrave;ncia. Cap organitzaci&oacute; est&agrave; exempta de veure compromesos els seus sistemes, circumst&agrave;ncia que anir&agrave; en auge degut a la tend&egrave;ncia a la digitalitzaci&oacute; de les organitzacions i la consolidaci&oacute; del teletreball en les empreses.<\/p>\n","protected":false},"author":2,"featured_media":3673,"comment_status":"open","ping_status":"open","sticky":false,"template":"","format":"standard","meta":{"_acf_changed":false,"_uag_custom_page_level_css":"","_jetpack_memberships_contains_paid_content":false,"footnotes":""},"categories":[18],"tags":[],"class_list":["post-3672","post","type-post","status-publish","format-standard","has-post-thumbnail","hentry","category-assessoria"],"acf":[],"jetpack_featured_media_url":"https:\/\/www.cinc.com\/wp-content\/uploads\/2023\/03\/1039.jpg","uagb_featured_image_src":{"full":["https:\/\/www.cinc.com\/wp-content\/uploads\/2023\/03\/1039.jpg",1113,361,false],"thumbnail":["https:\/\/www.cinc.com\/wp-content\/uploads\/2023\/03\/1039.jpg",150,49,false],"medium":["https:\/\/www.cinc.com\/wp-content\/uploads\/2023\/03\/1039.jpg",300,97,false],"medium_large":["https:\/\/www.cinc.com\/wp-content\/uploads\/2023\/03\/1039.jpg",768,249,false],"large":["https:\/\/www.cinc.com\/wp-content\/uploads\/2023\/03\/1039.jpg",960,311,false],"1536x1536":["https:\/\/www.cinc.com\/wp-content\/uploads\/2023\/03\/1039.jpg",1113,361,false],"2048x2048":["https:\/\/www.cinc.com\/wp-content\/uploads\/2023\/03\/1039.jpg",1113,361,false],"gform-image-choice-sm":["https:\/\/www.cinc.com\/wp-content\/uploads\/2023\/03\/1039.jpg",300,97,false],"gform-image-choice-md":["https:\/\/www.cinc.com\/wp-content\/uploads\/2023\/03\/1039.jpg",400,130,false],"gform-image-choice-lg":["https:\/\/www.cinc.com\/wp-content\/uploads\/2023\/03\/1039.jpg",600,195,false]},"uagb_author_info":{"display_name":"Utrans","author_link":"https:\/\/www.cinc.com\/ca\/author\/utrans\/"},"uagb_comment_info":0,"uagb_excerpt":"Els ciberatacs a empreses, organitzacions i institucions estan en auge, aix&iacute; ho reflecteixen les &uacute;ltimes estad&iacute;stiques en ciberdelinq&uuml;&egrave;ncia. Cap organitzaci&oacute; est&agrave; exempta de veure compromesos els seus sistemes, circumst&agrave;ncia que anir&agrave; en auge degut a la tend&egrave;ncia a la digitalitzaci&oacute; de les organitzacions i la consolidaci&oacute; del teletreball en les empreses.","jetpack_sharing_enabled":true,"_links":{"self":[{"href":"https:\/\/www.cinc.com\/ca\/wp-json\/wp\/v2\/posts\/3672","targetHints":{"allow":["GET"]}}],"collection":[{"href":"https:\/\/www.cinc.com\/ca\/wp-json\/wp\/v2\/posts"}],"about":[{"href":"https:\/\/www.cinc.com\/ca\/wp-json\/wp\/v2\/types\/post"}],"author":[{"embeddable":true,"href":"https:\/\/www.cinc.com\/ca\/wp-json\/wp\/v2\/users\/2"}],"replies":[{"embeddable":true,"href":"https:\/\/www.cinc.com\/ca\/wp-json\/wp\/v2\/comments?post=3672"}],"version-history":[{"count":1,"href":"https:\/\/www.cinc.com\/ca\/wp-json\/wp\/v2\/posts\/3672\/revisions"}],"predecessor-version":[{"id":29814,"href":"https:\/\/www.cinc.com\/ca\/wp-json\/wp\/v2\/posts\/3672\/revisions\/29814"}],"wp:featuredmedia":[{"embeddable":true,"href":"https:\/\/www.cinc.com\/ca\/wp-json\/wp\/v2\/media\/3673"}],"wp:attachment":[{"href":"https:\/\/www.cinc.com\/ca\/wp-json\/wp\/v2\/media?parent=3672"}],"wp:term":[{"taxonomy":"category","embeddable":true,"href":"https:\/\/www.cinc.com\/ca\/wp-json\/wp\/v2\/categories?post=3672"},{"taxonomy":"post_tag","embeddable":true,"href":"https:\/\/www.cinc.com\/ca\/wp-json\/wp\/v2\/tags?post=3672"}],"curies":[{"name":"wp","href":"https:\/\/api.w.org\/{rel}","templated":true}]}}