{"id":3407,"date":"2021-03-18T00:00:00","date_gmt":"2021-03-18T00:00:00","guid":{"rendered":"https:\/\/www.cinc.com\/nous-ajuts-directes-per-a-empreses-i-autonoms-afectats-economicament-per-la-pandemia\/"},"modified":"2021-03-18T00:00:00","modified_gmt":"2021-03-18T00:00:00","slug":"nous-ajuts-directes-per-a-empreses-i-autonoms-afectats-economicament-per-la-pandemia","status":"publish","type":"post","link":"https:\/\/www.cinc.com\/ca\/nous-ajuts-directes-per-a-empreses-i-autonoms-afectats-economicament-per-la-pandemia\/","title":{"rendered":"Nous ajuts directes per a empreses i aut\u00f2noms afectats econ\u00f2micament per la pand\u00e8mia"},"content":{"rendered":"<div style=\"text-align: justify;\">\n<div>\n\t\tEl Govern ha aprovat a trav&eacute;s del Reial Decret Llei 5\/2021, de 12 de mar&ccedil;, una nova l&iacute;nia d&#39;ajuts de 7.000 milions d&#39;euros de dotaci&oacute; per donar suport a la solv&egrave;ncia i reducci&oacute; de l&#39;endeutament a aquelles empreses i aut&ograve;noms que hagin patit una caiguda de la facturaci&oacute; d&rsquo;almenys un 30%.<\/div>\n<div>\n\t\t&nbsp;<\/div>\n<\/div>\n<div>\n<h2 class='h2Noticia'>A qui van destinades aquestes ajudes?<\/h2>\n<hr\/>\n<\/div>\n<div>\n\tPodran accedir a la L&iacute;nia Covid les empreses no financeres i els aut&ograve;noms m&eacute;s afectats per la pand&egrave;mia, sempre que les utilitzin per satisfer deutes i realitzar pagaments a prove&iuml;dors i creditors no financers, aix&iacute; com costos incorreguts pels aut&ograve;noms i empreses considerades elegibles.<\/div>\n<div>\n\t&nbsp;<\/div>\n<div>\n<h2 class='h2Noticia'>Quina dotaci&oacute; econ&ograve;mica tenen?<\/h2>\n<hr\/>\n<\/div>\n<div style=\"text-align: justify;\">\n\tCorrespon a cada Comunitat Aut&ograve;noma fixar l&#39;import dels ajuts, si b&eacute; s&#39;estableixen criteris per determinar les quanties m&agrave;ximes dels ajuts directes:<\/div>\n<div style=\"text-align: justify;\">\n\t&nbsp;<\/div>\n<div style=\"text-align: justify;\">\n\ta) 3.000 euros quan es tracti d&#39;empresaris o professionals que apliquin el r&egrave;gim d&#39;estimaci&oacute; objectiva en l&#39;Impost sobre la Renda de les Persones F&iacute;siques.<\/div>\n<div style=\"text-align: justify;\">\n\tb) Per a aquells empresaris i professionals el volum d&#39;operacions anual declarat o comprovat per l&#39;Administraci&oacute;, en l&#39;Impost sobre el Valor Afegit o tribut indirecte equivalent, hagi caigut m&eacute;s d&#39;un 30% l&#39;any 2020 respecte a l&#39;any 2019, l&#39;ajuda m&agrave;xima que es concedir&agrave; ser&agrave;:<\/div>\n<div style=\"text-align: justify;\">\n\t&nbsp;<\/div>\n<div style=\"text-align: justify;\">\n\t&#8211; El 40% de la caiguda del volum d&#39;operacions en l&#39;any 2020 respecte de l&#39;any 2019 que superi dit 30%, en el cas d&#39;empresaris o professionals que apliquin el r&egrave;gim d&#39;estimaci&oacute; directa en l&#39;Impost sobre la Renda de les Persones F&iacute;siques, aix&iacute; com les entitats i establiments permanents que tinguin un m&agrave;xim de 10 treballadors.<\/div>\n<div style=\"text-align: justify;\">\n\t&#8211; El 20% de l&#39;import de la caiguda del volum d&#39;operacions en l&#39;any 2020 respecte de l&#39;any 2019 que superi dit 30%, en el cas d&#39;entitats i empresaris o professionals i establiments permanents que tinguin m&eacute;s de 10 treballadors.<\/div>\n<div style=\"text-align: justify;\">\n\t&#8211; En qualsevol cas, l&#39;ajut no podr&agrave; ser inferior a 4.000 euros ni superior a 200.000 euros.<\/div>\n<div style=\"text-align: justify;\">\n\t&nbsp;<\/div>\n<div style=\"text-align: justify;\">\n<h2 class='h2Noticia'>Quins requisits s&#39;han d&#39;aplicar per a sol&middot;licitar-ho?<\/h2>\n<hr\/>\n<\/div>\n<ul>\n<li style=\"text-align: justify;\">\n\t\tTenir seu social en territori espanyol.<\/li>\n<li style=\"text-align: justify;\">\n\t\tAcreditar p&egrave;rdues d&rsquo;almenys un 30% el 2020 respecte 2019.<\/li>\n<li style=\"text-align: justify;\">\n\t\tMantenir la seva activitat fins al 30 de juny de 2022.<\/li>\n<li style=\"text-align: justify;\">\n\t\tEls ajuts han d&#39;anar destinades a satisfer obligacions de deute i pagaments a prove&iuml;dors, creditors financers i no financers, aix&iacute; com els costos fixos incorreguts, sempre que aquestes obligacions s&#39;haguessin generat entre l&#39;1 de mar&ccedil; de 2020 i el 31 de maig de 2021 i procedeixin de contractes anteriors a la data d&#39;entrada en vigor d&#39;aquest Reial Decret-Llei.<\/li>\n<li style=\"text-align: justify;\">\n\t\tEstar al corrent de pagaments a l&#39;Ag&egrave;ncia Tribut&agrave;ria i Seguretat Social.<\/li>\n<li style=\"text-align: justify;\">\n\t\tTenir una activitat inclosa en algun dels codis d&#39;activitat del CNAE previstos a l&rsquo;annex 1 del Reial Decret-Llei.<\/li>\n<li style=\"text-align: justify;\">\n\t\tNo haver repartit dividends ni pujat els salaris dels seus equips directius en un termini de 2 anys.<\/li>\n<li style=\"text-align: justify;\">\n\t\tNo trobar-se en un procediment concursal.<\/li>\n<li style=\"text-align: justify;\">\n\t\tNo haver cessat la seva activitat en el moment de la sol&middot;licitud.<\/li>\n<li style=\"text-align: justify;\">\n\t\tNo es podr&agrave; concedir cap ajut directe passat el 31 de desembre de 2021.<\/li>\n<\/ul>\n","protected":false},"excerpt":{"rendered":"<p style=\"text-align: justify;\">\n\tEl Govern ha aprovat a trav&eacute;s del Reial Decret Llei 5\/2021, de 12 de mar&ccedil;, una nova l&iacute;nia d&#39;ajuts de 7.000 milions d&#39;euros de dotaci&oacute; per donar suport a la solv&egrave;ncia i reducci&oacute; de l&#39;endeutament a aquelles empreses i aut&ograve;noms que hagin patit una caiguda de la facturaci&oacute; d&rsquo;almenys un 30%.<\/p>\n","protected":false},"author":2,"featured_media":3408,"comment_status":"open","ping_status":"open","sticky":false,"template":"","format":"standard","meta":{"_acf_changed":false,"_uag_custom_page_level_css":"","_jetpack_memberships_contains_paid_content":false,"footnotes":""},"categories":[18],"tags":[],"class_list":["post-3407","post","type-post","status-publish","format-standard","has-post-thumbnail","hentry","category-assessoria"],"acf":[],"jetpack_featured_media_url":"https:\/\/www.cinc.com\/wp-content\/uploads\/2023\/03\/981.jpg","uagb_featured_image_src":{"full":["https:\/\/www.cinc.com\/wp-content\/uploads\/2023\/03\/981.jpg",1113,361,false],"thumbnail":["https:\/\/www.cinc.com\/wp-content\/uploads\/2023\/03\/981.jpg",150,49,false],"medium":["https:\/\/www.cinc.com\/wp-content\/uploads\/2023\/03\/981.jpg",300,97,false],"medium_large":["https:\/\/www.cinc.com\/wp-content\/uploads\/2023\/03\/981.jpg",768,249,false],"large":["https:\/\/www.cinc.com\/wp-content\/uploads\/2023\/03\/981.jpg",960,311,false],"1536x1536":["https:\/\/www.cinc.com\/wp-content\/uploads\/2023\/03\/981.jpg",1113,361,false],"2048x2048":["https:\/\/www.cinc.com\/wp-content\/uploads\/2023\/03\/981.jpg",1113,361,false],"gform-image-choice-sm":["https:\/\/www.cinc.com\/wp-content\/uploads\/2023\/03\/981.jpg",300,97,false],"gform-image-choice-md":["https:\/\/www.cinc.com\/wp-content\/uploads\/2023\/03\/981.jpg",400,130,false],"gform-image-choice-lg":["https:\/\/www.cinc.com\/wp-content\/uploads\/2023\/03\/981.jpg",600,195,false]},"uagb_author_info":{"display_name":"Utrans","author_link":"https:\/\/www.cinc.com\/ca\/author\/utrans\/"},"uagb_comment_info":0,"uagb_excerpt":"El Govern ha aprovat a trav&eacute;s del Reial Decret Llei 5\/2021, de 12 de mar&ccedil;, una nova l&iacute;nia d&#39;ajuts de 7.000 milions d&#39;euros de dotaci&oacute; per donar suport a la solv&egrave;ncia i reducci&oacute; de l&#39;endeutament a aquelles empreses i aut&ograve;noms que hagin patit una caiguda de la facturaci&oacute; d&rsquo;almenys un 30%.","jetpack_sharing_enabled":true,"_links":{"self":[{"href":"https:\/\/www.cinc.com\/ca\/wp-json\/wp\/v2\/posts\/3407","targetHints":{"allow":["GET"]}}],"collection":[{"href":"https:\/\/www.cinc.com\/ca\/wp-json\/wp\/v2\/posts"}],"about":[{"href":"https:\/\/www.cinc.com\/ca\/wp-json\/wp\/v2\/types\/post"}],"author":[{"embeddable":true,"href":"https:\/\/www.cinc.com\/ca\/wp-json\/wp\/v2\/users\/2"}],"replies":[{"embeddable":true,"href":"https:\/\/www.cinc.com\/ca\/wp-json\/wp\/v2\/comments?post=3407"}],"version-history":[{"count":0,"href":"https:\/\/www.cinc.com\/ca\/wp-json\/wp\/v2\/posts\/3407\/revisions"}],"wp:featuredmedia":[{"embeddable":true,"href":"https:\/\/www.cinc.com\/ca\/wp-json\/wp\/v2\/media\/3408"}],"wp:attachment":[{"href":"https:\/\/www.cinc.com\/ca\/wp-json\/wp\/v2\/media?parent=3407"}],"wp:term":[{"taxonomy":"category","embeddable":true,"href":"https:\/\/www.cinc.com\/ca\/wp-json\/wp\/v2\/categories?post=3407"},{"taxonomy":"post_tag","embeddable":true,"href":"https:\/\/www.cinc.com\/ca\/wp-json\/wp\/v2\/tags?post=3407"}],"curies":[{"name":"wp","href":"https:\/\/api.w.org\/{rel}","templated":true}]}}