{"id":3397,"date":"2021-03-15T00:00:00","date_gmt":"2021-03-15T00:00:00","guid":{"rendered":"https:\/\/www.cinc.com\/nous-canvis-en-les-mesures-de-contencio-de-la-pandemia-a-catalunya-del-15-al-28-de-marc\/"},"modified":"2021-03-15T00:00:00","modified_gmt":"2021-03-15T00:00:00","slug":"nous-canvis-en-les-mesures-de-contencio-de-la-pandemia-a-catalunya-del-15-al-28-de-marc","status":"publish","type":"post","link":"https:\/\/www.cinc.com\/ca\/nous-canvis-en-les-mesures-de-contencio-de-la-pandemia-a-catalunya-del-15-al-28-de-marc\/","title":{"rendered":"Nous canvis en les mesures de contenci\u00f3 de la pand\u00e8mia a Catalunya del 15 al 28 de mar\u00e7"},"content":{"rendered":"<div style=\"text-align: justify;\">\n\tLa Generalitat de Catalunya ha aprovat la resoluci&oacute;&nbsp; SLT\/716\/2021, de 12 mar&ccedil;, per la qual es prorroguen i modifiquen les mesures en mat&egrave;ria de salut p&uacute;blica per a la contenci&oacute; del brot epid&egrave;mic de la pand&egrave;mia covid-19.&nbsp;<\/div>\n<div style=\"text-align: justify;\">\n\t&nbsp;<\/div>\n<div style=\"text-align: justify;\">\n\tAquestes mesures romandran en vigor del 15 al 28 de mar&ccedil;. A continuaci&oacute;, et detallem les mesures m&eacute;s destacades i et mostrem una infografia amb el resum general:<\/div>\n<div style=\"text-align: justify;\">\n\t&nbsp;<\/div>\n<div style=\"text-align: justify;\">\n<h2 class=\"h2Noticia\">\n\t\tReobertura de comer&ccedil;os&nbsp; no essencials i centres comercials en caps de setmana<\/h2>\n<hr \/>\n<\/div>\n<div style=\"text-align: justify;\">\n\t&nbsp;<\/div>\n<div style=\"text-align: justify;\">\n\tPodran romandre oberts, com fins ara, de 6 a 21h de dilluns a divendres i, com a novetat, tamb&eacute; en caps de setmana, sempre que redueixin un 30% la seva capacitat d&rsquo;aforament.<\/div>\n<div style=\"text-align: justify;\">\n\t&nbsp;<\/div>\n<div style=\"text-align: justify;\">\n\tTamb&eacute; podran obrir els comer&ccedil;os de 800 metres quadrats, amb una reducci&oacute; d&rsquo;aforament del 30%.<\/div>\n<div style=\"text-align: justify;\">\n\t&nbsp;<\/div>\n<div style=\"text-align: justify;\">\n<h2 class=\"h2Noticia\">\n\t\tRestauraci&oacute; i hostaleria<\/h2>\n<hr \/>\n<\/div>\n<div style=\"text-align: justify;\">\n\tPoden obrir les terrasses al 100% amb una dist&agrave;ncia m&iacute;nima de 2 metres entre comensals i amb limitaci&oacute; de 4 comensals per taula, excepte grups bombolla. A l&rsquo;interior dels locals es mant&eacute; horari de 7:30h a 17h amb limitaci&oacute; de 4 comensals per taula excepte grups bombolla. Els locals dels centres comercials romandran tancats.&nbsp;<\/div>\n<div style=\"text-align: justify;\">\n\t&nbsp;<\/div>\n<div style=\"text-align: justify;\">\n<h2 class=\"h2Noticia\">\n\t\tReobertura de la mobilitat entre comarques<\/h2>\n<hr \/>\n<\/div>\n<div style=\"text-align: justify;\">\n\tS&rsquo;aixeca el confinament entre comarques de Catalunya, limitat &uacute;nicament als membres de la bombolla de conviv&egrave;ncia, que hauran d&rsquo;aportar un certificat auto responsable. La mobilitat laboral nom&eacute;s ser&agrave; permesa quan no es pugui teletreballar.&nbsp;<\/div>\n<div style=\"text-align: justify;\">\n\t&nbsp;<\/div>\n<div style=\"text-align: justify;\">\n\t<img decoding=\"async\" alt=\"\" src=\"https:\/\/www.cinc.com\/pubDocs\/mesures-15-marc-catalunya.jpg\" style=\"width: 858px; height: 1310px;\" \/><\/div>\n<div style=\"text-align: justify;\">\n\t&nbsp;<\/div>\n","protected":false},"excerpt":{"rendered":"<p style=\"text-align: justify;\">\n\tLa Generalitat de Catalunya ha aprovat la resoluci&oacute;&nbsp; SLT\/716\/2021, de 12 mar&ccedil;, per la qual es prorroguen i modifiquen les mesures en mat&egrave;ria de salut p&uacute;blica per a la contenci&oacute; del brot epid&egrave;mic de la pand&egrave;mia covid-19.<\/p>\n","protected":false},"author":2,"featured_media":3398,"comment_status":"open","ping_status":"open","sticky":false,"template":"","format":"standard","meta":{"_acf_changed":false,"_uag_custom_page_level_css":"","_jetpack_memberships_contains_paid_content":false,"footnotes":""},"categories":[18],"tags":[],"class_list":["post-3397","post","type-post","status-publish","format-standard","has-post-thumbnail","hentry","category-assessoria"],"acf":[],"jetpack_featured_media_url":"https:\/\/www.cinc.com\/wp-content\/uploads\/2023\/03\/979.jpg","uagb_featured_image_src":{"full":["https:\/\/www.cinc.com\/wp-content\/uploads\/2023\/03\/979.jpg",1113,361,false],"thumbnail":["https:\/\/www.cinc.com\/wp-content\/uploads\/2023\/03\/979.jpg",150,49,false],"medium":["https:\/\/www.cinc.com\/wp-content\/uploads\/2023\/03\/979.jpg",300,97,false],"medium_large":["https:\/\/www.cinc.com\/wp-content\/uploads\/2023\/03\/979.jpg",768,249,false],"large":["https:\/\/www.cinc.com\/wp-content\/uploads\/2023\/03\/979.jpg",960,311,false],"1536x1536":["https:\/\/www.cinc.com\/wp-content\/uploads\/2023\/03\/979.jpg",1113,361,false],"2048x2048":["https:\/\/www.cinc.com\/wp-content\/uploads\/2023\/03\/979.jpg",1113,361,false],"gform-image-choice-sm":["https:\/\/www.cinc.com\/wp-content\/uploads\/2023\/03\/979.jpg",300,97,false],"gform-image-choice-md":["https:\/\/www.cinc.com\/wp-content\/uploads\/2023\/03\/979.jpg",400,130,false],"gform-image-choice-lg":["https:\/\/www.cinc.com\/wp-content\/uploads\/2023\/03\/979.jpg",600,195,false]},"uagb_author_info":{"display_name":"Utrans","author_link":"https:\/\/www.cinc.com\/ca\/author\/utrans\/"},"uagb_comment_info":0,"uagb_excerpt":"La Generalitat de Catalunya ha aprovat la resoluci&oacute;&nbsp; SLT\/716\/2021, de 12 mar&ccedil;, per la qual es prorroguen i modifiquen les mesures en mat&egrave;ria de salut p&uacute;blica per a la contenci&oacute; del brot epid&egrave;mic de la pand&egrave;mia covid-19.","jetpack_sharing_enabled":true,"_links":{"self":[{"href":"https:\/\/www.cinc.com\/ca\/wp-json\/wp\/v2\/posts\/3397","targetHints":{"allow":["GET"]}}],"collection":[{"href":"https:\/\/www.cinc.com\/ca\/wp-json\/wp\/v2\/posts"}],"about":[{"href":"https:\/\/www.cinc.com\/ca\/wp-json\/wp\/v2\/types\/post"}],"author":[{"embeddable":true,"href":"https:\/\/www.cinc.com\/ca\/wp-json\/wp\/v2\/users\/2"}],"replies":[{"embeddable":true,"href":"https:\/\/www.cinc.com\/ca\/wp-json\/wp\/v2\/comments?post=3397"}],"version-history":[{"count":0,"href":"https:\/\/www.cinc.com\/ca\/wp-json\/wp\/v2\/posts\/3397\/revisions"}],"wp:featuredmedia":[{"embeddable":true,"href":"https:\/\/www.cinc.com\/ca\/wp-json\/wp\/v2\/media\/3398"}],"wp:attachment":[{"href":"https:\/\/www.cinc.com\/ca\/wp-json\/wp\/v2\/media?parent=3397"}],"wp:term":[{"taxonomy":"category","embeddable":true,"href":"https:\/\/www.cinc.com\/ca\/wp-json\/wp\/v2\/categories?post=3397"},{"taxonomy":"post_tag","embeddable":true,"href":"https:\/\/www.cinc.com\/ca\/wp-json\/wp\/v2\/tags?post=3397"}],"curies":[{"name":"wp","href":"https:\/\/api.w.org\/{rel}","templated":true}]}}