{"id":3392,"date":"2022-06-22T00:00:00","date_gmt":"2022-06-22T00:00:00","guid":{"rendered":"https:\/\/www.cinc.com\/protegeix-el-teu-habitatge-amb-lasseguranca-de-defensa-juridica-i-ocupacio-illegal\/"},"modified":"2022-06-22T00:00:00","modified_gmt":"2022-06-22T00:00:00","slug":"protegeix-el-teu-habitatge-amb-lasseguranca-de-defensa-juridica-i-ocupacio-illegal","status":"publish","type":"post","link":"https:\/\/www.cinc.com\/ca\/protegeix-el-teu-habitatge-amb-lasseguranca-de-defensa-juridica-i-ocupacio-illegal\/","title":{"rendered":"Protegeix el teu habitatge amb l&#8217;asseguran\u00e7a de defensa jur\u00eddica i ocupaci\u00f3 il\u00b7legal"},"content":{"rendered":"<div style=\"text-align: justify;\">\n\tSabies que a Espanya s&#39;ocupen, de mitjana, prop de 50 habitatges al dia? Segons dades del Ministeri de l&#39;Interior, entre el gener i el setembre de l&#39;any passat es van produir 13.389 den&uacute;ncies per ocupaci&oacute; il&middot;legal d&#39;immobles, un 18% m&eacute;s que aquest mateix per&iacute;ode el 2020.<\/p>\n<p>\tLes ocupacions constitueixen una realitat plena de traves legals que les assegurances de la llar no poden cobrir. Per aix&ograve;, a trav&eacute;s de CINC Corredoria d&#39;Assegurances us facilitem la contractaci&oacute; de l&#39;Asseguran&ccedil;a de Defensa Jur&iacute;dica davant l&#39;Ocupaci&oacute; Il&middot;legal, que &eacute;s l&#39;&uacute;nica que us ofereix tota la cobertura legal necess&agrave;ria en cas d&#39;ocupaci&oacute; il&middot;legal de la teva resid&egrave;ncia per garantir la m&agrave;xima tranquil&middot;litat.<\/p>\n<div>\n\t\t&nbsp;<\/div>\n<div>\n<h2 class=\"h2Noticia\">\n\t\t\tQu&egrave; cobreix l&#39;asseguran&ccedil;a de defensa jur&iacute;dica davant l&#39;Ocupaci&oacute; Il&middot;legal?<\/h2>\n<hr \/><\/div>\n<div>\n\t\tDes de nom&eacute;s 30 euros a l&#39;any, tindr&agrave;s tota la cobertura necess&agrave;ria per protegir el teu habitatge:<\/div>\n<div>\n\t\t&nbsp;<\/div>\n<div>\n\t\t<strong>Reclamaci&oacute; de l&#39;habitatge ocupat. <\/strong>L&#39;asseguran&ccedil;a s&#39;encarrega de realitzar per tu la reclamaci&oacute; per l&#39;ocupaci&oacute; il&middot;legal de l&#39;immoble.<\/div>\n<div>\n\t\t&nbsp;<\/div>\n<div>\n\t\t<strong>Tens un advocat sempre a la teva disposici&oacute;.<\/strong> Resoldre una situaci&oacute; d&#39;ocupaci&oacute; d&#39;habitatge t&eacute; les seves complicacions a nivell legal, per la qual cosa &eacute;s necessari rec&oacute;rrer a un advocat. Amb aquesta p&ograve;lissa, sempre que ho necessitis podr&agrave;s rec&oacute;rrer a un servei d&#39;assist&egrave;ncia jur&iacute;dica telef&ograve;nica per resoldre tots els teus dubtes.<\/div>\n<div>\n\t\t&nbsp;<\/div>\n<div>\n\t\t<strong>Reclamaci&oacute; per danys.<\/strong> En moltes ocasions, despr&eacute;s de la recuperaci&oacute; de l&#39;habitatge, tamb&eacute; cal reparar els danys ocasionats per vandalisme. Per aix&ograve;, aquesta asseguran&ccedil;a cobreix fins a 3.000 euros en l&iacute;mit de despeses.<\/div>\n<div>\n\t\t&nbsp;<\/div>\n<div>\n\t\t<strong>Gesti&oacute; en temes administratius municipals.<\/strong> L&#39;asseguran&ccedil;a d&#39;ocupaci&oacute; de l&#39;habitatge s&#39;ocupa tamb&eacute; de les gestions administratives, com les ordenances que hagin de gestionar amb el teu Ajuntament.<\/div>\n<div>\n\t\t&nbsp;<\/div>\n<div>\n<h2 class=\"h2Noticia\">\n\t\t\tVols m&eacute;s informaci&oacute; sobre aquesta asseguran&ccedil;a?<\/h2>\n<hr \/><\/div>\n<div>\n\t\tSi vols garantir la protecci&oacute; del teu habitatge, a CINC Corredoria oferim la possibilitat de contractar l&#39;asseguran&ccedil;a de defensa jur&iacute;dica davant l&#39;ocupaci&oacute; il&middot;legal. Contacta&#39;ns sense comprom&iacute;s per a m&eacute;s informaci&oacute;:<\/div>\n<div>\n\t\t&nbsp;<\/div>\n<div>\n\t\t933 030 060 (Barcelona)<\/div>\n<div>\n\t\t972 505 100 (Figueres)<\/div>\n<div>\n\t\t972940.940 (Girona)<\/div>\n<div>\n\t\tassegurances@cinc.es<\/div>\n<\/div>\n<p>\n\t&nbsp;<\/p>\n","protected":false},"excerpt":{"rendered":"<p style=\"text-align: justify;\">\n\tSabies que a Espanya s&#39;ocupen, de mitjana, prop de 50 habitatges al dia? Segons dades del Ministeri de l&#39;Interior, entre el gener i el setembre de l&#39;any passat es van produir 13.389 den&uacute;ncies per ocupaci&oacute; il&middot;legal d&#39;immobles, un 18% m&eacute;s que aquest mateix per&iacute;ode el 2020.<\/p>\n","protected":false},"author":2,"featured_media":3393,"comment_status":"open","ping_status":"open","sticky":false,"template":"","format":"standard","meta":{"_acf_changed":false,"_uag_custom_page_level_css":"","_jetpack_memberships_contains_paid_content":false,"footnotes":""},"categories":[18],"tags":[],"class_list":["post-3392","post","type-post","status-publish","format-standard","has-post-thumbnail","hentry","category-assessoria"],"acf":[],"jetpack_featured_media_url":"https:\/\/www.cinc.com\/wp-content\/uploads\/2023\/03\/978.jpg","uagb_featured_image_src":{"full":["https:\/\/www.cinc.com\/wp-content\/uploads\/2023\/03\/978.jpg",1113,361,false],"thumbnail":["https:\/\/www.cinc.com\/wp-content\/uploads\/2023\/03\/978.jpg",150,49,false],"medium":["https:\/\/www.cinc.com\/wp-content\/uploads\/2023\/03\/978.jpg",300,97,false],"medium_large":["https:\/\/www.cinc.com\/wp-content\/uploads\/2023\/03\/978.jpg",768,249,false],"large":["https:\/\/www.cinc.com\/wp-content\/uploads\/2023\/03\/978.jpg",960,311,false],"1536x1536":["https:\/\/www.cinc.com\/wp-content\/uploads\/2023\/03\/978.jpg",1113,361,false],"2048x2048":["https:\/\/www.cinc.com\/wp-content\/uploads\/2023\/03\/978.jpg",1113,361,false],"gform-image-choice-sm":["https:\/\/www.cinc.com\/wp-content\/uploads\/2023\/03\/978.jpg",300,97,false],"gform-image-choice-md":["https:\/\/www.cinc.com\/wp-content\/uploads\/2023\/03\/978.jpg",400,130,false],"gform-image-choice-lg":["https:\/\/www.cinc.com\/wp-content\/uploads\/2023\/03\/978.jpg",600,195,false]},"uagb_author_info":{"display_name":"Utrans","author_link":"https:\/\/www.cinc.com\/ca\/author\/utrans\/"},"uagb_comment_info":0,"uagb_excerpt":"Sabies que a Espanya s&#39;ocupen, de mitjana, prop de 50 habitatges al dia? Segons dades del Ministeri de l&#39;Interior, entre el gener i el setembre de l&#39;any passat es van produir 13.389 den&uacute;ncies per ocupaci&oacute; il&middot;legal d&#39;immobles, un 18% m&eacute;s que aquest mateix per&iacute;ode el 2020.","jetpack_sharing_enabled":true,"_links":{"self":[{"href":"https:\/\/www.cinc.com\/ca\/wp-json\/wp\/v2\/posts\/3392","targetHints":{"allow":["GET"]}}],"collection":[{"href":"https:\/\/www.cinc.com\/ca\/wp-json\/wp\/v2\/posts"}],"about":[{"href":"https:\/\/www.cinc.com\/ca\/wp-json\/wp\/v2\/types\/post"}],"author":[{"embeddable":true,"href":"https:\/\/www.cinc.com\/ca\/wp-json\/wp\/v2\/users\/2"}],"replies":[{"embeddable":true,"href":"https:\/\/www.cinc.com\/ca\/wp-json\/wp\/v2\/comments?post=3392"}],"version-history":[{"count":0,"href":"https:\/\/www.cinc.com\/ca\/wp-json\/wp\/v2\/posts\/3392\/revisions"}],"wp:featuredmedia":[{"embeddable":true,"href":"https:\/\/www.cinc.com\/ca\/wp-json\/wp\/v2\/media\/3393"}],"wp:attachment":[{"href":"https:\/\/www.cinc.com\/ca\/wp-json\/wp\/v2\/media?parent=3392"}],"wp:term":[{"taxonomy":"category","embeddable":true,"href":"https:\/\/www.cinc.com\/ca\/wp-json\/wp\/v2\/categories?post=3392"},{"taxonomy":"post_tag","embeddable":true,"href":"https:\/\/www.cinc.com\/ca\/wp-json\/wp\/v2\/tags?post=3392"}],"curies":[{"name":"wp","href":"https:\/\/api.w.org\/{rel}","templated":true}]}}