{"id":3382,"date":"2021-03-09T00:00:00","date_gmt":"2021-03-09T00:00:00","guid":{"rendered":"https:\/\/www.cinc.com\/nova-prorroga-i-ampliacio-dels-ajuts-al-comerc-de-venda-al-detall\/"},"modified":"2021-03-09T00:00:00","modified_gmt":"2021-03-09T00:00:00","slug":"nova-prorroga-i-ampliacio-dels-ajuts-al-comerc-de-venda-al-detall","status":"publish","type":"post","link":"https:\/\/www.cinc.com\/ca\/nova-prorroga-i-ampliacio-dels-ajuts-al-comerc-de-venda-al-detall\/","title":{"rendered":"Nova pr\u00f2rroga i ampliaci\u00f3 dels ajuts al comer\u00e7 de venda al detall"},"content":{"rendered":"<div style=\"text-align: justify;\">\n\tLa Generalitat de Catalunya ha publicat al DOGC una nova pr&ograve;rroga d&#39;ajuts al comer&ccedil; al detall, davant els efectes causats pel tancament decretat per la resoluci&oacute; SLT\/1\/202, de 4 de gener, prorrogada mitjan&ccedil;ant les Resolucions SLT\/67\/2021, de 16 de gener, la SLT\/133\/2021, de 22 de gener, la SLT\/275\/2021, de 5 de febrer, i la Resoluci&oacute; SLT\/436\/2021, de 19 de febrer.<\/div>\n<div style=\"text-align: justify;\">\n\t&nbsp;<\/div>\n<div style=\"text-align: justify;\">\n<h2 class=\"h2Noticia\">\n\t\tA qui estan adre&ccedil;ats aquests ajuts?<\/h2>\n<hr \/>\n<\/div>\n<div style=\"text-align: justify;\">\n\tPoden sol&middot;licitar-los pimes i aut&ograve;noms que tinguin comer&ccedil;os de venda no essencials a Catalunya inferiors a 400m2 i que hagin estat obligats a tancar per la resoluci&oacute; SLT\/1\/202, de 4 de gener, prorrogada mitjan&ccedil;ant les Resolucions SLT\/67\/2021, de 16 de gener, i la SLT\/133\/2021, de 22 de gener i la SLT\/275\/2021, de 5 de febrer i la Resoluci&oacute; SLT\/436\/2021, de 19 de febrer.<\/div>\n<div style=\"text-align: justify;\">\n\t&nbsp;<\/div>\n<div style=\"text-align: justify;\">\n\tQueden exclosos, per tant, els fabricants i majoristes que no realitzin vendes. En el cas dels establiments o locals ubicats en un centre o recinte comercial, nom&eacute;s es consideraran aquells que no venguin productes essencials ni tinguin acc&eacute;s directe des del carrer.<\/div>\n<div style=\"text-align: justify;\">\n\t&nbsp;<\/div>\n<div style=\"text-align: justify;\">\n<h2 class=\"h2Noticia\">\n\t\tQuins requisits cal presentar?<\/h2>\n<hr \/>\n<\/div>\n<div style=\"text-align: justify;\">\n\tSer una persona aut&ograve;noma (estar donada d&#39;alta en el r&egrave;gim d&#39;aut&ograve;noms) o una pime.<\/div>\n<ul>\n<li style=\"text-align: justify;\">\n\t\tTenir l&#39;establiment operatiu a Catalunya.<\/li>\n<li style=\"text-align: justify;\">\n\t\tAcreditar, mitjan&ccedil;ant una declaraci&oacute; responsable, que van haver de suspendre la seva activitat en base a les resolucions SLT\/1\/2021 i SLT\/67\/2021.<\/li>\n<li style=\"text-align: justify;\">\n\t\tComplir les obligacions tribut&agrave;ries amb l&#39;Estat, la Generalitat de Catalunya i la Seguretat Social.<\/li>\n<li style=\"text-align: justify;\">\n\t\tNo trobar-se en cap de les circumst&agrave;ncies que impedeixen adquirir la condici&oacute; de beneficiari\/&agrave;ria d&#39;acord amb la normativa en mat&egrave;ria de subvencions.<\/li>\n<li style=\"text-align: justify;\">\n\t\tComplir els requisits establerts en la normativa en mat&egrave;ria de pol&iacute;tica ling&uuml;&iacute;stica.<\/li>\n<li style=\"text-align: justify;\">\n\t\tComplir amb els requisits i obligacions que s&#39;estableixen en les normatives de prevenci&oacute; de riscos laborals, seguretat i salut en el treball, relacions laborals, erradicaci&oacute; de la viol&egrave;ncia masclista, igualtat de tracte i inclusi&oacute; de les persones amb discapacitat.<\/li>\n<li style=\"text-align: justify;\">\n\t\tNo estar en situaci&oacute; de crisi, &eacute;s a dir, en concurs de creditors.<\/li>\n<li style=\"text-align: justify;\">\n\t\tRespectar la normativa vigent en mat&egrave;ria de desenvolupament sostenible.<\/li>\n<li style=\"text-align: justify;\">\n\t\tEn el cas que els beneficiaris siguin persones f&iacute;siques empres&agrave;ries, cal estar donat d&#39;alta en el cens de l&#39;impost sobre activitats econ&ograve;miques.<\/li>\n<li style=\"text-align: justify;\">\n\t\tEn cas que la realitzaci&oacute; de l&#39;activitat s&#39;utilitzi qualsevol element susceptible de generar drets d&#39;autor, cal complir amb la normativa sobre propietat intel&middot;lectual.<\/li>\n<li style=\"text-align: justify;\">\n\t\tComplir amb l&#39;obligaci&oacute; de comunicar l&#39;obtenci&oacute; d&#39;altres subvencions p&uacute;bliques o privades per a la mateixa activitat.<\/li>\n<li style=\"text-align: justify;\">\n\t\tComplir qualsevol altra obligaci&oacute; legal o reglament&agrave;ria que els pugui afectar.<\/li>\n<\/ul>\n<div style=\"text-align: justify;\">\n<h2 class=\"h2Noticia\">\n\t\tQuina quantia tenen?<\/h2>\n<hr \/>\n<\/div>\n<ul>\n<li style=\"text-align: justify;\">\n\t\tEstabliments de comer&ccedil; al per menor de productes no essencials amb una superf&iacute;cie superior als 400 metres quadrats: aportaci&oacute; &uacute;nica de 5.000&euro; per establiment.<\/li>\n<li style=\"text-align: justify;\">\n\t\tEstabliments o locals comercials que es troben dins dels centres, galeries o recintes comercials: aportaci&oacute; &uacute;nica de 7.000&euro; per establiment.<\/li>\n<\/ul>\n<div style=\"text-align: justify;\">\n\tEls ajuts s&#39;atorgaran per ordre cronol&ograve;gic de presentaci&oacute; de la sol&middot;licitud.<\/div>\n<div style=\"text-align: justify;\">\n\t&nbsp;<\/div>\n<div style=\"text-align: justify;\">\n<div>\n<h2 class=\"h2Noticia\">\n\t\t\tQuan es poden sol&middot;licitar els ajuts?<\/h2>\n<hr \/><\/div>\n<div>\n\t\tEl termini de sol&middot;licitud est&agrave; obert des de les 9h del&nbsp; 10 de mar&ccedil; fins les 14h del 17 de mar&ccedil;.&nbsp;<\/div>\n<\/div>\n<div>\n\t&nbsp;<\/div>\n","protected":false},"excerpt":{"rendered":"<p style=\"text-align: justify;\">\n\tLa Generalitat de Catalunya ha publicat al DOGC una nova pr&ograve;rroga d&#39;ajuts al comer&ccedil; al detall, davant els efectes causats pel tancament decretat per la resoluci&oacute; SLT\/1\/202, de 4 de gener, prorrogada mitjan&ccedil;ant les Resolucions SLT\/67\/2021, de 16 de gener, la SLT\/133\/2021, de 22 de gener, la SLT\/275\/2021, de 5 de febrer, i la Resoluci&oacute; SLT\/436\/2021, de 19 de febrer.<\/p>\n","protected":false},"author":2,"featured_media":3383,"comment_status":"open","ping_status":"open","sticky":false,"template":"","format":"standard","meta":{"_acf_changed":false,"_uag_custom_page_level_css":"","_jetpack_memberships_contains_paid_content":false,"footnotes":""},"categories":[18],"tags":[],"class_list":["post-3382","post","type-post","status-publish","format-standard","has-post-thumbnail","hentry","category-assessoria"],"acf":[],"jetpack_featured_media_url":"https:\/\/www.cinc.com\/wp-content\/uploads\/2023\/03\/976.jpg","uagb_featured_image_src":{"full":["https:\/\/www.cinc.com\/wp-content\/uploads\/2023\/03\/976.jpg",1113,361,false],"thumbnail":["https:\/\/www.cinc.com\/wp-content\/uploads\/2023\/03\/976.jpg",150,49,false],"medium":["https:\/\/www.cinc.com\/wp-content\/uploads\/2023\/03\/976.jpg",300,97,false],"medium_large":["https:\/\/www.cinc.com\/wp-content\/uploads\/2023\/03\/976.jpg",768,249,false],"large":["https:\/\/www.cinc.com\/wp-content\/uploads\/2023\/03\/976.jpg",960,311,false],"1536x1536":["https:\/\/www.cinc.com\/wp-content\/uploads\/2023\/03\/976.jpg",1113,361,false],"2048x2048":["https:\/\/www.cinc.com\/wp-content\/uploads\/2023\/03\/976.jpg",1113,361,false],"gform-image-choice-sm":["https:\/\/www.cinc.com\/wp-content\/uploads\/2023\/03\/976.jpg",300,97,false],"gform-image-choice-md":["https:\/\/www.cinc.com\/wp-content\/uploads\/2023\/03\/976.jpg",400,130,false],"gform-image-choice-lg":["https:\/\/www.cinc.com\/wp-content\/uploads\/2023\/03\/976.jpg",600,195,false]},"uagb_author_info":{"display_name":"Utrans","author_link":"https:\/\/www.cinc.com\/ca\/author\/utrans\/"},"uagb_comment_info":0,"uagb_excerpt":"La Generalitat de Catalunya ha publicat al DOGC una nova pr&ograve;rroga d&#39;ajuts al comer&ccedil; al detall, davant els efectes causats pel tancament decretat per la resoluci&oacute; SLT\/1\/202, de 4 de gener, prorrogada mitjan&ccedil;ant les Resolucions SLT\/67\/2021, de 16 de gener, la SLT\/133\/2021, de 22 de gener, la SLT\/275\/2021, de 5 de febrer, i la Resoluci&oacute;&hellip;","jetpack_sharing_enabled":true,"_links":{"self":[{"href":"https:\/\/www.cinc.com\/ca\/wp-json\/wp\/v2\/posts\/3382","targetHints":{"allow":["GET"]}}],"collection":[{"href":"https:\/\/www.cinc.com\/ca\/wp-json\/wp\/v2\/posts"}],"about":[{"href":"https:\/\/www.cinc.com\/ca\/wp-json\/wp\/v2\/types\/post"}],"author":[{"embeddable":true,"href":"https:\/\/www.cinc.com\/ca\/wp-json\/wp\/v2\/users\/2"}],"replies":[{"embeddable":true,"href":"https:\/\/www.cinc.com\/ca\/wp-json\/wp\/v2\/comments?post=3382"}],"version-history":[{"count":0,"href":"https:\/\/www.cinc.com\/ca\/wp-json\/wp\/v2\/posts\/3382\/revisions"}],"wp:featuredmedia":[{"embeddable":true,"href":"https:\/\/www.cinc.com\/ca\/wp-json\/wp\/v2\/media\/3383"}],"wp:attachment":[{"href":"https:\/\/www.cinc.com\/ca\/wp-json\/wp\/v2\/media?parent=3382"}],"wp:term":[{"taxonomy":"category","embeddable":true,"href":"https:\/\/www.cinc.com\/ca\/wp-json\/wp\/v2\/categories?post=3382"},{"taxonomy":"post_tag","embeddable":true,"href":"https:\/\/www.cinc.com\/ca\/wp-json\/wp\/v2\/tags?post=3382"}],"curies":[{"name":"wp","href":"https:\/\/api.w.org\/{rel}","templated":true}]}}