{"id":33590,"date":"2026-04-28T16:11:10","date_gmt":"2026-04-28T15:11:10","guid":{"rendered":"https:\/\/www.cinc.com\/?p=33590"},"modified":"2026-04-28T16:11:12","modified_gmt":"2026-04-28T15:11:12","slug":"les-autoritats-de-proteccio-de-dades-reforcen-la-collaboracio-davant-els-reptes-digitals","status":"publish","type":"post","link":"https:\/\/www.cinc.com\/ca\/les-autoritats-de-proteccio-de-dades-reforcen-la-collaboracio-davant-els-reptes-digitals\/","title":{"rendered":"Les autoritats de protecci\u00f3 de dades reforcen la col\u00b7laboraci\u00f3 davant els reptes digitals"},"content":{"rendered":"\n<p>Amb motiu del des\u00e8 aniversari del Reglament General de Protecci\u00f3 de Dades (RGPD), les principals autoritats espanyoles en mat\u00e8ria de protecci\u00f3 de dades han signat, per primera vegada, una declaraci\u00f3 conjunta per refor\u00e7ar la cooperaci\u00f3 i afrontar els nous reptes digitals.<\/p>\n\n\n\n<p>El document suposa un pas rellevant cap a un model m\u00e9s coordinat davant l\u2019auge de l\u2019economia del dada, la transformaci\u00f3 digital i l\u2019\u00fas intensiu de tecnologies emergents.<\/p>\n\n\n\n<div class=\"wp-block-uagb-advanced-heading uagb-block-27c5691a\"><h3 class=\"uagb-heading-text\">Un comprom\u00eds institucional sense precedents<\/h3><\/div>\n\n\n\n<p>La declaraci\u00f3 ha estat subscrita per diferents organismes, entre ells l\u2019Agencia Espa\u00f1ola de Protecci\u00f3n de Datos, l\u2019Autoritat Catalana de Protecci\u00f3 de Dades, l\u2019Autoridad Vasca de Protecci\u00f3n de Datos, el Consejo de Transparencia y Protecci\u00f3n de Datos de Andaluc\u00eda i el Consejo General del Poder Judicial.<\/p>\n\n\n\n<p>Aquest acord posa de manifest la voluntat d\u2019actuar de manera coordinada per garantir una millor protecci\u00f3 de les dades personals en un entorn cada cop m\u00e9s complex.<\/p>\n\n\n\n<div class=\"wp-block-uagb-advanced-heading uagb-block-c94b4068\"><h3 class=\"uagb-heading-text\">La privacitat, clau en l\u2019economia digital<\/h3><\/div>\n\n\n\n<p>Les autoritats signants reconeixen el Reglamento General de Protecci\u00f3n de Datos com un referent global en la protecci\u00f3 d\u2019un dret fonamental. A m\u00e9s, destaquen que la privacitat \u00e9s essencial per generar confian\u00e7a en els entorns digitals, un element imprescindible per al desenvolupament d\u2019una economia del dada segura i sostenible.<\/p>\n\n\n\n<div class=\"wp-block-uagb-advanced-heading uagb-block-a4b613f5\"><h3 class=\"uagb-heading-text\">Impuls a la cultura de la privacitat<\/h3><\/div>\n\n\n\n<p>Un dels principals objectius de la declaraci\u00f3 \u00e9s fomentar una cultura de la privacitat entre la ciutadania i les organitzacions. Per aconseguir-ho, es preveu:<\/p>\n\n\n\n<ul class=\"wp-block-list\">\n<li>Promoure la conscienciaci\u00f3 i el coneixement sobre protecci\u00f3 de dades.<\/li>\n\n\n\n<li>Facilitar el compliment normatiu amb guies i eines pr\u00e0ctiques.<\/li>\n\n\n\n<li>Donar suport especialment a pimes, micropimes i entitats amb menys recursos.<\/li>\n<\/ul>\n\n\n\n<div class=\"wp-block-uagb-advanced-heading uagb-block-086f5985\"><h3 class=\"uagb-heading-text\">El paper dels professionals i les organitzacions<\/h3><\/div>\n\n\n\n<p>El document tamb\u00e9 posa en valor la figura dels delegats de protecci\u00f3 de dades i dels professionals del sector, considerats clau per garantir el compliment del RGPD dins de les organitzacions.<\/p>\n\n\n\n<p>En aquest sentit, es preveu refor\u00e7ar les xarxes de col\u00b7laboraci\u00f3 i els espais d\u2019intercanvi de coneixement entre experts.<\/p>\n\n\n\n<div class=\"wp-block-uagb-advanced-heading uagb-block-ebf0e6f3\"><h3 class=\"uagb-heading-text\">Protecci\u00f3 dels col\u00b7lectius m\u00e9s vulnerables<\/h3><\/div>\n\n\n\n<p>La declaraci\u00f3 inclou mesures espec\u00edfiques per protegir els col\u00b7lectius m\u00e9s vulnerables en l\u2019entorn digital, com infants, adolescents, persones grans o v\u00edctimes de viol\u00e8ncia de g\u00e8nere.<\/p>\n\n\n\n<p>Tamb\u00e9 es posa el focus en l\u2019\u00e0mbit educatiu i en l\u2019impacte de tecnologies com la intel\u00b7lig\u00e8ncia artificial en la privacitat.<\/p>\n\n\n\n<div class=\"wp-block-uagb-advanced-heading uagb-block-dbbf277a\"><h3 class=\"uagb-heading-text\">Anticipar els riscos de les noves tecnologies<\/h3><\/div>\n\n\n\n<p>Un altre eix destacat \u00e9s la necessitat d\u2019anticipar els riscos associats a les tecnologies emergents. Les autoritats aposten per un enfocament preventiu que permeti identificar possibles amenaces per a la privacitat abans que es materialitzin.<\/p>\n\n\n\n<p>Per aix\u00f2, es refor\u00e7ar\u00e0 l\u2019intercanvi d\u2019informaci\u00f3 i coneixement t\u00e8cnic entre organismes.<\/p>\n\n\n\n<div class=\"wp-block-uagb-advanced-heading uagb-block-5f1b5176\"><h3 class=\"uagb-heading-text\">Cap a una governan\u00e7a digital centrada en la privacitat<\/h3><\/div>\n\n\n\n<p>Amb aquesta iniciativa, les autoritats de protecci\u00f3 de dades refermen el seu comprom\u00eds d\u2019avan\u00e7ar cap a un model de governan\u00e7a digital que situ\u00ef la privacitat al centre, adaptat als reptes d\u2019una societat cada vegada m\u00e9s digitalitzada i interconnectada.<\/p>\n\n\n\n<p>A CINC Assessoria t\u2019ajudem a adaptar la teva empresa a la normativa de protecci\u00f3 de dades i a gestionar els riscos derivats de la digitalitzaci\u00f3 amb seguretat i confian\u00e7a.<\/p>\n\n\n\n<p>Si vols m\u00e9s informaci\u00f3 o assessorament personalitzat, posa\u2019t en <a href=\"https:\/\/www.cinc.com\/ca\/contacte\/\">contacte<\/a> amb nosaltres i t\u2019acompanyarem en tot el proc\u00e9s.<\/p>\n\n\n\n<p><\/p>\n","protected":false},"excerpt":{"rendered":"<p>Organismes p\u00fablics han acordat treballar de manera conjunta per refor\u00e7ar la seguretat de la informaci\u00f3 en l\u2019entorn digital. <\/p>\n","protected":false},"author":25,"featured_media":33585,"comment_status":"closed","ping_status":"open","sticky":false,"template":"","format":"standard","meta":{"_acf_changed":false,"_uag_custom_page_level_css":"","_jetpack_memberships_contains_paid_content":false,"footnotes":""},"categories":[18,103],"tags":[],"class_list":["post-33590","post","type-post","status-publish","format-standard","has-post-thumbnail","hentry","category-assessoria","category-proteccio-de-dades"],"acf":[],"jetpack_featured_media_url":"https:\/\/www.cinc.com\/wp-content\/uploads\/thedigitalway-computer-1591018_1920.jpg","uagb_featured_image_src":{"full":["https:\/\/www.cinc.com\/wp-content\/uploads\/thedigitalway-computer-1591018_1920.jpg",1920,1256,false],"thumbnail":["https:\/\/www.cinc.com\/wp-content\/uploads\/thedigitalway-computer-1591018_1920-150x150.jpg",150,150,true],"medium":["https:\/\/www.cinc.com\/wp-content\/uploads\/thedigitalway-computer-1591018_1920-300x196.jpg",300,196,true],"medium_large":["https:\/\/www.cinc.com\/wp-content\/uploads\/thedigitalway-computer-1591018_1920-768x502.jpg",768,502,true],"large":["https:\/\/www.cinc.com\/wp-content\/uploads\/thedigitalway-computer-1591018_1920-1651x1080.jpg",960,628,true],"1536x1536":["https:\/\/www.cinc.com\/wp-content\/uploads\/thedigitalway-computer-1591018_1920-1536x1005.jpg",1536,1005,true],"2048x2048":["https:\/\/www.cinc.com\/wp-content\/uploads\/thedigitalway-computer-1591018_1920.jpg",1920,1256,false],"gform-image-choice-sm":["https:\/\/www.cinc.com\/wp-content\/uploads\/thedigitalway-computer-1591018_1920.jpg",300,196,false],"gform-image-choice-md":["https:\/\/www.cinc.com\/wp-content\/uploads\/thedigitalway-computer-1591018_1920.jpg",400,262,false],"gform-image-choice-lg":["https:\/\/www.cinc.com\/wp-content\/uploads\/thedigitalway-computer-1591018_1920.jpg",600,393,false]},"uagb_author_info":{"display_name":"Neus Coll","author_link":"https:\/\/www.cinc.com\/ca\/author\/neus-coll\/"},"uagb_comment_info":0,"uagb_excerpt":"Organismes p\u00fablics han acordat treballar de manera conjunta per refor\u00e7ar la seguretat de la informaci\u00f3 en l\u2019entorn digital.","jetpack_sharing_enabled":true,"_links":{"self":[{"href":"https:\/\/www.cinc.com\/ca\/wp-json\/wp\/v2\/posts\/33590","targetHints":{"allow":["GET"]}}],"collection":[{"href":"https:\/\/www.cinc.com\/ca\/wp-json\/wp\/v2\/posts"}],"about":[{"href":"https:\/\/www.cinc.com\/ca\/wp-json\/wp\/v2\/types\/post"}],"author":[{"embeddable":true,"href":"https:\/\/www.cinc.com\/ca\/wp-json\/wp\/v2\/users\/25"}],"replies":[{"embeddable":true,"href":"https:\/\/www.cinc.com\/ca\/wp-json\/wp\/v2\/comments?post=33590"}],"version-history":[{"count":1,"href":"https:\/\/www.cinc.com\/ca\/wp-json\/wp\/v2\/posts\/33590\/revisions"}],"predecessor-version":[{"id":33591,"href":"https:\/\/www.cinc.com\/ca\/wp-json\/wp\/v2\/posts\/33590\/revisions\/33591"}],"wp:featuredmedia":[{"embeddable":true,"href":"https:\/\/www.cinc.com\/ca\/wp-json\/wp\/v2\/media\/33585"}],"wp:attachment":[{"href":"https:\/\/www.cinc.com\/ca\/wp-json\/wp\/v2\/media?parent=33590"}],"wp:term":[{"taxonomy":"category","embeddable":true,"href":"https:\/\/www.cinc.com\/ca\/wp-json\/wp\/v2\/categories?post=33590"},{"taxonomy":"post_tag","embeddable":true,"href":"https:\/\/www.cinc.com\/ca\/wp-json\/wp\/v2\/tags?post=33590"}],"curies":[{"name":"wp","href":"https:\/\/api.w.org\/{rel}","templated":true}]}}