{"id":33571,"date":"2026-04-24T18:10:29","date_gmt":"2026-04-24T17:10:29","guid":{"rendered":"https:\/\/www.cinc.com\/?p=33571"},"modified":"2026-04-24T18:13:03","modified_gmt":"2026-04-24T17:13:03","slug":"entrevista-a-cedric-choffat","status":"publish","type":"post","link":"https:\/\/www.cinc.com\/ca\/entrevista-a-cedric-choffat\/","title":{"rendered":"Entrevista a C\u00e9dric Choffat"},"content":{"rendered":"\n<p><\/p>\n\n\n\n<div class=\"wp-block-uagb-advanced-heading uagb-block-baecf2cc\"><h3 class=\"uagb-heading-text\">Per comen\u00e7ar, C\u00e9dric, ens podries explicar la teva traject\u00f2ria professional en el m\u00f3n industrial i com t\u2019ha portat al teu projecte actual?<\/h3><\/div>\n\n\n\n<p>Vinc d\u2019una fam\u00edlia d\u2019emprenedors. El meu pare dirigia una empresa especialitzada en la fabricaci\u00f3 de motlles i models per a foneries, amb una forta pres\u00e8ncia al nord de Fran\u00e7a, especialment a la regi\u00f3 de les Ardenes, aix\u00ed com a B\u00e8lgica.<br>Des de ben jove vaig estar immers en aquest entorn i vaig comen\u00e7ar a fabricar utillatges i models t\u00e8cnics. Posteriorment, vaig realitzar una formaci\u00f3 especialitzada en foneria i modelatge.<br>Als 20 anys vaig crear la meva primera empresa, vinculada a la meva passi\u00f3 pel motocross. Vaig comen\u00e7ar dissenyant peces personalitzades per a la meva moto, i r\u00e0pidament va sorgir una demanda per part de preparadors de motors a Europa.<br>Aix\u00f2 em va permetre estructurar una activitat industrial, i poc despr\u00e9s vaig ser contactat per Yamaha, que es va convertir en el meu principal client durant m\u00e9s de 25 anys.<\/p>\n\n\n\n<div class=\"wp-block-uagb-advanced-heading uagb-block-ea36edfa\"><h3 class=\"uagb-heading-text\">Durant m\u00e9s de 25 anys has treballat en el desenvolupament de productes per a grans marques del sector. Qu\u00e8 t\u2019ha aportat aquesta experi\u00e8ncia i com ha influ\u00eft en la teva manera d\u2019emprendre?<\/h3><\/div>\n\n\n\n<p>Aquesta experi\u00e8ncia m\u2019ha ensenyat la import\u00e0ncia del rigor industrial i de l\u2019enfocament pr\u00e0ctic. He tingut l\u2019oportunitat de treballar amb marques com Yamaha, KTM, Honda Europe i Triumph, desenvolupant productes distribu\u00efts a nivell internacional.<br>Des del 2002 vaig desenvolupar la meva pr\u00f2pia marca, ACD Racing Parts, estructurant progressivament una activitat internacional, incloent la creaci\u00f3 de dues empreses de distribuci\u00f3 als Estats Units.<br>Tot aix\u00f2 m\u2019ha donat una visi\u00f3 completa del cicle de producte: disseny, industrialitzaci\u00f3, producci\u00f3 i distribuci\u00f3. Avui aplico aquest enfocament a cada projecte, assegurant que les solucions siguin viables, robustes i escalables.<\/p>\n\n\n\n<div class=\"wp-block-uagb-advanced-heading uagb-block-eadf34a6\"><h3 class=\"uagb-heading-text\">Qu\u00e8 et va portar a crear Momentum Technologies i a desenvolupar el projecte LifePods?<\/h3><\/div>\n\n\n\n<p>El projecte LifePods \u00e9s una idea que tenia des del 2011. En aquell moment no disposava ni del temps ni dels recursos t\u00e8cnics i industrials necessaris per desenvolupar-lo.<br>Amb els anys, i gr\u00e0cies a l\u2019experi\u00e8ncia adquirida i al desenvolupament de la meva xarxa industrial i de les meves capacitats d\u2019enginyeria, vaig poder reunir les condicions necess\u00e0ries per llan\u00e7ar aquest projecte.<br>El meu objectiu era aportar una soluci\u00f3 concreta a problem\u00e0tiques reals, recolzant-me en una base industrial s\u00f2lida.<\/p>\n\n\n\n<div class=\"wp-block-uagb-advanced-heading uagb-block-fc0d6af8\"><h3 class=\"uagb-heading-text\">LifePods neix com a resposta a situacions extremes. En qu\u00e8 consisteix aquesta soluci\u00f3 i quin valor diferencial aporta respecte a altres alternatives?<\/h3><\/div>\n\n\n\n<p>LifePods \u00e9s una gamma de c\u00e0psules de protecci\u00f3 dissenyada per respondre a diferents tipus de riscos: desastres naturals, incendis, inundacions o amenaces bal\u00edstiques, segons la versi\u00f3.<br>Cada c\u00e0psula est\u00e0 concebuda en funci\u00f3 del seu \u00fas espec\u00edfic, amb un enfocament multirisc adaptat a les situacions a les quals es poden enfrontar els usuaris.<br>El valor diferencial rau en la combinaci\u00f3 de robustesa, facilitat d\u2019\u00fas i rapidesa de desplegament. A difer\u00e8ncia de solucions tradicionals com els b\u00fanquers, que solen ser costosos i complexos, LifePods proposa una alternativa m\u00e9s accessible, modular i adaptada a contextos reals.<br>L\u2019objectiu \u00e9s oferir una soluci\u00f3 efica\u00e7 que es pugui utilitzar r\u00e0pidament quan el temps de reacci\u00f3 \u00e9s limitat.<\/p>\n\n\n\n<div class=\"wp-block-uagb-advanced-heading uagb-block-a1ebdf43\"><h3 class=\"uagb-heading-text\">Vivim en un context marcat per riscos clim\u00e0tics i geopol\u00edtics. Com creus que evolucionar\u00e0 la demanda de solucions com les que proposes?<\/h3><\/div>\n\n\n\n<p>Estem observant una evoluci\u00f3 clara: els riscos ja no s\u00f3n te\u00f2rics, sin\u00f3 cada vegada m\u00e9s concrets i visibles.<br>Aix\u00f2 genera una demanda creixent de solucions fiables, r\u00e0pides d\u2019implementar i adaptades a diferents entorns. Crec que aquesta necessitat continuar\u00e0 augmentant en els pr\u00f2xims anys, amb una major exig\u00e8ncia en termes de seguretat i resili\u00e8ncia.<\/p>\n\n\n\n<div class=\"wp-block-uagb-advanced-heading uagb-block-61fce3bc\"><h3 class=\"uagb-heading-text\">El teu projecte combina innovaci\u00f3, enginyeria i impacte social. Quins han estat els principals reptes en el desenvolupament i la industrialitzaci\u00f3 del producte?<\/h3><\/div>\n\n\n\n<p>El principal repte ha estat equilibrar el rendiment t\u00e8cnic amb la capacitat d\u2019industrialitzaci\u00f3. Cal desenvolupar un producte capa\u00e7 de respondre a condicions extremes, per\u00f2 que al mateix temps es pugui fabricar de manera eficient i repetible.<br>Aix\u00f2 implica prendre decisions t\u00e8cniques precises, realitzar proves, ajustar cont\u00ednuament i tenir sempre en compte les limitacions industrials des de l\u2019inici.<\/p>\n\n\n\n<div class=\"wp-block-uagb-advanced-heading uagb-block-43212a1c\"><h3 class=\"uagb-heading-text\">Actualment esteu en fase de creixement i expansi\u00f3. Quins s\u00f3n els pr\u00f2xims passos per a Momentum Technologies?<\/h3><\/div>\n\n\n\n<p>Actualment estem en una fase avan\u00e7ada de validaci\u00f3, amb assaigs en curs i un inter\u00e8s comercial ja present a nivell internacional.<br>A curt termini, l\u2019objectiu \u00e9s finalitzar aquestes validacions i llan\u00e7ar les primeres produccions i entregues.<br>A mitj\u00e0 termini, volem estructurar la nostra capacitat industrial, desenvolupar la nostra xarxa de distribuci\u00f3 i acompanyar el creixement del projecte a nivell internacional.<\/p>\n\n\n\n<div class=\"wp-block-uagb-advanced-heading uagb-block-cd326e70\"><h3 class=\"uagb-heading-text\">Com a usuari de CINC Girona, qu\u00e8 \u00e9s el que m\u00e9s valores de l\u2019espai i dels serveis que ofereix el centre?<\/h3><\/div>\n\n\n\n<p>Vaig escollir CINC Girona pel seu entorn professional i estructurat. \u00c9s un espai que transmet una imatge seriosa i permet treballar en molt bones condicions.<br>L\u2019acc\u00e9s a serveis com cuina, zones de descans, caf\u00e8, fruita diverses vegades per setmana i el manteniment regular dels espais facilita concentrar-se plenament en la feina.<br>A m\u00e9s, la proximitat al centre de la ciutat, la pres\u00e8ncia de restaurants propers i el p\u00e0rquing s\u00f3n avantatges importants. Finalment, les sales de reunions s\u00f3n d\u2019alt nivell, cosa que permet rebre col\u00b7laboradors o clients en un entorn molt professional.<\/p>\n\n\n\n<p><\/p>\n","protected":false},"excerpt":{"rendered":"<p>Parlem amb C\u00e9dric Choffat, emprenedor i fundador de Momentum Technologies.<\/p>\n","protected":false},"author":25,"featured_media":33572,"comment_status":"closed","ping_status":"open","sticky":false,"template":"","format":"standard","meta":{"_acf_changed":false,"_uag_custom_page_level_css":"","_jetpack_memberships_contains_paid_content":false,"footnotes":""},"categories":[19],"tags":[],"class_list":["post-33571","post","type-post","status-publish","format-standard","has-post-thumbnail","hentry","category-entrevistes"],"acf":[],"jetpack_featured_media_url":"https:\/\/www.cinc.com\/wp-content\/uploads\/MILIPOL-2025.jpg","uagb_featured_image_src":{"full":["https:\/\/www.cinc.com\/wp-content\/uploads\/MILIPOL-2025.jpg",2048,1536,false],"thumbnail":["https:\/\/www.cinc.com\/wp-content\/uploads\/MILIPOL-2025-150x150.jpg",150,150,true],"medium":["https:\/\/www.cinc.com\/wp-content\/uploads\/MILIPOL-2025-300x225.jpg",300,225,true],"medium_large":["https:\/\/www.cinc.com\/wp-content\/uploads\/MILIPOL-2025-768x576.jpg",768,576,true],"large":["https:\/\/www.cinc.com\/wp-content\/uploads\/MILIPOL-2025-1440x1080.jpg",960,720,true],"1536x1536":["https:\/\/www.cinc.com\/wp-content\/uploads\/MILIPOL-2025-1536x1152.jpg",1536,1152,true],"2048x2048":["https:\/\/www.cinc.com\/wp-content\/uploads\/MILIPOL-2025.jpg",2048,1536,false],"gform-image-choice-sm":["https:\/\/www.cinc.com\/wp-content\/uploads\/MILIPOL-2025.jpg",300,225,false],"gform-image-choice-md":["https:\/\/www.cinc.com\/wp-content\/uploads\/MILIPOL-2025.jpg",400,300,false],"gform-image-choice-lg":["https:\/\/www.cinc.com\/wp-content\/uploads\/MILIPOL-2025.jpg",600,450,false]},"uagb_author_info":{"display_name":"Neus Coll","author_link":"https:\/\/www.cinc.com\/ca\/author\/neus-coll\/"},"uagb_comment_info":0,"uagb_excerpt":"Parlem amb C\u00e9dric Choffat, emprenedor i fundador de Momentum Technologies.","jetpack_sharing_enabled":true,"_links":{"self":[{"href":"https:\/\/www.cinc.com\/ca\/wp-json\/wp\/v2\/posts\/33571","targetHints":{"allow":["GET"]}}],"collection":[{"href":"https:\/\/www.cinc.com\/ca\/wp-json\/wp\/v2\/posts"}],"about":[{"href":"https:\/\/www.cinc.com\/ca\/wp-json\/wp\/v2\/types\/post"}],"author":[{"embeddable":true,"href":"https:\/\/www.cinc.com\/ca\/wp-json\/wp\/v2\/users\/25"}],"replies":[{"embeddable":true,"href":"https:\/\/www.cinc.com\/ca\/wp-json\/wp\/v2\/comments?post=33571"}],"version-history":[{"count":4,"href":"https:\/\/www.cinc.com\/ca\/wp-json\/wp\/v2\/posts\/33571\/revisions"}],"predecessor-version":[{"id":33579,"href":"https:\/\/www.cinc.com\/ca\/wp-json\/wp\/v2\/posts\/33571\/revisions\/33579"}],"wp:featuredmedia":[{"embeddable":true,"href":"https:\/\/www.cinc.com\/ca\/wp-json\/wp\/v2\/media\/33572"}],"wp:attachment":[{"href":"https:\/\/www.cinc.com\/ca\/wp-json\/wp\/v2\/media?parent=33571"}],"wp:term":[{"taxonomy":"category","embeddable":true,"href":"https:\/\/www.cinc.com\/ca\/wp-json\/wp\/v2\/categories?post=33571"},{"taxonomy":"post_tag","embeddable":true,"href":"https:\/\/www.cinc.com\/ca\/wp-json\/wp\/v2\/tags?post=33571"}],"curies":[{"name":"wp","href":"https:\/\/api.w.org\/{rel}","templated":true}]}}