{"id":33561,"date":"2026-04-24T17:30:38","date_gmt":"2026-04-24T16:30:38","guid":{"rendered":"https:\/\/www.cinc.com\/?p=33561"},"modified":"2026-04-24T17:39:42","modified_gmt":"2026-04-24T16:39:42","slug":"la-aepd-impulsa-una-xarxa-estatal-de-recerca-en-privacitat-i-tecnologies-emergents","status":"publish","type":"post","link":"https:\/\/www.cinc.com\/ca\/la-aepd-impulsa-una-xarxa-estatal-de-recerca-en-privacitat-i-tecnologies-emergents\/","title":{"rendered":"La AEPD impulsa una xarxa estatal de recerca en privacitat i tecnologies emergents"},"content":{"rendered":"\n<p>La Xarxa integra prop de 100 grups de recerca d\u2019universitats, centres i entitats de tot Espanya per refor\u00e7ar la investigaci\u00f3 en protecci\u00f3 de dades i noves tecnologies com la intel\u00b7lig\u00e8ncia artificial.<\/p>\n\n\n\n<div class=\"wp-block-uagb-advanced-heading uagb-block-04e70144\"><h3 class=\"uagb-heading-text\">Una comunitat cient\u00edfica i t\u00e8cnica multidisciplin\u00e0ria<\/h3><\/div>\n\n\n\n<p>L\u2019Ag\u00e8ncia Espanyola de Protecci\u00f3 de Dades (AEPD) ha posat en marxa una xarxa p\u00fablica de grups i projectes de recerca que reuneix prop d\u2019un centenar d\u2019equips especialitzats en privacitat, protecci\u00f3 de dades i tecnologies emergents.<\/p>\n\n\n\n<p>La iniciativa integra universitats, centres d\u2019investigaci\u00f3, fundacions i altres entitats p\u00fabliques i privades, amb l\u2019objectiu de consolidar una comunitat experta i multidisciplin\u00e0ria.<\/p>\n\n\n\n<div class=\"wp-block-uagb-advanced-heading uagb-block-1bb91b1d\"><h3 class=\"uagb-heading-text\">Objectius: col\u00b7laboraci\u00f3 i transfer\u00e8ncia de coneixement<\/h3><\/div>\n\n\n\n<p>La Xarxa t\u00e9 com a finalitat impulsar la col\u00b7laboraci\u00f3 entre equips, fomentar sinergies i facilitar la transfer\u00e8ncia de coneixement entre \u00e0mbits com el dret, l\u2019economia i la tecnologia.<\/p>\n\n\n\n<p>Tamb\u00e9 vol contribuir a la difusi\u00f3 de resultats cient\u00edfics i al desenvolupament de noves l\u00ednies de recerca en l\u2019\u00e0mbit de la privacitat i les tecnologies emergents.<\/p>\n\n\n\n<div class=\"wp-block-uagb-advanced-heading uagb-block-eb3c5c56\"><h3 class=\"uagb-heading-text\">Activitat i divulgaci\u00f3<\/h3><\/div>\n\n\n\n<p>La iniciativa preveu una agenda activa amb:<\/p>\n\n\n\n<ul class=\"wp-block-list\">\n<li>Trobades peri\u00f2diques entre especialistes<\/li>\n\n\n\n<li>Generaci\u00f3 de continguts t\u00e8cnics i divulgatius<\/li>\n\n\n\n<li>Accions per fomentar la cultura de la privacitat<\/li>\n<\/ul>\n\n\n\n<p>A m\u00e9s, servir\u00e0 com a canal per donar visibilitat a projectes i investigacions del sector.<\/p>\n\n\n\n<div class=\"wp-block-uagb-advanced-heading uagb-block-f1daf4d8\"><h3 class=\"uagb-heading-text\">Col\u00b7laboraci\u00f3 institucional<\/h3><\/div>\n\n\n\n<p>La xarxa compta amb la col\u00b7laboraci\u00f3 de la Fundaci\u00f3 ValgrAI, que donar\u00e0 suport en la coordinaci\u00f3 i dinamitzaci\u00f3 dels grups participants.<\/p>\n\n\n\n<p>Aquest projecte s\u2019integra dins del Laboratori de l\u2019AEPD, des d\u2019on es promouen iniciatives per anticipar tend\u00e8ncies tecnol\u00f2giques amb impacte en la privacitat.<\/p>\n\n\n\n<div class=\"wp-block-uagb-advanced-heading uagb-block-1c25bd4a\"><h3 class=\"uagb-heading-text\">Un pont entre recerca i societat<\/h3><\/div>\n\n\n\n<p>Amb aquesta iniciativa, l\u2019AEPD refor\u00e7a el seu paper com a punt de connexi\u00f3 entre recerca, regulaci\u00f3 i societat, impulsant un ecosistema m\u00e9s connectat i orientat a la innovaci\u00f3 responsable.<\/p>\n\n\n\n<p>Si vols assessorament en protecci\u00f3 de dades o compliment normatiu per a la teva empresa, <a href=\"https:\/\/www.cinc.com\/ca\/contacte\/\">contacta<\/a> amb CINC i t\u2019ajudarem a adaptar-te a la normativa vigent.<\/p>\n\n\n\n<p><\/p>\n","protected":false},"excerpt":{"rendered":"<p>Un nou espai de col\u00b7laboraci\u00f3 reuneix equips de recerca de tot l\u2019Estat per impulsar projectes sobre tecnologia, dades i innovaci\u00f3, amb l\u2019objectiu de connectar coneixement i anticipar els reptes del futur digital.<\/p>\n","protected":false},"author":25,"featured_media":33562,"comment_status":"closed","ping_status":"open","sticky":false,"template":"","format":"standard","meta":{"_acf_changed":false,"_uag_custom_page_level_css":"","_jetpack_memberships_contains_paid_content":false,"footnotes":""},"categories":[18,103],"tags":[],"class_list":["post-33561","post","type-post","status-publish","format-standard","has-post-thumbnail","hentry","category-assessoria","category-proteccio-de-dades"],"acf":[],"jetpack_featured_media_url":"https:\/\/www.cinc.com\/wp-content\/uploads\/geralt-network-4109223_1920.jpg","uagb_featured_image_src":{"full":["https:\/\/www.cinc.com\/wp-content\/uploads\/geralt-network-4109223_1920.jpg",1920,1280,false],"thumbnail":["https:\/\/www.cinc.com\/wp-content\/uploads\/geralt-network-4109223_1920-150x150.jpg",150,150,true],"medium":["https:\/\/www.cinc.com\/wp-content\/uploads\/geralt-network-4109223_1920-300x200.jpg",300,200,true],"medium_large":["https:\/\/www.cinc.com\/wp-content\/uploads\/geralt-network-4109223_1920-768x512.jpg",768,512,true],"large":["https:\/\/www.cinc.com\/wp-content\/uploads\/geralt-network-4109223_1920-1620x1080.jpg",960,640,true],"1536x1536":["https:\/\/www.cinc.com\/wp-content\/uploads\/geralt-network-4109223_1920-1536x1024.jpg",1536,1024,true],"2048x2048":["https:\/\/www.cinc.com\/wp-content\/uploads\/geralt-network-4109223_1920.jpg",1920,1280,false],"gform-image-choice-sm":["https:\/\/www.cinc.com\/wp-content\/uploads\/geralt-network-4109223_1920.jpg",300,200,false],"gform-image-choice-md":["https:\/\/www.cinc.com\/wp-content\/uploads\/geralt-network-4109223_1920.jpg",400,267,false],"gform-image-choice-lg":["https:\/\/www.cinc.com\/wp-content\/uploads\/geralt-network-4109223_1920.jpg",600,400,false]},"uagb_author_info":{"display_name":"Neus Coll","author_link":"https:\/\/www.cinc.com\/ca\/author\/neus-coll\/"},"uagb_comment_info":0,"uagb_excerpt":"Un nou espai de col\u00b7laboraci\u00f3 reuneix equips de recerca de tot l\u2019Estat per impulsar projectes sobre tecnologia, dades i innovaci\u00f3, amb l\u2019objectiu de connectar coneixement i anticipar els reptes del futur digital.","jetpack_sharing_enabled":true,"_links":{"self":[{"href":"https:\/\/www.cinc.com\/ca\/wp-json\/wp\/v2\/posts\/33561","targetHints":{"allow":["GET"]}}],"collection":[{"href":"https:\/\/www.cinc.com\/ca\/wp-json\/wp\/v2\/posts"}],"about":[{"href":"https:\/\/www.cinc.com\/ca\/wp-json\/wp\/v2\/types\/post"}],"author":[{"embeddable":true,"href":"https:\/\/www.cinc.com\/ca\/wp-json\/wp\/v2\/users\/25"}],"replies":[{"embeddable":true,"href":"https:\/\/www.cinc.com\/ca\/wp-json\/wp\/v2\/comments?post=33561"}],"version-history":[{"count":2,"href":"https:\/\/www.cinc.com\/ca\/wp-json\/wp\/v2\/posts\/33561\/revisions"}],"predecessor-version":[{"id":33567,"href":"https:\/\/www.cinc.com\/ca\/wp-json\/wp\/v2\/posts\/33561\/revisions\/33567"}],"wp:featuredmedia":[{"embeddable":true,"href":"https:\/\/www.cinc.com\/ca\/wp-json\/wp\/v2\/media\/33562"}],"wp:attachment":[{"href":"https:\/\/www.cinc.com\/ca\/wp-json\/wp\/v2\/media?parent=33561"}],"wp:term":[{"taxonomy":"category","embeddable":true,"href":"https:\/\/www.cinc.com\/ca\/wp-json\/wp\/v2\/categories?post=33561"},{"taxonomy":"post_tag","embeddable":true,"href":"https:\/\/www.cinc.com\/ca\/wp-json\/wp\/v2\/tags?post=33561"}],"curies":[{"name":"wp","href":"https:\/\/api.w.org\/{rel}","templated":true}]}}