{"id":3352,"date":"2021-02-08T00:00:00","date_gmt":"2021-02-08T00:00:00","guid":{"rendered":"https:\/\/www.cinc.com\/linies-de-credit-ico-2021-per-autonoms-i-emprenedors\/"},"modified":"2021-02-08T00:00:00","modified_gmt":"2021-02-08T00:00:00","slug":"linies-de-credit-ico-2021-per-autonoms-i-emprenedors","status":"publish","type":"post","link":"https:\/\/www.cinc.com\/ca\/linies-de-credit-ico-2021-per-autonoms-i-emprenedors\/","title":{"rendered":"L\u00ednies de cr\u00e8dit ICO 2021 per aut\u00f2noms i emprenedors"},"content":{"rendered":"<div style=\"text-align: justify;\">\n\tDurant 2021, estan vigents noves l&iacute;nies de cr&egrave;dit ICO durant 2021 per a aut&ograve;noms i emprenedors, que podran sol&middot;licitar-se al llarg de l&#39;any.<\/div>\n<div style=\"text-align: justify;\">\n\t&nbsp;<\/div>\n<div style=\"text-align: justify;\">\n<h2 class=\"h2Noticia\">\n\t\tQui pot accedir a aquestes l&iacute;nies d&#39;ajuda?<\/h2>\n<hr \/>\n<\/div>\n<div style=\"text-align: justify;\">\n\tPodran sol&middot;licitar els pr&eacute;stecs aut&ograve;noms, emprenedors i tot tipus d&#39;empreses, tant espanyoles com estrangeres que vulguin dur a terme activitats empresarials i \/o inversions, cobrir necessitats de liquiditat o despeses dins del territori nacional.<\/div>\n<div style=\"text-align: justify;\">\n\t&nbsp;<\/div>\n<div style=\"text-align: justify;\">\n\tTamb&eacute; podran sol&middot;licitar finan&ccedil;ament dels particulars, les comunitats de propietaris i les agrupacions de comunitats de propietaris per rehabilitar habitatges i edificis o reforma dels seus elements comuns.<\/div>\n<div style=\"text-align: justify;\">\n\t&nbsp;<\/div>\n<div style=\"text-align: justify;\">\n<h2 class=\"h2Noticia\">\n\t\tOn es poden sol&middot;licitar?<\/h2>\n<hr \/>\n<\/div>\n<div style=\"text-align: justify;\">\n\tDirectament a trav&eacute;s de les entitats de cr&egrave;dit.<\/div>\n<div style=\"text-align: justify;\">\n\t&nbsp;<\/div>\n<div style=\"text-align: justify;\">\n<h2 class=\"h2Noticia\">\n\t\tQuin &eacute;s l&#39;import m&agrave;xim per client i per any?<\/h2>\n<hr \/>\n<\/div>\n<div style=\"text-align: justify;\">\n\tEs podr&agrave; finan&ccedil;ar fins al 100% de l&#39;import de la factura sempre que no se superi l&#39;import m&agrave;xim de 12,5 milions d&#39;euros de saldo viu per client i any, en una o diverses operacions.<\/div>\n<div style=\"text-align: justify;\">\n\t&nbsp;<\/div>\n<div style=\"text-align: justify;\">\n<h2 class=\"h2Noticia\">\n\t\tQuins conceptes s&oacute;n finan&ccedil;ables?<\/h2>\n<hr \/>\n<\/div>\n<div style=\"text-align: justify;\">\n\t&nbsp;<\/div>\n<ul>\n<li style=\"text-align: justify;\">\n\t\tProjectes d&#39;inversi&oacute; i \/o les necessitats generals de l&#39;activitat, entre d&#39;altres, necessitats de liquiditat com ara despeses corrents, n&ograve;mines, pagaments a prove&iuml;dors, compra de mercaderia, etc.<\/li>\n<li style=\"text-align: justify;\">\n\t\tNecessitats tecnol&ograve;giques.<\/li>\n<li style=\"text-align: justify;\">\n\t\tAdquisici&oacute; d&#39;actius fixos nous o de segona m&agrave;.<\/li>\n<li style=\"text-align: justify;\">\n\t\tVehicles turismes i industrials.<\/li>\n<li style=\"text-align: justify;\">\n\t\tAdequaci&oacute; i reforma d&#39;instal&middot;lacions.<\/li>\n<li style=\"text-align: justify;\">\n\t\tAdquisici&oacute; d&#39;empreses.<\/li>\n<li style=\"text-align: justify;\">\n\t\tRehabilitaci&oacute; o reforma d&#39;edificis, elements comuns i habitatges (IVA o impostos an&agrave;legs inclosos) en el cas de comunitats de propietaris, agrupacions de comunitats de propietaris i particulars.<\/li>\n<\/ul>\n<div style=\"text-align: justify;\">\n<h2 class=\"h2Noticia\">\n\t\tQuines s&oacute;n les modalitats d&#39;operaci&oacute; existents?<\/h2>\n<hr \/>\n<\/div>\n<div style=\"text-align: justify;\">\n\tPr&eacute;stec, leasing, renting o l&iacute;nia de cr&egrave;dit.<\/div>\n<div style=\"text-align: justify;\">\n\t&nbsp;<\/div>\n<div style=\"text-align: justify;\">\n<h2 class=\"h2Noticia\">\n\t\tQuins tipus d&#39;inter&egrave;s s&#39;ofereixen?<\/h2>\n<hr \/>\n<\/div>\n<div style=\"text-align: justify;\">\n\tEs pot triar entre un tipus d&#39;inter&egrave;s fix o variable. Si l&#39;operaci&oacute; es va formalitzar a tipus d&#39;inter&egrave;s variable, aquest ser&agrave; revisat semestralment per l&#39;entitat de cr&egrave;dit d&#39;acord amb el que estableix el contracte de finan&ccedil;ament.<\/div>\n<div style=\"text-align: justify;\">\n\t&nbsp;<\/div>\n<div style=\"text-align: justify;\">\n\tLa TAE no podr&agrave; superar els l&iacute;mits seg&uuml;ents:<\/div>\n<div style=\"text-align: justify;\">\n\t&nbsp;<\/div>\n<ul>\n<li style=\"text-align: justify;\">\n\t\t&nbsp;Per a operacions a termini igual a 1 any: tipus fix o variable m&eacute;s fins 2,30%.<\/li>\n<li style=\"text-align: justify;\">\n\t\tPer a operacions a termini de 2, 3 o 4 anys: tipus fix o variable m&eacute;s fins a 4,00%.<\/li>\n<li style=\"text-align: justify;\">\n\t\tPer a operacions a un termini igual o superior a 5 anys: tipus fix o variable m&eacute;s fins 4,30%<\/li>\n<\/ul>\n<div style=\"text-align: justify;\">\n\tEl TAE s&#39;actualitza amb car&agrave;cter quinzenal. Es pot consultar a la fitxa del producte del web de l&#39;ICO.<\/div>\n<div style=\"text-align: justify;\">\n\t&nbsp;<\/div>\n<div style=\"text-align: justify;\">\n<h2 class=\"h2Noticia\">\n\t\tQuin &eacute;s el termini d&#39;amortitzaci&oacute; i car&egrave;ncia?<\/h2>\n<hr \/>\n<\/div>\n<div style=\"text-align: justify;\">\n\tD&#39;un a 20 anys amb la possibilitat de fins a 3 anys de car&egrave;ncia de principal en funci&oacute; dels terminis.<\/div>\n<div style=\"text-align: justify;\">\n\t&nbsp;<\/div>\n<div style=\"text-align: justify;\">\n<h2 class=\"h2Noticia\">\n\t\tQuines comissions i despeses s&#39;apliquen?<\/h2>\n<hr \/>\n<\/div>\n<div style=\"text-align: justify;\">\n\tL&#39;entitat de cr&egrave;dit podr&agrave; cobrar una &uacute;nica comissi&oacute; a l&#39;inici de l&#39;operaci&oacute;, a m&eacute;s de, si s&#39;escau, la d&#39;amortitzaci&oacute; anticipada.<\/div>\n<div style=\"text-align: justify;\">\n\t&nbsp;<\/div>\n<div style=\"text-align: justify;\">\n<h2 class=\"h2Noticia\">\n\t\tQuines s&oacute;n les garanties?<\/h2>\n<hr \/>\n<\/div>\n<div style=\"text-align: justify;\">\n\tQuedaran determinades per l&#39;entitat de cr&egrave;dit, excepte l&#39;aval de SGR\/SAECA.<\/div>\n<div>\n\t&nbsp;<\/div>\n","protected":false},"excerpt":{"rendered":"<p style=\"text-align: justify;\">\n\t<span style=\"text-align: justify;\">Durant 2021, estan vigents noves l&iacute;nies de cr&egrave;dit ICO durant 2021 per a aut&ograve;noms i emprenedors, que podran sol&middot;licitar-se al llarg de l&#39;any.<\/span><\/p>\n","protected":false},"author":2,"featured_media":3353,"comment_status":"open","ping_status":"open","sticky":false,"template":"","format":"standard","meta":{"_acf_changed":false,"_uag_custom_page_level_css":"","_jetpack_memberships_contains_paid_content":false,"footnotes":""},"categories":[18],"tags":[],"class_list":["post-3352","post","type-post","status-publish","format-standard","has-post-thumbnail","hentry","category-assessoria"],"acf":[],"jetpack_featured_media_url":"https:\/\/www.cinc.com\/wp-content\/uploads\/2023\/03\/968.jpg","uagb_featured_image_src":{"full":["https:\/\/www.cinc.com\/wp-content\/uploads\/2023\/03\/968.jpg",1113,361,false],"thumbnail":["https:\/\/www.cinc.com\/wp-content\/uploads\/2023\/03\/968.jpg",150,49,false],"medium":["https:\/\/www.cinc.com\/wp-content\/uploads\/2023\/03\/968.jpg",300,97,false],"medium_large":["https:\/\/www.cinc.com\/wp-content\/uploads\/2023\/03\/968.jpg",768,249,false],"large":["https:\/\/www.cinc.com\/wp-content\/uploads\/2023\/03\/968.jpg",960,311,false],"1536x1536":["https:\/\/www.cinc.com\/wp-content\/uploads\/2023\/03\/968.jpg",1113,361,false],"2048x2048":["https:\/\/www.cinc.com\/wp-content\/uploads\/2023\/03\/968.jpg",1113,361,false],"gform-image-choice-sm":["https:\/\/www.cinc.com\/wp-content\/uploads\/2023\/03\/968.jpg",300,97,false],"gform-image-choice-md":["https:\/\/www.cinc.com\/wp-content\/uploads\/2023\/03\/968.jpg",400,130,false],"gform-image-choice-lg":["https:\/\/www.cinc.com\/wp-content\/uploads\/2023\/03\/968.jpg",600,195,false]},"uagb_author_info":{"display_name":"Utrans","author_link":"https:\/\/www.cinc.com\/ca\/author\/utrans\/"},"uagb_comment_info":0,"uagb_excerpt":"Durant 2021, estan vigents noves l&iacute;nies de cr&egrave;dit ICO durant 2021 per a aut&ograve;noms i emprenedors, que podran sol&middot;licitar-se al llarg de l&#39;any.","jetpack_sharing_enabled":true,"_links":{"self":[{"href":"https:\/\/www.cinc.com\/ca\/wp-json\/wp\/v2\/posts\/3352","targetHints":{"allow":["GET"]}}],"collection":[{"href":"https:\/\/www.cinc.com\/ca\/wp-json\/wp\/v2\/posts"}],"about":[{"href":"https:\/\/www.cinc.com\/ca\/wp-json\/wp\/v2\/types\/post"}],"author":[{"embeddable":true,"href":"https:\/\/www.cinc.com\/ca\/wp-json\/wp\/v2\/users\/2"}],"replies":[{"embeddable":true,"href":"https:\/\/www.cinc.com\/ca\/wp-json\/wp\/v2\/comments?post=3352"}],"version-history":[{"count":0,"href":"https:\/\/www.cinc.com\/ca\/wp-json\/wp\/v2\/posts\/3352\/revisions"}],"wp:featuredmedia":[{"embeddable":true,"href":"https:\/\/www.cinc.com\/ca\/wp-json\/wp\/v2\/media\/3353"}],"wp:attachment":[{"href":"https:\/\/www.cinc.com\/ca\/wp-json\/wp\/v2\/media?parent=3352"}],"wp:term":[{"taxonomy":"category","embeddable":true,"href":"https:\/\/www.cinc.com\/ca\/wp-json\/wp\/v2\/categories?post=3352"},{"taxonomy":"post_tag","embeddable":true,"href":"https:\/\/www.cinc.com\/ca\/wp-json\/wp\/v2\/tags?post=3352"}],"curies":[{"name":"wp","href":"https:\/\/api.w.org\/{rel}","templated":true}]}}