{"id":33350,"date":"2026-03-10T15:45:30","date_gmt":"2026-03-10T14:45:30","guid":{"rendered":"https:\/\/www.cinc.com\/?p=33350"},"modified":"2026-03-10T15:48:41","modified_gmt":"2026-03-10T14:48:41","slug":"cinc-participa-a-la-6a-edicio-del-salo-dels-oficis-de-figueres","status":"publish","type":"post","link":"https:\/\/www.cinc.com\/ca\/cinc-participa-a-la-6a-edicio-del-salo-dels-oficis-de-figueres\/","title":{"rendered":"CINC participa a la 6a edici\u00f3 del Sal\u00f3 dels Oficis de Figueres"},"content":{"rendered":"\n<p>CINC participa un any m\u00e9s al <strong>Sal\u00f3 dels Oficis de Figueres<\/strong>, que enguany celebra la seva 6a edici\u00f3 al Recinte Firal de la ciutat. Aquest esdeveniment reuneix entitats p\u00fabliques i privades, centres educatius, estudiants i fam\u00edlies de l\u2019Alt Empord\u00e0 amb l\u2019objectiu de donar a con\u00e8ixer els oficis i la Formaci\u00f3 Professional de la comarca.<\/p>\n\n\n\n<p>CINC hi participa dins la <strong>fam\u00edlia professional d\u2019Administraci\u00f3 i Gesti\u00f3<\/strong>, vinculada als cicles formatius de <strong>CFGM Gesti\u00f3 Administrativa<\/strong> i <strong>CFGS Administraci\u00f3 i Finances<\/strong>. Durant la jornada, l\u2019equip de CINC realitza petites demostracions pr\u00e0ctiques de 15 a 20 minuts adre\u00e7ades als alumnes que visiten l\u2019estand, amb la voluntat d\u2019apropar-los al dia a dia del sector de l\u2019assessoria i la gesti\u00f3 empresarial.<\/p>\n\n\n\n<p>El Sal\u00f3 dels Oficis t\u00e9 com a finalitat ajudar els estudiants que es troben en el moment d\u2019orientar el seu futur acad\u00e8mic i professional, oferint-los una experi\u00e8ncia vivencial i pr\u00e0ctica sobre les diferents opcions formatives i laborals que ofereixen els oficis.<\/p>\n\n\n\n<p>Amb la seva participaci\u00f3 en aquesta iniciativa, CINC reafirma el seu comprom\u00eds amb el territori i amb la promoci\u00f3 de la formaci\u00f3 professional entre els joves de l\u2019Alt Empord\u00e0.<\/p>\n","protected":false},"excerpt":{"rendered":"<p>CINC participa un any m\u00e9s al Sal\u00f3 dels Oficis de Figueres, que enguany celebra la seva 6a edici\u00f3 al Recinte Firal de la ciutat. <\/p>\n","protected":false},"author":493,"featured_media":33355,"comment_status":"closed","ping_status":"open","sticky":false,"template":"","format":"standard","meta":{"_acf_changed":false,"_uag_custom_page_level_css":"","_jetpack_memberships_contains_paid_content":false,"footnotes":""},"categories":[210,24],"tags":[],"class_list":["post-33350","post","type-post","status-publish","format-standard","has-post-thumbnail","hentry","category-esdeveniments","category-grup-cinc"],"acf":[],"jetpack_featured_media_url":"https:\/\/www.cinc.com\/wp-content\/uploads\/salo-oficis.webp","uagb_featured_image_src":{"full":["https:\/\/www.cinc.com\/wp-content\/uploads\/salo-oficis.webp",1920,1080,false],"thumbnail":["https:\/\/www.cinc.com\/wp-content\/uploads\/salo-oficis-150x150.webp",150,150,true],"medium":["https:\/\/www.cinc.com\/wp-content\/uploads\/salo-oficis-300x169.webp",300,169,true],"medium_large":["https:\/\/www.cinc.com\/wp-content\/uploads\/salo-oficis-768x432.webp",768,432,true],"large":["https:\/\/www.cinc.com\/wp-content\/uploads\/salo-oficis-1024x576.webp",960,540,true],"1536x1536":["https:\/\/www.cinc.com\/wp-content\/uploads\/salo-oficis-1536x864.webp",1536,864,true],"2048x2048":["https:\/\/www.cinc.com\/wp-content\/uploads\/salo-oficis.webp",1920,1080,false],"gform-image-choice-sm":["https:\/\/www.cinc.com\/wp-content\/uploads\/salo-oficis.webp",300,169,false],"gform-image-choice-md":["https:\/\/www.cinc.com\/wp-content\/uploads\/salo-oficis.webp",400,225,false],"gform-image-choice-lg":["https:\/\/www.cinc.com\/wp-content\/uploads\/salo-oficis.webp",600,338,false]},"uagb_author_info":{"display_name":"marti","author_link":"https:\/\/www.cinc.com\/ca\/author\/marti\/"},"uagb_comment_info":0,"uagb_excerpt":"CINC participa un any m\u00e9s al Sal\u00f3 dels Oficis de Figueres, que enguany celebra la seva 6a edici\u00f3 al Recinte Firal de la ciutat.","jetpack_sharing_enabled":true,"_links":{"self":[{"href":"https:\/\/www.cinc.com\/ca\/wp-json\/wp\/v2\/posts\/33350","targetHints":{"allow":["GET"]}}],"collection":[{"href":"https:\/\/www.cinc.com\/ca\/wp-json\/wp\/v2\/posts"}],"about":[{"href":"https:\/\/www.cinc.com\/ca\/wp-json\/wp\/v2\/types\/post"}],"author":[{"embeddable":true,"href":"https:\/\/www.cinc.com\/ca\/wp-json\/wp\/v2\/users\/493"}],"replies":[{"embeddable":true,"href":"https:\/\/www.cinc.com\/ca\/wp-json\/wp\/v2\/comments?post=33350"}],"version-history":[{"count":2,"href":"https:\/\/www.cinc.com\/ca\/wp-json\/wp\/v2\/posts\/33350\/revisions"}],"predecessor-version":[{"id":33361,"href":"https:\/\/www.cinc.com\/ca\/wp-json\/wp\/v2\/posts\/33350\/revisions\/33361"}],"wp:featuredmedia":[{"embeddable":true,"href":"https:\/\/www.cinc.com\/ca\/wp-json\/wp\/v2\/media\/33355"}],"wp:attachment":[{"href":"https:\/\/www.cinc.com\/ca\/wp-json\/wp\/v2\/media?parent=33350"}],"wp:term":[{"taxonomy":"category","embeddable":true,"href":"https:\/\/www.cinc.com\/ca\/wp-json\/wp\/v2\/categories?post=33350"},{"taxonomy":"post_tag","embeddable":true,"href":"https:\/\/www.cinc.com\/ca\/wp-json\/wp\/v2\/tags?post=33350"}],"curies":[{"name":"wp","href":"https:\/\/api.w.org\/{rel}","templated":true}]}}