{"id":3332,"date":"2021-01-29T00:00:00","date_gmt":"2021-01-29T00:00:00","guid":{"rendered":"https:\/\/www.cinc.com\/nova-prorroga-de-la-prestacio-per-cessament-dactivitat-dels-autonoms\/"},"modified":"2021-01-29T00:00:00","modified_gmt":"2021-01-29T00:00:00","slug":"nova-prorroga-de-la-prestacio-per-cessament-dactivitat-dels-autonoms","status":"publish","type":"post","link":"https:\/\/www.cinc.com\/ca\/nova-prorroga-de-la-prestacio-per-cessament-dactivitat-dels-autonoms\/","title":{"rendered":"Nova pr\u00f2rroga de la prestaci\u00f3 per cessament d&#8217;activitat dels aut\u00f2noms"},"content":{"rendered":"<div style=\"text-align: justify;\">\n<div>\n\t\tA partir del 1 de febrer, les persones treballadores aut&ograve;nomes podran accedir a quatre tipus de prestaci&oacute; per cessament d&#39;activitat, regulades a trav&eacute;s del Reial decret llei 2\/2021, de 26 de gener, de refor&ccedil; i consolidaci&oacute; de mesures socials en defensa de l&#39; ocupaci&oacute;.<\/div>\n<div>\n\t\t&nbsp;<\/div>\n<div>\n<h2 class=\"h2Noticia\">\n\t\t\tPrestaci&oacute; extraordin&agrave;ria per suspensi&oacute; temporal de l&#39;activitat<\/h2>\n<hr \/><\/div>\n<div>\n\t\tEls treballadors aut&ograve;noms que es vegin obligats a suspendre totes les seves activitats com a conseq&uuml;&egrave;ncia d&#39;una resoluci&oacute; adoptada per l&#39;autoritat competent, com a mesura de contenci&oacute; de la pand&egrave;mia, tindran dret a una nova prestaci&oacute; extraordin&agrave;ria.<\/div>\n<div>\n\t\t&nbsp;<\/div>\n<div>\n\t\t<strong>Requisits:<\/strong><\/div>\n<div>\n\t\t&nbsp;<\/div>\n<ul>\n<li>\n\t\t\tEstar afiliat al R&egrave;gim especial d&#39;aut&ograve;noms abans de l&#39;1 de gener de 2021.&nbsp;<\/li>\n<li>\n\t\t\tTrobar-se al corrent de pagament de les quotes de la Seguretat Social.<\/li>\n<\/ul>\n<div>\n\t\t<strong>Quantia:<\/strong><\/div>\n<div>\n\t\t&nbsp;<\/div>\n<div>\n\t\tLa quantia de la prestaci&oacute; ser&agrave; de el 50% de la base m&iacute;nima de cotitzaci&oacute; que correspongui, s&#39;incrementar&agrave; en un 20% si el treballador aut&ograve;nom t&eacute; reconeguda la condici&oacute; de membre de fam&iacute;lia nombrosa.<\/div>\n<div>\n\t\t&nbsp;<\/div>\n<div>\n\t\t<strong>Exoneracions:<\/strong><\/div>\n<div>\n\t\t&nbsp;<\/div>\n<div>\n\t\tEl treballador aut&ograve;nom quedar&agrave; exonerat de pagar les quotes a la Seguretat Social des del primer dia del mes en qu&egrave; s&#39;adopta la mesura de tancament d&#39;activitat fins a l&#39;&uacute;ltim dia del mes seg&uuml;ent a qu&egrave; s&#39;aixequi aquesta mesura o fins el 31 de maig de 2021.<\/div>\n<div>\n\t\t&nbsp;<\/div>\n<div>\n\t\t<strong>Reconeixement:<\/strong><\/div>\n<div>\n\t\t&nbsp;<\/div>\n<div>\n\t\tEl reconeixement de la prestaci&oacute; s&#39;ha de sol&middot;licitar dins dels primers 21 dies naturals seg&uuml;ents a la resoluci&oacute; de tancament d&#39;activitat, en el cas que la sol&middot;licitud es presenti fora de termini. El dret a la presentaci&oacute; s&#39;iniciar&agrave; el dia de la sol&middot;licitud.<\/div>\n<div>\n\t\t&nbsp;<\/div>\n<div>\n\t\tLa percepci&oacute; de la prestaci&oacute; tindr&agrave; una durada m&agrave;xima de 4 mesos, fins l&#39;&uacute;ltim dia del mes en qu&egrave; s&#39;acordi l&#39;aixecament de les mesures o el 31 de maig de 2021, si aquesta &uacute;ltima data &eacute;s anterior.<\/div>\n<div>\n<h2 class=\"h2Noticia\">\n\t\t\tPrestaci&oacute; per cessament d&#39;activitat compatible amb el treball per compte propi<\/h2>\n<hr \/><\/div>\n<div>\n\t\tA partir de l&#39;1 de febrer els treballadors aut&ograve;noms podran sol&middot;licitar la prestaci&oacute; per cessament d&#39;activitat prevista en l&#39;article 327 de el text ref&oacute;s de la Llei General de la Seguretat Social, aprovat pel Reial Decret Legislatiu 8\/2015, de 30 d&#39;octubre, sempre que concorrin els requisits establerts en aquest precepte i en els apartats a), b), d) i e) de l&#39;article 330.1 de el text ref&oacute;s de la Llei General de la Seguretat Social.<\/div>\n<div>\n\t\t&nbsp;<\/div>\n<div>\n\t\t<strong>Requisits:<\/strong><\/div>\n<div>\n\t\t&nbsp;<\/div>\n<ul>\n<li>\n\t\t\tAcreditar en el primer semestre del 2021 una reducci&oacute; dels ingressos computables fiscalment de l&#39;activitat per compte propi de m&eacute;s del 50% dels que hi ha hagut en el segon semestre del 2019; aix&iacute; com no haver obtingut durant el semestre indicat de 2021 uns rendiments nets computables fiscalment superiors a 7.980 euros.<\/li>\n<li>\n<div>\n\t\t\t\tPer realitzar el c&agrave;lcul de la reducci&oacute; d&#39;ingressos es tindr&agrave; en compte el per&iacute;ode en alta en el segon semestre del 2019 i es comparar&agrave; amb la part proporcional dels ingressos en el primer semestre del 2021.<\/div>\n<\/li>\n<\/ul>\n<div>\n\t\t<strong>Quantia:<\/strong><\/div>\n<div>\n\t\t&nbsp;<\/div>\n<div>\n\t\tLa quantia de la prestaci&oacute; ser&agrave; del 50% de la base de cotitzaci&oacute; m&iacute;nima que correspongui en funci&oacute; de l&#39;activitat i es podr&agrave; sol&middot;licitar de l&#39;1 al 21 de febrer.&nbsp;<\/div>\n<div>\n\t\t&nbsp;<\/div>\n<div>\n\t\t<b>Reconeixement:<\/b><\/div>\n<div>\n\t\t&nbsp;<\/div>\n<div>\n\t\tLa prestaci&oacute; es podr&agrave; percebre com a m&agrave;xim fins el 31 de maig. El treballador aut&ograve;nom, durant el temps que&nbsp;estigui percebent la prestaci&oacute; haur&agrave; d&#39;ingressar a la TGSS la totalitat de les cotitzacions.<\/div>\n<div>\n\t\t&nbsp;<\/div>\n<div>\n\t\tLa m&uacute;tua col&middot;laboradora abonar&agrave; al treballador, juntament amb la prestaci&oacute; per cessament en l&#39;activitat, l&#39;import de les cotitzacions per conting&egrave;ncies comunes que li hagu&eacute;s correspost ingressar de trobar-se sense desenvolupar cap activitat.<\/div>\n<div>\n\t\t&nbsp;<\/div>\n<div>\n<h2 class=\"h2Noticia\">\n\t\t\tPrestaci&oacute; extraordin&agrave;ria per cessament d&#39;activitat per a aut&ograve;noms de temporada<\/h2>\n<hr \/><\/div>\n<div>\n\t\tEs consideren treballadors de temporada aquells treballadors aut&ograve;noms l&#39;&uacute;nic treball al llarg dels anys 2018 i 2019 s&#39;hagu&eacute;s desenvolupat en el r&egrave;gim d&#39;aut&ograve;noms. Durant un m&iacute;nim de 4 mesos i un m&agrave;xim de 6 en cadascun dels anys.<\/div>\n<div>\n\t\t&nbsp;<\/div>\n<div>\n\t\t<strong>Requisits:<\/strong><\/div>\n<div>\n\t\t&nbsp;<\/div>\n<ul>\n<li>\n\t\t\tAquesta prestaci&oacute; requerir&agrave; haver cotitzat entre els mesos de gener i juny de 2018 i 2019 un m&iacute;nim de quatre mesos i un m&agrave;xim 6 a cada un dels anys.<\/li>\n<li>\n\t\t\tTrobar-se al corrent de pagament de les quotes de la Seguretat Social.<\/li>\n<li>\n\t\t\tNo obtenir durant la primera meitat de l&#39;any 2021 uns ingressos nets computables fiscalment que superin els 6.650 euros.<\/li>\n<li>\n\t\t\tNo haver estat en alta o assimilat a l&#39;alta com a treballador per compte d&#39;altri en el r&egrave;gim de Seguretat Social corresponent a m&eacute;s de 60 dies durant el primer semestre del l&#39;any 2021.<\/li>\n<li>\n\t\t\tIncompatible amb el treball per compte ali&egrave;.<\/li>\n<\/ul>\n<div>\n\t\t<strong>Quantia:<\/strong><\/div>\n<div>\n\t\t&nbsp;<\/div>\n<div>\n\t\tLa quantia d&#39;aquesta prestaci&oacute; ser&agrave; equivalent al 70% de la base m&iacute;nima de cotitzaci&oacute; i inclou l&#39;exoneraci&oacute; de les quotes.<\/div>\n<div>\n\t\t&nbsp;<\/div>\n<div>\n\t\t<strong>Exoneracions:<\/strong><\/div>\n<div>\n\t\t&nbsp;<\/div>\n<div>\n\t\tDurant la percepci&oacute; de la prestaci&oacute; no existir&agrave; l&#39;obligaci&oacute; de cotitzar.&nbsp;<\/div>\n<div>\n\t\t&nbsp;<\/div>\n<div>\n<h2 class=\"h2Noticia\">\n\t\t\tPrestaci&oacute; extraordin&agrave;ria per cessament d&#39;activitat per a treballadors que no puguin tenir dret a la prestaci&oacute; ordin&agrave;ria<\/h2>\n<hr \/><\/div>\n<div>\n\t\tEls treballadors aut&ograve;noms que no puguin tenir dret a la prestaci&oacute; ordin&agrave;ria de cessament d&#39;activitat prevista en l&#39;article 7 de la prestaci&oacute; de cessament d&#39;activitat regulada en els articles 327 i seg&uuml;ents de el text ref&oacute;s de la Llei General de la Seguretat Social, podran accedir a partir de l&#39;entrada en vigor d&#39;aquesta norma, a la prestaci&oacute; econ&ograve;mica de cessament d&#39;activitat de naturalesa extraordin&agrave;ria prevista en aquest article.<\/div>\n<div>\n\t\t&nbsp;<\/div>\n<div>\n\t\t<strong>Requisits:<\/strong><\/div>\n<div>\n\t\t&nbsp;<\/div>\n<ul>\n<li>\n\t\t\tEstar donat d&#39;alta i al corrent en el pagament de les cotitzacions en el R&egrave;gim Especial de Treballadors Aut&ograve;noms des d&#39;abans de l&#39;1 d&#39;abril de 2020.<\/li>\n<li>\n\t\t\tNo tenir rendiments nets computables fiscalment procedents de l&#39;activitat per compte propi en el primer semestre del 2020 i superiors a 6.650 euros.nir dret a la prestaci&oacute; de cessament d&#39;activitat.<\/li>\n<li>\n\t\t\tNo tenir dret a la prestaci&oacute; per cessament d&#39;activitat.<\/li>\n<li>\n\t\t\tAcreditar en el primer semestre del al 2021 uns ingressos computables fiscalment de l&#39;activitat per compte propi inferiors als que hi ha hagut en el primer trimestre del 2020.<\/li>\n<\/ul>\n<div>\n\t\t<strong>Quantia:<\/strong><\/div>\n<div>\n\t\t&nbsp;<\/div>\n<div>\n\t\tLa quantia de la prestaci&oacute; ser&agrave; de el 50% de la base m&iacute;nima de cotitzaci&oacute;.<\/div>\n<div>\n\t\t&nbsp;<\/div>\n<div>\n\t\t<strong>Exoneracions:<\/strong><\/div>\n<div>\n\t\t&nbsp;<\/div>\n<div>\n\t\tDurant el temps de percepci&oacute; de la prestaci&oacute; es mantindr&agrave; l&#39;alta en el r&egrave;gim, quedant el treballador exonerat de l&#39;obligaci&oacute; de cotitzar (aquest per&iacute;ode s&#39;entendr&agrave; com a cotitzat).<\/div>\n<div>\n\t\t&nbsp;<\/div>\n<div>\n<div>\n\t\t\t<strong>Reconeixement:<\/strong><\/div>\n<div>\n\t\t\t&nbsp;<\/div>\n<ul>\n<li>\n\t\t\t\tLa prestaci&oacute; podr&agrave; comen&ccedil;ar a devenengarse amb efectes de l&#39;1 de febrer de 2021 i tindr&agrave; una durada m&agrave;xima de 4 mesos, sempre que la sol&middot;licitud es presenti dins dels primers 21 dies naturals de febrer. En cas contrari, els efectes seran a partir del primer dia del mes seg&uuml;ent a el de la prestaci&oacute; de la sol&middot;licitud sense que la seva durada pugui excedir de l&#39;31 de maig.<\/li>\n<li>\n\t\t\t\tLa percepci&oacute; de la prestaci&oacute; ser&agrave; incompatible amb la percepci&oacute; d&#39;una retribuci&oacute; de treball per compte d&#39;altri.<\/li>\n<li>\n\t\t\t\tEls treballadors aut&ograve;noms que percebin aquesta prestaci&oacute; han de cotitzar per cessament d&#39;activitat a partir del mes seg&uuml;ent en qu&egrave; finalitzi la percepci&oacute; de la prestaci&oacute;.<\/li>\n<li>\n\t\t\t\tLa gesti&oacute; de la prestaci&oacute; correspon a les m&uacute;tues de la Seguretat Social<\/li>\n<li>\n\t\t\t\tPer poder iniciar el tr&agrave;mit s&#39;haur&agrave; d&#39;aportar una declaraci&oacute; jurada dels ingressos que es perceben.<\/li>\n<li>\n\t\t\t\t&Eacute;s incompatible amb el treball per compte ali&egrave;.<\/li>\n<\/ul>\n<p style=\"text-align: center;\">\n\t\t\t<a class=\"button botoTextBlanc btn-primary btn-round\" href=\"https:\/\/www.cinc.com\/pubDocs\/Quadre%20resum%20prestacions%20aut%C3%B2noms%20-%20CINC%20Assessoria.pdf\">Veure quadre-resum explicatiu<\/a><\/p>\n<\/p><\/div>\n<\/div>\n<p>\n\t&nbsp;<\/p>\n","protected":false},"excerpt":{"rendered":"<p style=\"text-align: justify;\">\n\tA partir del 1 de febrer, les persones treballadores aut&ograve;nomes podran accedir a quatre tipus de prestaci&oacute; per cessament d&#39;activitat, regulades a trav&eacute;s del Reial decret llei 2\/2021, de 26 de gener, de refor&ccedil; i consolidaci&oacute; de mesures socials en defensa de l&#39; ocupaci&oacute;.<\/p>\n","protected":false},"author":2,"featured_media":3333,"comment_status":"open","ping_status":"open","sticky":false,"template":"","format":"standard","meta":{"_acf_changed":false,"_uag_custom_page_level_css":"","_jetpack_memberships_contains_paid_content":false,"footnotes":""},"categories":[18],"tags":[],"class_list":["post-3332","post","type-post","status-publish","format-standard","has-post-thumbnail","hentry","category-assessoria"],"acf":[],"jetpack_featured_media_url":"https:\/\/www.cinc.com\/wp-content\/uploads\/2023\/03\/964.jpg","uagb_featured_image_src":{"full":["https:\/\/www.cinc.com\/wp-content\/uploads\/2023\/03\/964.jpg",1113,361,false],"thumbnail":["https:\/\/www.cinc.com\/wp-content\/uploads\/2023\/03\/964.jpg",150,49,false],"medium":["https:\/\/www.cinc.com\/wp-content\/uploads\/2023\/03\/964.jpg",300,97,false],"medium_large":["https:\/\/www.cinc.com\/wp-content\/uploads\/2023\/03\/964.jpg",768,249,false],"large":["https:\/\/www.cinc.com\/wp-content\/uploads\/2023\/03\/964.jpg",960,311,false],"1536x1536":["https:\/\/www.cinc.com\/wp-content\/uploads\/2023\/03\/964.jpg",1113,361,false],"2048x2048":["https:\/\/www.cinc.com\/wp-content\/uploads\/2023\/03\/964.jpg",1113,361,false],"gform-image-choice-sm":["https:\/\/www.cinc.com\/wp-content\/uploads\/2023\/03\/964.jpg",300,97,false],"gform-image-choice-md":["https:\/\/www.cinc.com\/wp-content\/uploads\/2023\/03\/964.jpg",400,130,false],"gform-image-choice-lg":["https:\/\/www.cinc.com\/wp-content\/uploads\/2023\/03\/964.jpg",600,195,false]},"uagb_author_info":{"display_name":"Utrans","author_link":"https:\/\/www.cinc.com\/ca\/author\/utrans\/"},"uagb_comment_info":0,"uagb_excerpt":"A partir del 1 de febrer, les persones treballadores aut&ograve;nomes podran accedir a quatre tipus de prestaci&oacute; per cessament d&#39;activitat, regulades a trav&eacute;s del Reial decret llei 2\/2021, de 26 de gener, de refor&ccedil; i consolidaci&oacute; de mesures socials en defensa de l&#39; ocupaci&oacute;.","jetpack_sharing_enabled":true,"_links":{"self":[{"href":"https:\/\/www.cinc.com\/ca\/wp-json\/wp\/v2\/posts\/3332","targetHints":{"allow":["GET"]}}],"collection":[{"href":"https:\/\/www.cinc.com\/ca\/wp-json\/wp\/v2\/posts"}],"about":[{"href":"https:\/\/www.cinc.com\/ca\/wp-json\/wp\/v2\/types\/post"}],"author":[{"embeddable":true,"href":"https:\/\/www.cinc.com\/ca\/wp-json\/wp\/v2\/users\/2"}],"replies":[{"embeddable":true,"href":"https:\/\/www.cinc.com\/ca\/wp-json\/wp\/v2\/comments?post=3332"}],"version-history":[{"count":0,"href":"https:\/\/www.cinc.com\/ca\/wp-json\/wp\/v2\/posts\/3332\/revisions"}],"wp:featuredmedia":[{"embeddable":true,"href":"https:\/\/www.cinc.com\/ca\/wp-json\/wp\/v2\/media\/3333"}],"wp:attachment":[{"href":"https:\/\/www.cinc.com\/ca\/wp-json\/wp\/v2\/media?parent=3332"}],"wp:term":[{"taxonomy":"category","embeddable":true,"href":"https:\/\/www.cinc.com\/ca\/wp-json\/wp\/v2\/categories?post=3332"},{"taxonomy":"post_tag","embeddable":true,"href":"https:\/\/www.cinc.com\/ca\/wp-json\/wp\/v2\/tags?post=3332"}],"curies":[{"name":"wp","href":"https:\/\/api.w.org\/{rel}","templated":true}]}}