{"id":33044,"date":"2026-01-13T15:47:44","date_gmt":"2026-01-13T14:47:44","guid":{"rendered":"https:\/\/www.cinc.com\/?p=33044"},"modified":"2026-01-13T17:36:47","modified_gmt":"2026-01-13T16:36:47","slug":"presentacio-del-model-720-declaracio-de-bens-i-drets-a-lestranger-3","status":"publish","type":"post","link":"https:\/\/www.cinc.com\/ca\/presentacio-del-model-720-declaracio-de-bens-i-drets-a-lestranger-3\/","title":{"rendered":"Presentaci\u00f3 del model 720: declaraci\u00f3 de b\u00e9ns i drets a l\u2019estranger"},"content":{"rendered":"\n<p>Tens b\u00e9ns o drets a l\u2019estranger? Et recordem l\u2019obligaci\u00f3 de declarar-los mitjan\u00e7ant el model 720 abans del 31 de mar\u00e7 de 2026. A continuaci\u00f3 t\u2019expliquem els requisits clau per complir correctament amb aquesta declaraci\u00f3 informativa.<\/p>\n\n\n\n<div class=\"wp-block-uagb-advanced-heading uagb-block-3033090b\"><h3 class=\"uagb-heading-text\">Qu\u00e8 \u00e9s el model 720?<\/h3><\/div>\n\n\n\n<p>El Model 720 \u00e9s una declaraci\u00f3 informativa que han de presentar les persones f\u00edsiques i jur\u00eddiques residents a Espanya que posseeixin b\u00e9ns i drets situats a l\u2019estranger, sempre que superin els l\u00edmits establerts per la normativa. La seva finalitat \u00e9s refor\u00e7ar el control fiscal i garantir que l\u2019Ag\u00e8ncia Tribut\u00e0ria tingui coneixement d\u2019aquests actius.<\/p>\n\n\n\n<div class=\"wp-block-uagb-advanced-heading uagb-block-1386244b\"><h3 class=\"uagb-heading-text\">Qui t\u00e9 obligaci\u00f3 de presentar el model 720?<\/h3><\/div>\n\n\n\n<p>Han de presentar el model 720 totes les persones f\u00edsiques i jur\u00eddiques residents a Espanya que, a 31 de desembre de 2025, es trobin en alguna de les seg\u00fcents situacions:<\/p>\n\n\n\n<ul class=\"wp-block-list\">\n<li><strong>Comptes bancaris a l\u2019estranger:<\/strong> titulars, representants, autoritzats, beneficiaris o persones amb poder de disposici\u00f3 sobre comptes en entitats financeres fora d\u2019Espanya.<\/li>\n\n\n\n<li><strong>Valors, drets, assegurances i rendes:<\/strong> titulars de valors, drets, assegurances de vida o invalidesa, i rendes vital\u00edcies o temporals gestionades o obtingudes a l\u2019estranger.<\/li>\n\n\n\n<li><strong>B\u00e9ns immobles:<\/strong> titulars de b\u00e9ns immobles o drets reals sobre els mateixos situats fora d\u2019Espanya.<\/li>\n\n\n\n<li><strong>Monedes virtuals (Model 721):<\/strong> des de l\u2019exercici 2023, les criptomonedes situades a l\u2019estranger ja no s\u2019informen al Model 720. Si ets titular de criptoactius en plataformes de cust\u00f2dia no residents a Espanya i el seu valor conjunt supera els 50.000 euros, haur\u00e0s de presentar el <strong>Model 721<\/strong>. El termini de presentaci\u00f3 \u00e9s el mateix: de l\u20191 de gener al 31 de mar\u00e7.<\/li>\n<\/ul>\n\n\n\n<div class=\"wp-block-uagb-advanced-heading uagb-block-c5c64643\"><h3 class=\"uagb-heading-text\">Quins b\u00e9ns i drets s\u2019han de declarar?<\/h3><\/div>\n\n\n\n<p>L\u2019obligaci\u00f3 de presentar el model 720 s\u2019activa quan es superen els seg\u00fcents llindars (tenint en compte la suma de tot el bloc):<\/p>\n\n\n\n<ul class=\"wp-block-list\">\n<li><strong>Bloc 1:<\/strong> Comptes a l\u2019estranger amb saldos a 31\/12\/2025 o saldo mitj\u00e0 de l\u2019\u00faltim trimestre superior a 50.000 euros.<\/li>\n\n\n\n<li><strong>Bloc 2:<\/strong> Valors, drets, assegurances i rendes a l\u2019estranger amb un valor a 31\/12\/2025 superior a 50.000 euros.<\/li>\n\n\n\n<li><strong>Bloc 3:<\/strong> B\u00e9ns immobles i drets sobre els mateixos situats a l\u2019estranger amb un valor superior a 50.000 euros.<\/li>\n<\/ul>\n\n\n\n<div class=\"wp-block-uagb-advanced-heading uagb-block-4a468fb9\"><h3 class=\"uagb-heading-text\">Quan s\u2019ha de presentar la declaraci\u00f3?<\/h3><\/div>\n\n\n\n<p>La declaraci\u00f3 del Model 720 corresponent a l\u2019exercici 2025 s\u2019ha de presentar <strong>entre l\u20191 de gener i el 31 de mar\u00e7 de 2026<\/strong>.<br>En cas d\u2019incid\u00e8ncies t\u00e8cniques que impedeixin la presentaci\u00f3 dins del termini, l\u2019Ag\u00e8ncia Tribut\u00e0ria permet fer-la en els quatre dies naturals seg\u00fcents a la finalitzaci\u00f3 del termini.<\/p>\n\n\n\n<div class=\"wp-block-uagb-advanced-heading uagb-block-b94199d2\"><h3 class=\"uagb-heading-text\">Si ja vaig presentar el model 720 en anys anteriors, l\u2019he de tornar a fer?<\/h3><\/div>\n\n\n\n<p>Ser\u00e0 obligatori tornar a presentar la declaraci\u00f3 quan:<\/p>\n\n\n\n<ul class=\"wp-block-list\">\n<li>El valor conjunt dels b\u00e9ns o drets declarats a l\u2019\u00faltima presentaci\u00f3 hagi augmentat en m\u00e9s de 20.000 euros.<\/li>\n\n\n\n<li>Durant el 2025 s\u2019hagi perdut la condici\u00f3 de titular, autoritzat, representant o beneficiari d\u2019algun dels b\u00e9ns, comptes o immobles pr\u00e8viament declarats.<\/li>\n\n\n\n<li>Sempre que s\u2019hagi produ\u00eft la cancel\u00b7laci\u00f3 d\u2019un compte, la venda d\u2019un immoble o la transmissi\u00f3 de valors declarats en anys anteriors, existeix l\u2019obligaci\u00f3 de presentar la declaraci\u00f3 per informar de la seva extinci\u00f3, amb independ\u00e8ncia del seu valor en aquell moment.<\/li>\n<\/ul>\n\n\n\n<div class=\"wp-block-uagb-advanced-heading uagb-block-8a083220\"><h3 class=\"uagb-heading-text\">Tens dubtes sobre la presentaci\u00f3 del model 720?<\/h3><\/div>\n\n\n\n<p>A <strong>CINC Assessoria <\/strong>comptem amb un equip d\u2019experts fiscalistes que poden ajudar-te a complir correctament aquesta i qualsevol altra obligaci\u00f3 tribut\u00e0ria.<br>Si tens dubtes sobre el model 720 o sobre la teva situaci\u00f3 concreta, no dubtis en posar-te en contacte amb el nostre <a href=\"https:\/\/www.cinc.com\/ca\/contacte\/\">Departament d\u2019Assessoria Fiscal<\/a>.<\/p>\n\n\n\n<p><\/p>\n","protected":false},"excerpt":{"rendered":"<p>Tens comptes, immobles o inversions a l\u2019estranger? Recorda que el Model 720 s\u2019ha de presentar abans del 31 de mar\u00e7 de 2026. T\u2019expliquem qui t\u00e9 l\u2019obligaci\u00f3 de declarar-lo, quins b\u00e9ns s\u2019han d\u2019incloure, els l\u00edmits que activen l\u2019obligaci\u00f3 i quan cal tornar a presentar-lo. Evita errors i sancions amb una correcta planificaci\u00f3 fiscal<\/p>\n","protected":false},"author":25,"featured_media":33038,"comment_status":"closed","ping_status":"open","sticky":false,"template":"","format":"standard","meta":{"_acf_changed":false,"_uag_custom_page_level_css":"","_jetpack_memberships_contains_paid_content":false,"footnotes":""},"categories":[18],"tags":[],"class_list":["post-33044","post","type-post","status-publish","format-standard","has-post-thumbnail","hentry","category-assessoria"],"acf":[],"jetpack_featured_media_url":"https:\/\/www.cinc.com\/wp-content\/uploads\/money-1302832_1280.webp","uagb_featured_image_src":{"full":["https:\/\/www.cinc.com\/wp-content\/uploads\/money-1302832_1280.webp",1280,903,false],"thumbnail":["https:\/\/www.cinc.com\/wp-content\/uploads\/money-1302832_1280-150x150.webp",150,150,true],"medium":["https:\/\/www.cinc.com\/wp-content\/uploads\/money-1302832_1280-300x212.webp",300,212,true],"medium_large":["https:\/\/www.cinc.com\/wp-content\/uploads\/money-1302832_1280-768x542.webp",768,542,true],"large":["https:\/\/www.cinc.com\/wp-content\/uploads\/money-1302832_1280-1024x722.webp",960,677,true],"1536x1536":["https:\/\/www.cinc.com\/wp-content\/uploads\/money-1302832_1280.webp",1280,903,false],"2048x2048":["https:\/\/www.cinc.com\/wp-content\/uploads\/money-1302832_1280.webp",1280,903,false],"gform-image-choice-sm":["https:\/\/www.cinc.com\/wp-content\/uploads\/money-1302832_1280.webp",300,212,false],"gform-image-choice-md":["https:\/\/www.cinc.com\/wp-content\/uploads\/money-1302832_1280.webp",400,282,false],"gform-image-choice-lg":["https:\/\/www.cinc.com\/wp-content\/uploads\/money-1302832_1280.webp",600,423,false]},"uagb_author_info":{"display_name":"Neus Coll","author_link":"https:\/\/www.cinc.com\/ca\/author\/neus-coll\/"},"uagb_comment_info":0,"uagb_excerpt":"Tens comptes, immobles o inversions a l\u2019estranger? Recorda que el Model 720 s\u2019ha de presentar abans del 31 de mar\u00e7 de 2026. T\u2019expliquem qui t\u00e9 l\u2019obligaci\u00f3 de declarar-lo, quins b\u00e9ns s\u2019han d\u2019incloure, els l\u00edmits que activen l\u2019obligaci\u00f3 i quan cal tornar a presentar-lo. Evita errors i sancions amb una correcta planificaci\u00f3 fiscal","jetpack_sharing_enabled":true,"_links":{"self":[{"href":"https:\/\/www.cinc.com\/ca\/wp-json\/wp\/v2\/posts\/33044","targetHints":{"allow":["GET"]}}],"collection":[{"href":"https:\/\/www.cinc.com\/ca\/wp-json\/wp\/v2\/posts"}],"about":[{"href":"https:\/\/www.cinc.com\/ca\/wp-json\/wp\/v2\/types\/post"}],"author":[{"embeddable":true,"href":"https:\/\/www.cinc.com\/ca\/wp-json\/wp\/v2\/users\/25"}],"replies":[{"embeddable":true,"href":"https:\/\/www.cinc.com\/ca\/wp-json\/wp\/v2\/comments?post=33044"}],"version-history":[{"count":1,"href":"https:\/\/www.cinc.com\/ca\/wp-json\/wp\/v2\/posts\/33044\/revisions"}],"predecessor-version":[{"id":33045,"href":"https:\/\/www.cinc.com\/ca\/wp-json\/wp\/v2\/posts\/33044\/revisions\/33045"}],"wp:featuredmedia":[{"embeddable":true,"href":"https:\/\/www.cinc.com\/ca\/wp-json\/wp\/v2\/media\/33038"}],"wp:attachment":[{"href":"https:\/\/www.cinc.com\/ca\/wp-json\/wp\/v2\/media?parent=33044"}],"wp:term":[{"taxonomy":"category","embeddable":true,"href":"https:\/\/www.cinc.com\/ca\/wp-json\/wp\/v2\/categories?post=33044"},{"taxonomy":"post_tag","embeddable":true,"href":"https:\/\/www.cinc.com\/ca\/wp-json\/wp\/v2\/tags?post=33044"}],"curies":[{"name":"wp","href":"https:\/\/api.w.org\/{rel}","templated":true}]}}