{"id":33020,"date":"2026-01-08T19:31:11","date_gmt":"2026-01-08T18:31:11","guid":{"rendered":"https:\/\/www.cinc.com\/novetats-en-estrangeria-aprovada-lordre-gecco-2026-sobre-la-gestio-collectiva-de-contractacions-en-origen\/"},"modified":"2026-01-08T20:28:54","modified_gmt":"2026-01-08T19:28:54","slug":"novetats-en-estrangeria-aprovada-lordre-gecco-2026-sobre-la-gestio-collectiva-de-contractacions-en-origen","status":"publish","type":"post","link":"https:\/\/www.cinc.com\/ca\/novetats-en-estrangeria-aprovada-lordre-gecco-2026-sobre-la-gestio-collectiva-de-contractacions-en-origen\/","title":{"rendered":"Novetats en estrangeria: aprovada l&#8217;Ordre GECCO 2026 sobre la gesti\u00f3 col\u00b7lectiva de contractacions en origen"},"content":{"rendered":"\n<p>El Butllet\u00ed Oficial de l&#8217;Estat ha publicat l&#8217;Ordre que regula la gesti\u00f3 col\u00b7lectiva de contractacions en origen per a l&#8217;any 2026. Aquesta nova normativa introdueix ajustaments rellevants al sistema de contractaci\u00f3 de persones treballadores estrangeres, amb l&#8217;objectiu d&#8217;adaptar-lo a la realitat social i econ\u00f2mica actual i refor\u00e7ar la protecci\u00f3 dels drets laborals. <\/p>\n\n<p>A continuaci\u00f3, resumim els principals aspectes que cal tenir en compte.<\/p>\n\n<div class=\"wp-block-uagb-advanced-heading uagb-block-ad9e7855\"><h3 class=\"uagb-heading-text\">Qu\u00e8 \u00e9s l&#8217;Ordre GECCO 2026?<\/h3><\/div>\n\n<p>L&#8217;Ordre GECCO 2026 regula el procediment per a la gesti\u00f3 col\u00b7lectiva de contractacions en origen durant l&#8217;any 2026. Aquest sistema permet a les empreses espanyoles contractar treballadors als pa\u00efsos d&#8217;origen per cobrir necessitats concretes de m\u00e0 d&#8217;obra, especialment en activitats de car\u00e0cter temporal o estacional. <\/p>\n\n<p>La nova ordre s&#8217;alinea amb el Reglament d&#8217;Estrangeria vigent des del maig del 2025, consolidant de manera estable criteris i garanties que fins ara es renovaven anualment.<\/p>\n\n<div class=\"wp-block-uagb-advanced-heading uagb-block-bcc0f2ab\"><h3 class=\"uagb-heading-text\">Quines novetats introdu\u00efx respecte a anys anteriors?<\/h3><\/div>\n\n<p>Un dels aven\u00e7os principals \u00e9s la integraci\u00f3 definitiva de la gesti\u00f3 col\u00b7lectiva de contractacions en origen dins el marc general del Reglament d&#8217;Estrangeria. Aix\u00f2 aporta m\u00e9s seguretat jur\u00eddica i simplifica la tramitaci\u00f3 d&#8217;autoritzacions de treball, tant per a contractes estables com per a modalitats de migraci\u00f3 circular. <\/p>\n\n<p>A m\u00e9s, la normativa refor\u00e7a els procediments ordinaris i unificats i facilita una gesti\u00f3 m\u00e9s \u00e0gil i eficient per a empreses i administracions.<\/p>\n\n<div class=\"wp-block-uagb-advanced-heading uagb-block-a9c15ef9\"><h3 class=\"uagb-heading-text\">Refor\u00e7 de la migraci\u00f3 circular<\/h3><\/div>\n\n<p>La migraci\u00f3 circular continua consolidant-se com una f\u00f3rmula clau dins la pol\u00edtica migrat\u00f2ria. Durant el darrer any, desenes de milers de persones treballadores procedents de diferents pa\u00efsos han participat en aquests programes, principalment en sectors com l&#8217;agr\u00edcola i altres activitats de temporada. <\/p>\n\n<p>Davant d&#8217;aquest creixement, l&#8217;Ordre GECCO 2026 introdueix un r\u00e8gim espec\u00edfic de garanties per a les persones treballadores despla\u00e7ades des dels pa\u00efsos d&#8217;origen.<\/p>\n\n<div class=\"wp-block-uagb-advanced-heading uagb-block-4156af23\"><h3 class=\"uagb-heading-text\">Quines garanties es reforcen per a les persones treballadores?<\/h3><\/div>\n\n<p>Entre les principals mesures destaquen:<\/p>\n\n<ul class=\"wp-block-list\">\n<li>L&#8217;obligaci\u00f3 empresarial de garantir allotjament adequat durant tot el per\u00edode d&#8217;activitat i en cadascuna de les crides.<\/li>\n\n\n\n<li>La necessitat de comunicar a l&#8217;autoritat competent qualsevol modificaci\u00f3 rellevant que afecti les condicions de treball.<\/li>\n\n\n\n<li>El refor\u00e7ament de la protecci\u00f3 davant de situacions de vulnerabilitat, assegurant un tracte digne i condicions laborals clares.<\/li>\n<\/ul>\n\n<p>Aquestes mesures enforteixen la dimensi\u00f3 social del sistema i milloren la seguretat jur\u00eddica i laboral de les persones participants en programes de migraci\u00f3 circular.<\/p>\n\n<div class=\"wp-block-uagb-advanced-heading uagb-block-c7a158ec\"><h3 class=\"uagb-heading-text\">Un model alineat amb els est\u00e0ndards internacionals<\/h3><\/div>\n\n<p>La nova ordre s&#8217;inscriu als principis del Pacte Mundial per a una Migraci\u00f3 Segura, Ordenada i Regular, impulsat per les Nacions Unides, i aposta per la cooperaci\u00f3 internacional i el desenvolupament de programes regionals amb suport de la Uni\u00f3 Europea.<\/p>\n\n<p>Tot plegat consolida la migraci\u00f3 circular com a instrument estructural de la pol\u00edtica migrat\u00f2ria, capa\u00e7 d&#8217;equilibrar necessitats econ\u00f2miques, protecci\u00f3 de drets i cooperaci\u00f3 entre pa\u00efsos.<\/p>\n\n<div class=\"wp-block-uagb-advanced-heading uagb-block-a3e53ff0\"><h3 class=\"uagb-heading-text\">Des de quan est\u00e0 en vigor l&#8217;Ordre GECCO 2026?<\/h3><\/div>\n\n<p>L&#8217;ordre ha entrat en vigor l&#8217;1 de gener de 2026 i en mantindr\u00e0 la vig\u00e8ncia fins al 31 de desembre de 2026.<\/p>\n\n<div class=\"wp-block-uagb-advanced-heading uagb-block-28ce04b1\"><h3 class=\"uagb-heading-text\">En resum<\/h3><\/div>\n\n<p>L&#8217;Ordre GECCO 2026 suposa un pas endavant en la regulaci\u00f3 de la gesti\u00f3 col\u00b7lectiva de contractacions en origen, aportant m\u00e9s estabilitat normativa, refor\u00e7ant les garanties per a les persones treballadores i facilitant a les empreses un marc m\u00e9s clar i segur per a la contractaci\u00f3 internacional.<\/p>\n\n<p>A <strong>CINC Assessoria<\/strong> comptem amb un equip especialitzat en estrangeria que et pot assessorar i acompanyar en tot el proc\u00e9s de gesti\u00f3 col\u00b7lectiva de contractacions en origen. Si necessites m\u00e9s informaci\u00f3 o suport als teus tr\u00e0mits, no dubtis a posar-te en contacte amb <a href=\"https:\/\/www.cinc.com\/ca\/contacte\/\" target=\"_blank\" rel=\"noreferrer noopener\">nosaltres<\/a>. <\/p>\n\n<p><\/p>\n","protected":false},"excerpt":{"rendered":"<p>La nova Ordre GECCO 2026 introdueix canvis clau en la contractaci\u00f3 de treballadors estrangers, refor\u00e7ant les garanties laborals i simplificant els tr\u00e0mits per a les empreses. T&#8217;expliquem qu\u00e8 implica aquesta normativa i com pot afectar els teus processos de contractaci\u00f3 a l&#8217;origen. <\/p>\n","protected":false},"author":424,"featured_media":33016,"comment_status":"closed","ping_status":"open","sticky":false,"template":"","format":"standard","meta":{"_acf_changed":false,"_uag_custom_page_level_css":"","_jetpack_memberships_contains_paid_content":false,"footnotes":""},"categories":[97],"tags":[],"class_list":["post-33020","post","type-post","status-publish","format-standard","has-post-thumbnail","hentry","category-estrangeria"],"acf":[],"jetpack_featured_media_url":"https:\/\/www.cinc.com\/wp-content\/uploads\/construction-4754307_1280.jpg","uagb_featured_image_src":{"full":["https:\/\/www.cinc.com\/wp-content\/uploads\/construction-4754307_1280.jpg",1280,853,false],"thumbnail":["https:\/\/www.cinc.com\/wp-content\/uploads\/construction-4754307_1280-150x150.jpg",150,150,true],"medium":["https:\/\/www.cinc.com\/wp-content\/uploads\/construction-4754307_1280-300x200.jpg",300,200,true],"medium_large":["https:\/\/www.cinc.com\/wp-content\/uploads\/construction-4754307_1280-768x512.jpg",768,512,true],"large":["https:\/\/www.cinc.com\/wp-content\/uploads\/construction-4754307_1280-1024x682.jpg",960,639,true],"1536x1536":["https:\/\/www.cinc.com\/wp-content\/uploads\/construction-4754307_1280.jpg",1280,853,false],"2048x2048":["https:\/\/www.cinc.com\/wp-content\/uploads\/construction-4754307_1280.jpg",1280,853,false],"gform-image-choice-sm":["https:\/\/www.cinc.com\/wp-content\/uploads\/construction-4754307_1280.jpg",300,200,false],"gform-image-choice-md":["https:\/\/www.cinc.com\/wp-content\/uploads\/construction-4754307_1280.jpg",400,267,false],"gform-image-choice-lg":["https:\/\/www.cinc.com\/wp-content\/uploads\/construction-4754307_1280.jpg",600,400,false]},"uagb_author_info":{"display_name":"Recepci\u00f3 BCN","author_link":"https:\/\/www.cinc.com\/ca\/author\/recepcio\/"},"uagb_comment_info":0,"uagb_excerpt":"La nova Ordre GECCO 2026 introdueix canvis clau en la contractaci\u00f3 de treballadors estrangers, refor\u00e7ant les garanties laborals i simplificant els tr\u00e0mits per a les empreses. T'expliquem qu\u00e8 implica aquesta normativa i com pot afectar els teus processos de contractaci\u00f3 a l'origen.","jetpack_sharing_enabled":true,"_links":{"self":[{"href":"https:\/\/www.cinc.com\/ca\/wp-json\/wp\/v2\/posts\/33020","targetHints":{"allow":["GET"]}}],"collection":[{"href":"https:\/\/www.cinc.com\/ca\/wp-json\/wp\/v2\/posts"}],"about":[{"href":"https:\/\/www.cinc.com\/ca\/wp-json\/wp\/v2\/types\/post"}],"author":[{"embeddable":true,"href":"https:\/\/www.cinc.com\/ca\/wp-json\/wp\/v2\/users\/424"}],"replies":[{"embeddable":true,"href":"https:\/\/www.cinc.com\/ca\/wp-json\/wp\/v2\/comments?post=33020"}],"version-history":[{"count":1,"href":"https:\/\/www.cinc.com\/ca\/wp-json\/wp\/v2\/posts\/33020\/revisions"}],"predecessor-version":[{"id":33021,"href":"https:\/\/www.cinc.com\/ca\/wp-json\/wp\/v2\/posts\/33020\/revisions\/33021"}],"wp:featuredmedia":[{"embeddable":true,"href":"https:\/\/www.cinc.com\/ca\/wp-json\/wp\/v2\/media\/33016"}],"wp:attachment":[{"href":"https:\/\/www.cinc.com\/ca\/wp-json\/wp\/v2\/media?parent=33020"}],"wp:term":[{"taxonomy":"category","embeddable":true,"href":"https:\/\/www.cinc.com\/ca\/wp-json\/wp\/v2\/categories?post=33020"},{"taxonomy":"post_tag","embeddable":true,"href":"https:\/\/www.cinc.com\/ca\/wp-json\/wp\/v2\/tags?post=33020"}],"curies":[{"name":"wp","href":"https:\/\/api.w.org\/{rel}","templated":true}]}}