{"id":32910,"date":"2025-12-09T18:28:49","date_gmt":"2025-12-09T17:28:49","guid":{"rendered":"https:\/\/www.cinc.com\/?p=32910"},"modified":"2025-12-09T18:28:52","modified_gmt":"2025-12-09T17:28:52","slug":"dues-setmanes-extra-de-permis-per-naixement-i-cura-que-ha-canviat-i-qui-shi-pot-acollir","status":"publish","type":"post","link":"https:\/\/www.cinc.com\/ca\/dues-setmanes-extra-de-permis-per-naixement-i-cura-que-ha-canviat-i-qui-shi-pot-acollir\/","title":{"rendered":"Dues setmanes extra de perm\u00eds per naixement i cura: qu\u00e8 ha canviat i qui s\u2019hi pot acollir"},"content":{"rendered":"\n<div class=\"wp-block-uagb-advanced-heading uagb-block-a23000f8\"><h3 class=\"uagb-heading-text\">Qu\u00e8 \u00e9s aquesta nova mesura?<\/h3><\/div>\n\n\n\n<p>El Govern ha aprovat un perm\u00eds retribu\u00eft addicional: a partir del 1 de gener de 2026, els progenitors d\u2019infants podran sol\u00b7licitar dues setmanes extra de perm\u00eds per naixement i cura del menor.<\/p>\n\n\n\n<div class=\"wp-block-uagb-advanced-heading uagb-block-8e9f199c\"><h3 class=\"uagb-heading-text\">Qui pot beneficiar-se\u2019n?<\/h3><\/div>\n\n\n\n<ul class=\"wp-block-list\">\n<li>Poden acollir-se a aquest perm\u00eds els progenitors d\u2019infants nascuts a partir del 2 d\u2019agost de 2024.<\/li>\n\n\n\n<li>Les dues setmanes addicionals es podran demanar fins que l\u2019infant compleixi 8 anys.<\/li>\n\n\n\n<li>En el cas de fam\u00edlies monoparentals, el dret s\u2019amplia a quatre setmanes extra.<\/li>\n<\/ul>\n\n\n\n<div class=\"wp-block-uagb-advanced-heading uagb-block-a500245c\"><h3 class=\"uagb-heading-text\">Com i quan demanar-lo?<\/h3><\/div>\n\n\n\n<ul class=\"wp-block-list\">\n<li>La sol\u00b7licitud s\u2019haur\u00e0 de fer a trav\u00e9s del portal de prestacions de la Instituto Nacional de la Seguridad Social (INSS).<\/li>\n\n\n\n<li>Cal presentar la petici\u00f3 almenys 15 dies abans d\u2019iniciar el perm\u00eds.<\/li>\n\n\n\n<li>Si els dos progenitors treballen a la mateixa empresa, aquesta pot limitar que tots dos gaudeixin el perm\u00eds al mateix temps, sempre que hi hagi motius justificats i per escrit.<\/li>\n<\/ul>\n\n\n\n<div class=\"wp-block-uagb-advanced-heading uagb-block-918d2a0a\"><h3 class=\"uagb-heading-text\">Quines s\u00f3n les novetats respecte al perm\u00eds anterior?<\/h3><\/div>\n\n\n\n<ul class=\"wp-block-list\">\n<li>Amb l\u2019ampliaci\u00f3 aprovada recentment, el perm\u00eds per naixement i cura ascendeix a 19 setmanes per progenitor.<\/li>\n\n\n\n<li>Les dues setmanes extra de cura de menor \u2014o quatre en cas de monoparentalitat\u2014 ofereixen major flexibilitat i permeten conciliar millor vida familiar i laboral a llarg termini.<\/li>\n<\/ul>\n\n\n\n<div class=\"wp-block-uagb-advanced-heading uagb-block-57a59512\"><h3 class=\"uagb-heading-text\">Per qu\u00e8 \u00e9s important aquesta mesura?<\/h3><\/div>\n\n\n\n<p>Aquest canvi refor\u00e7a els drets de les fam\u00edlies i promou una conciliaci\u00f3 real entre vida laboral i familiar, adaptant-se a la realitat de molts progenitors i oferint un marge ampli per poder gaudir de temps retribu\u00eft per cura de fills menuts fins als 8 anys.<\/p>\n\n\n\n<p><\/p>\n\n\n\n<div class=\"wp-block-buttons is-content-justification-center is-layout-flex wp-container-core-buttons-is-layout-a89b3969 wp-block-buttons-is-layout-flex\">\n<div class=\"wp-block-button\"><a class=\"wp-block-button__link wp-element-button\" href=\"https:\/\/www.cinc.com\/ca\/contacte\/\" target=\"_blank\" rel=\"noreferrer noopener\">Vols m\u00e9s informaci\u00f3? Envia&#8217;ns la teva consulta<\/a><\/div>\n<\/div>\n\n\n\n<p><\/p>\n","protected":false},"excerpt":{"rendered":"<p>El Govern ha aprovat un perm\u00eds retribu\u00eft addicional: a partir del 1 de gener de 2026, els progenitors d\u2019infants podran sol\u00b7licitar dues setmanes extra de perm\u00eds per naixement i cura del menor.<\/p>\n","protected":false},"author":25,"featured_media":32911,"comment_status":"closed","ping_status":"open","sticky":false,"template":"","format":"standard","meta":{"_acf_changed":false,"_uag_custom_page_level_css":"","_jetpack_memberships_contains_paid_content":false,"footnotes":""},"categories":[18],"tags":[],"class_list":["post-32910","post","type-post","status-publish","format-standard","has-post-thumbnail","hentry","category-assessoria"],"acf":[],"jetpack_featured_media_url":"https:\/\/www.cinc.com\/wp-content\/uploads\/baby-4100420_1280.jpg","uagb_featured_image_src":{"full":["https:\/\/www.cinc.com\/wp-content\/uploads\/baby-4100420_1280.jpg",1280,947,false],"thumbnail":["https:\/\/www.cinc.com\/wp-content\/uploads\/baby-4100420_1280-150x150.jpg",150,150,true],"medium":["https:\/\/www.cinc.com\/wp-content\/uploads\/baby-4100420_1280-300x222.jpg",300,222,true],"medium_large":["https:\/\/www.cinc.com\/wp-content\/uploads\/baby-4100420_1280-768x568.jpg",768,568,true],"large":["https:\/\/www.cinc.com\/wp-content\/uploads\/baby-4100420_1280-1024x758.jpg",960,711,true],"1536x1536":["https:\/\/www.cinc.com\/wp-content\/uploads\/baby-4100420_1280.jpg",1280,947,false],"2048x2048":["https:\/\/www.cinc.com\/wp-content\/uploads\/baby-4100420_1280.jpg",1280,947,false],"gform-image-choice-sm":["https:\/\/www.cinc.com\/wp-content\/uploads\/baby-4100420_1280.jpg",300,222,false],"gform-image-choice-md":["https:\/\/www.cinc.com\/wp-content\/uploads\/baby-4100420_1280.jpg",400,296,false],"gform-image-choice-lg":["https:\/\/www.cinc.com\/wp-content\/uploads\/baby-4100420_1280.jpg",600,444,false]},"uagb_author_info":{"display_name":"Neus Coll","author_link":"https:\/\/www.cinc.com\/ca\/author\/neus-coll\/"},"uagb_comment_info":0,"uagb_excerpt":"El Govern ha aprovat un perm\u00eds retribu\u00eft addicional: a partir del 1 de gener de 2026, els progenitors d\u2019infants podran sol\u00b7licitar dues setmanes extra de perm\u00eds per naixement i cura del menor.","jetpack_sharing_enabled":true,"_links":{"self":[{"href":"https:\/\/www.cinc.com\/ca\/wp-json\/wp\/v2\/posts\/32910","targetHints":{"allow":["GET"]}}],"collection":[{"href":"https:\/\/www.cinc.com\/ca\/wp-json\/wp\/v2\/posts"}],"about":[{"href":"https:\/\/www.cinc.com\/ca\/wp-json\/wp\/v2\/types\/post"}],"author":[{"embeddable":true,"href":"https:\/\/www.cinc.com\/ca\/wp-json\/wp\/v2\/users\/25"}],"replies":[{"embeddable":true,"href":"https:\/\/www.cinc.com\/ca\/wp-json\/wp\/v2\/comments?post=32910"}],"version-history":[{"count":1,"href":"https:\/\/www.cinc.com\/ca\/wp-json\/wp\/v2\/posts\/32910\/revisions"}],"predecessor-version":[{"id":32915,"href":"https:\/\/www.cinc.com\/ca\/wp-json\/wp\/v2\/posts\/32910\/revisions\/32915"}],"wp:featuredmedia":[{"embeddable":true,"href":"https:\/\/www.cinc.com\/ca\/wp-json\/wp\/v2\/media\/32911"}],"wp:attachment":[{"href":"https:\/\/www.cinc.com\/ca\/wp-json\/wp\/v2\/media?parent=32910"}],"wp:term":[{"taxonomy":"category","embeddable":true,"href":"https:\/\/www.cinc.com\/ca\/wp-json\/wp\/v2\/categories?post=32910"},{"taxonomy":"post_tag","embeddable":true,"href":"https:\/\/www.cinc.com\/ca\/wp-json\/wp\/v2\/tags?post=32910"}],"curies":[{"name":"wp","href":"https:\/\/api.w.org\/{rel}","templated":true}]}}