{"id":32895,"date":"2025-12-02T17:14:58","date_gmt":"2025-12-02T16:14:58","guid":{"rendered":"https:\/\/www.cinc.com\/?p=32895"},"modified":"2025-12-03T18:28:56","modified_gmt":"2025-12-03T17:28:56","slug":"prorroga-de-lentrada-en-vigor-del-reglament-verifactu-fins-al-2027-tot-el-que-han-de-saber-les-empreses","status":"publish","type":"post","link":"https:\/\/www.cinc.com\/ca\/prorroga-de-lentrada-en-vigor-del-reglament-verifactu-fins-al-2027-tot-el-que-han-de-saber-les-empreses\/","title":{"rendered":"Pr\u00f2rroga de l\u2019entrada en vigor del Reglament VERIFACTU fins al 2027: tot el que han de saber les empreses"},"content":{"rendered":"\n<div class=\"wp-block-uagb-advanced-heading uagb-block-06af62bf\"><h3 class=\"uagb-heading-text\">Qu\u00e8 ha anunciat el Govern?<\/h3><\/div>\n\n\n\n<p>El Govern, en el Consell de Ministres, ha aprovat un Reial decret llei que prorroga l\u2019entrada en vigor del Reglament VERIFACTU. Aquesta mesura suposa un canvi respecte a les dates inicialment previstes en el Reial decret 254\/2025.<\/p>\n\n\n\n<div class=\"wp-block-uagb-advanced-heading uagb-block-672c3775\"><h3 class=\"uagb-heading-text\">Quines eren les dates originals d\u2019entrada en vigor?<\/h3><\/div>\n\n\n\n<p>Segons el Reial decret 254\/2025:<\/p>\n\n\n\n<ul class=\"wp-block-list\">\n<li>Per als contribuents de l\u2019Impost sobre Societats, el Reglament havia d\u2019aplicar-se a partir de l\u20191 de gener de 2026.<\/li>\n\n\n\n<li>Per als empresaris i professionals amb activitat econ\u00f2mica en l\u2019IRPF, la data prevista era abans de l\u20191 de juliol de 2026.<\/li>\n<\/ul>\n\n\n\n<div class=\"wp-block-uagb-advanced-heading uagb-block-7849afd7\"><h3 class=\"uagb-heading-text\">Qu\u00e8 implica la nova pr\u00f2rroga?<\/h3><\/div>\n\n\n\n<p>Amb la pr\u00f2rroga aprovada:<\/p>\n\n\n\n<ul class=\"wp-block-list\">\n<li>Els contribuents de l\u2019Impost sobre Societats hauran de complir amb el Reglament VERIFACTU a partir de l\u20191 de gener de 2027.<\/li>\n\n\n\n<li>Els empresaris i professionals amb activitat econ\u00f2mica en l\u2019IRPF hauran d\u2019adaptar-s\u2019hi a partir de l\u20191 de juliol de 2027.<\/li>\n<\/ul>\n\n\n\n<div class=\"wp-block-uagb-advanced-heading uagb-block-fa1f7a26\"><h3 class=\"uagb-heading-text\">\u00c9s definitiva la pr\u00f2rroga?<\/h3><\/div>\n\n\n\n<p>No. Aquest Reial decret llei haur\u00e0 de ser sotm\u00e8s a votaci\u00f3 al Congr\u00e9s dels Diputats en un termini de 30 dies, on podr\u00e0 ser convalidat o derogat.<\/p>\n\n\n\n<div class=\"wp-block-uagb-advanced-heading uagb-block-c881ac1e\"><h3 class=\"uagb-heading-text\">Qu\u00e8 han de fer les empreses mentrestant?<\/h3><\/div>\n\n\n\n<ul class=\"wp-block-list\">\n<li>Revisin els seus sistemes de facturaci\u00f3 i verifiquin que podran complir amb els requisits t\u00e8cnics del Reglament VERIFACTU quan arribi la data.<\/li>\n<\/ul>\n\n\n\n<ul class=\"wp-block-list\">\n<li>Mantinguin informats els seus equips comptables i financers sobre els canvis normatius.<\/li>\n<\/ul>\n\n\n\n<ul class=\"wp-block-list\">\n<li>Considerin aquesta pr\u00f2rroga com una oportunitat per planificar l\u2019adaptaci\u00f3 sense la pressi\u00f3 dels terminis inicials.<\/li>\n<\/ul>\n\n\n\n<div class=\"wp-block-uagb-advanced-heading uagb-block-b5cb335d\"><h3 class=\"uagb-heading-text\">En resum<\/h3><\/div>\n\n\n\n<p>La pr\u00f2rroga fins al 2027 ofereix un marge addicional perqu\u00e8 empreses i aut\u00f2noms adaptin els seus processos de facturaci\u00f3 al Reglament VERIFACTU. Tot i que encara no \u00e9s obligatori, preparar-se amb antelaci\u00f3 permetr\u00e0 complir la normativa de manera segura i refor\u00e7ar la transpar\u00e8ncia davant l\u2019Ag\u00e8ncia Tribut\u00e0ria i els clients.<\/p>\n\n\n\n<p><\/p>\n\n\n\n<div class=\"wp-block-buttons is-content-justification-center is-layout-flex wp-container-core-buttons-is-layout-a89b3969 wp-block-buttons-is-layout-flex\">\n<div class=\"wp-block-button\"><a class=\"wp-block-button__link wp-element-button\" href=\"https:\/\/www.cinc.com\/ca\/contacte\/\" target=\"_blank\" rel=\"noreferrer noopener\">Envia&#8217;ns la teva consulta<\/a><\/div>\n<\/div>\n\n\n\n<p><\/p>\n","protected":false},"excerpt":{"rendered":"<p>El Reglament VERIFACTU retarda la seva aplicaci\u00f3: descobreix les noves dates, qui se\u2019n veur\u00e0 afectat i com preparar la teva empresa per complir sense sorpreses<\/p>\n","protected":false},"author":25,"featured_media":32891,"comment_status":"closed","ping_status":"closed","sticky":false,"template":"","format":"standard","meta":{"_acf_changed":false,"_uag_custom_page_level_css":"","_jetpack_memberships_contains_paid_content":false,"footnotes":""},"categories":[18],"tags":[],"class_list":["post-32895","post","type-post","status-publish","format-standard","has-post-thumbnail","hentry","category-assessoria"],"acf":[],"jetpack_featured_media_url":"https:\/\/www.cinc.com\/wp-content\/uploads\/technology-791029_960_720.jpg","uagb_featured_image_src":{"full":["https:\/\/www.cinc.com\/wp-content\/uploads\/technology-791029_960_720.jpg",960,640,false],"thumbnail":["https:\/\/www.cinc.com\/wp-content\/uploads\/technology-791029_960_720-150x150.jpg",150,150,true],"medium":["https:\/\/www.cinc.com\/wp-content\/uploads\/technology-791029_960_720-300x200.jpg",300,200,true],"medium_large":["https:\/\/www.cinc.com\/wp-content\/uploads\/technology-791029_960_720-768x512.jpg",768,512,true],"large":["https:\/\/www.cinc.com\/wp-content\/uploads\/technology-791029_960_720.jpg",960,640,false],"1536x1536":["https:\/\/www.cinc.com\/wp-content\/uploads\/technology-791029_960_720.jpg",960,640,false],"2048x2048":["https:\/\/www.cinc.com\/wp-content\/uploads\/technology-791029_960_720.jpg",960,640,false],"gform-image-choice-sm":["https:\/\/www.cinc.com\/wp-content\/uploads\/technology-791029_960_720.jpg",300,200,false],"gform-image-choice-md":["https:\/\/www.cinc.com\/wp-content\/uploads\/technology-791029_960_720.jpg",400,267,false],"gform-image-choice-lg":["https:\/\/www.cinc.com\/wp-content\/uploads\/technology-791029_960_720.jpg",600,400,false]},"uagb_author_info":{"display_name":"Neus Coll","author_link":"https:\/\/www.cinc.com\/ca\/author\/neus-coll\/"},"uagb_comment_info":0,"uagb_excerpt":"El Reglament VERIFACTU retarda la seva aplicaci\u00f3: descobreix les noves dates, qui se\u2019n veur\u00e0 afectat i com preparar la teva empresa per complir sense sorpreses","jetpack_sharing_enabled":true,"_links":{"self":[{"href":"https:\/\/www.cinc.com\/ca\/wp-json\/wp\/v2\/posts\/32895","targetHints":{"allow":["GET"]}}],"collection":[{"href":"https:\/\/www.cinc.com\/ca\/wp-json\/wp\/v2\/posts"}],"about":[{"href":"https:\/\/www.cinc.com\/ca\/wp-json\/wp\/v2\/types\/post"}],"author":[{"embeddable":true,"href":"https:\/\/www.cinc.com\/ca\/wp-json\/wp\/v2\/users\/25"}],"replies":[{"embeddable":true,"href":"https:\/\/www.cinc.com\/ca\/wp-json\/wp\/v2\/comments?post=32895"}],"version-history":[{"count":2,"href":"https:\/\/www.cinc.com\/ca\/wp-json\/wp\/v2\/posts\/32895\/revisions"}],"predecessor-version":[{"id":32897,"href":"https:\/\/www.cinc.com\/ca\/wp-json\/wp\/v2\/posts\/32895\/revisions\/32897"}],"wp:featuredmedia":[{"embeddable":true,"href":"https:\/\/www.cinc.com\/ca\/wp-json\/wp\/v2\/media\/32891"}],"wp:attachment":[{"href":"https:\/\/www.cinc.com\/ca\/wp-json\/wp\/v2\/media?parent=32895"}],"wp:term":[{"taxonomy":"category","embeddable":true,"href":"https:\/\/www.cinc.com\/ca\/wp-json\/wp\/v2\/categories?post=32895"},{"taxonomy":"post_tag","embeddable":true,"href":"https:\/\/www.cinc.com\/ca\/wp-json\/wp\/v2\/tags?post=32895"}],"curies":[{"name":"wp","href":"https:\/\/api.w.org\/{rel}","templated":true}]}}