{"id":32845,"date":"2025-11-29T14:00:08","date_gmt":"2025-11-29T13:00:08","guid":{"rendered":"https:\/\/www.cinc.com\/?p=32845"},"modified":"2025-11-29T14:26:47","modified_gmt":"2025-11-29T13:26:47","slug":"entrevista-a-ansa-proyectos","status":"publish","type":"post","link":"https:\/\/www.cinc.com\/ca\/entrevista-a-ansa-proyectos\/","title":{"rendered":"Entrevista a Ansa Proyectos"},"content":{"rendered":"\n<p><strong>Sector:<\/strong> Consultoria Business Intelligence<br><strong>Any de fundaci\u00f3:<\/strong> 2010<br><strong>Ubicaci\u00f3:<\/strong> Montcada i Reixac<br><strong>Lloc web:<\/strong> <a href=\"https:\/\/ansaproyectos.com\">https:\/\/ansaproyectos.com<\/a><\/p>\n\n\n\n<p>Entrevistem a Jose Manuel Garc\u00eda, enginyer inform\u00e0tic i director d&#8217;Ansa Proyectos, una consultoria dedicada al Business Intelligence.<\/p>\n\n\n\n<div class=\"wp-block-uagb-advanced-heading uagb-block-ddd35aa2\"><h3 class=\"uagb-heading-text\">Qu\u00e8 \u00e9s Ansa Proyectos i quina \u00e9s la vostra missi\u00f3 com a empresa?<\/h3><\/div>\n\n\n\n<p>Ansa Proyectos \u00e9s una petita empresa dedicada a oferir <strong>solucions integrals en gesti\u00f3 i an\u00e0lisi de dades<\/strong>, amb un enfocament molt pr\u00e0ctic i adaptat a cada client. La nostra missi\u00f3 \u00e9s ajudar les organitzacions a transformar la informaci\u00f3 en decisions \u00fatils, combinant tecnologia amb una visi\u00f3 humana del negoci.<\/p>\n\n\n\n<p>Ens agrada treballar escoltant les necessitats i aportant valor amb eines com Power BI i metodologies que garanteixen resultats clars i sostenibles. Volem que la tecnologia sigui una aliada, no una complicaci\u00f3. <\/p>\n\n\n\n<p>I el m\u00e9s important, volem ser molt propers als clients, com el mateix nom de la empresa, ANSA, que prov\u00e9 de les inicials de les meves filles Andrea i Sara.<\/p>\n\n\n\n<div class=\"wp-block-uagb-advanced-heading uagb-block-57ce3dc4\"><h3 class=\"uagb-heading-text\">Com va n\u00e9ixer Ansa Proyectos i quines necessitats vau detectar al mercat que us van portar a fundar-la?<\/h3><\/div>\n\n\n\n<p>L\u2019any 1999 vaig fundar, juntament amb dos socis, Olivia Sistemas, una empresa dedicada a la implantaci\u00f3 de l\u2019ERP Navision, actualment conegut com Microsoft Business Central. Cap als anys 2005-2006 vam detectar una necessitat creixent: analitzar les dades de manera \u00e0gil i eficient. En aquell moment vam descobrir QlikView, una eina que ens va entusiasmar, que vam incorporar com a eina complement\u00e0ria per als nostres clients.<\/p>\n\n\n\n<p>La meva visi\u00f3, per\u00f2, anava m\u00e9s enll\u00e0. <strong>El 2009 vam crear una unitat de negoci pr\u00f2pia centrada en Business Intelligence, que a finals del 2010 va donar lloc a Ansa Proyectos<\/strong>. Pocs mesos despr\u00e9s, ens vam integrar dins Mercanza, on durant 10 anys vam operar com a delegaci\u00f3 a Catalunya.<\/p>\n\n\n\n<p>Des del 2022 hem iniciat una nova etapa: ANSA torna a treballar de manera aut\u00f2noma, mantenint el mateix enfocament que des de 2009, per\u00f2 evolucionant tecnol\u00f2gicament. Hem passat de Qlik a l\u2019ecosistema Microsoft, amb Fabric i Power BI, adaptant-nos a les necessitats actuals i oferint solucions m\u00e9s integrades i potents.<\/p>\n\n\n\n<p>El m\u00e9s important d\u2019ANSA \u00e9s que els dos socis, Karla Blanco i jo mateix, portem m\u00e9s de 15 anys desenvolupant aquest tipus de projectes i treballant en Business Intelligence amb tecnologies diferents, per\u00f2 sempre amb la mateixa vocaci\u00f3 de servei i proximitat cap als clients. L\u2019equip d\u2019ANSA anir\u00e0 creixent i incorporant nous professionals, per\u00f2 sempre mantenint el nostre estil i els nostres valors.<\/p>\n\n\n\n<div class=\"wp-block-uagb-advanced-heading uagb-block-b967a144\"><h3 class=\"uagb-heading-text\">El vostre enfocament se centra en l\u2019an\u00e0lisi i la visualitzaci\u00f3 de dades amb Power BI. En qu\u00e8 consisteix exactament aquest servei i quin valor aporta a les empreses?<\/h3><\/div>\n\n\n\n<p>El nostre <strong>servei d\u2019an\u00e0lisi i visualitzaci\u00f3 de dades amb Power BI <\/strong>consisteix a transformar la informaci\u00f3 dispersa de l\u2019empresa en coneixement \u00fatil. Partim de les dades que ja t\u00e9 l\u2019organitzaci\u00f3 \u2014procedents d\u2019ERP, CRM, fulls Excel o altres sistemes\u2014 i les integrem en un model \u00fanic, fiable i f\u00e0cil d\u2019interpretar.<\/p>\n\n\n\n<p>Amb Power BI, no nom\u00e9s creem quadres de comandament i informes interactius, sin\u00f3 que ajudem a establir una cultura de dades dins l\u2019empresa. Aix\u00f2 permet:<\/p>\n\n\n\n<ul class=\"wp-block-list\">\n<li>Prendre decisions basades en informaci\u00f3 real i actualitzada, reduint la depend\u00e8ncia d\u2019informes manuals.<\/li>\n\n\n\n<li>Detectar oportunitats i riscos amb antelaci\u00f3, gr\u00e0cies a la visibilitat global i detallada del negoci.<\/li>\n\n\n\n<li>Estalviar temps i costos, automatitzant processos d\u2019informaci\u00f3 que abans eren lents i poc eficients.<\/li>\n\n\n\n<li>Fomentar la col\u00b7laboraci\u00f3, ja que les dades es comparteixen de manera segura i accessible entre equips.<\/li>\n<\/ul>\n\n\n\n<p>En definitiva, aportem valor convertint les dades en un actiu estrat\u00e8gic, que ajuda les empreses a ser m\u00e9s \u00e0gils, competitives i orientades a resultats.<\/p>\n\n\n\n<div class=\"wp-block-uagb-advanced-heading uagb-block-9f4ac8c1\"><h3 class=\"uagb-heading-text\">Quin tipus de clients o sectors solen confiar en vosaltres i quins s\u00f3n els principals reptes que us plantegen?<\/h3><\/div>\n\n\n\n<p>Sempre diem el mateix: totes les empreses, grans o petites, necessiten eines d\u2019anal\u00edtica de dades. El que normalment varia \u00e9s el pressupost, no la necessitat. Les dades s\u00f3n el cor de qualsevol negoci, i tenir-les ben organitzades i accessibles \u00e9s clau per prendre decisions amb seguretat.<\/p>\n\n\n\n<p>A ANSA treballem amb sectors molt diversos, per\u00f2 tenim una especial experi\u00e8ncia en la ind\u00fastria. Coneixem b\u00e9 les seves problem\u00e0tiques: control de producci\u00f3, gesti\u00f3 d\u2019estocs, tra\u00e7abilitat, costos\u2026 i aix\u00f2 ens permet aportar solucions molt adaptades. Tot i aix\u00ed, tamb\u00e9 col\u00b7laborem amb asseguradores, empreses esportives, distribu\u00efdores i altres \u00e0mbits, perqu\u00e8 la necessitat d\u2019informaci\u00f3 fiable \u00e9s transversal.<\/p>\n\n\n\n<p>Els reptes que ens plantegen s\u00f3n comuns: dades disperses en diferents sistemes amb molt \u00fas d\u2019Excel, informes manuals que consumeixen temps, falta de visibilitat global i dificultat per anticipar riscos. El nostre objectiu \u00e9s transformar aquesta realitat en quadres de comandament clars, accessibles i actualitzats, que donin agilitat i fiabilitat a la presa de decisions. En definitiva, <strong>ajudem les empreses a convertir les dades en un actiu estrat\u00e8gic<\/strong>, amb tecnologia i amb un enfocament molt proper, perqu\u00e8 darrere de cada projecte hi ha persones que volen resultats reals i \u00fatils.<\/p>\n\n\n\n<div class=\"wp-block-uagb-advanced-heading uagb-block-40f77845\"><h3 class=\"uagb-heading-text\">El sector de l\u2019anal\u00edtica de dades est\u00e0 en constant evoluci\u00f3. Quines tend\u00e8ncies o innovacions destacaries actualment en aquest \u00e0mbit?<\/h3><\/div>\n\n\n\n<p>El sector est\u00e0 evolucionant molt r\u00e0pid, especialment en els \u00faltims anys impulsat per la irrupci\u00f3 de la IA generativa. Actualment diria que les tend\u00e8ncies m\u00e9s destacades s\u00f3n:<\/p>\n\n\n\n<ul class=\"wp-block-list\">\n<li><strong>Integraci\u00f3 amb IA<\/strong>: cada cop m\u00e9s, les eines d\u2019anal\u00edtica incorporen models predictius i assistents intel\u00b7ligents per anticipar escenaris.<\/li>\n\n\n\n<li><strong>Automatitzaci\u00f3<\/strong>: processos que abans eren manuals ara s\u2019executen de forma autom\u00e0tica, reduint temps i errors.<\/li>\n\n\n\n<li><strong>Self-service BI<\/strong>: les empreses volen que qualsevol usuari, no nom\u00e9s IT, pugui crear informes i analitzar dades.<\/li>\n\n\n\n<li><strong>Governan\u00e7a i seguretat<\/strong>: amb tanta informaci\u00f3, \u00e9s clau garantir qualitat, tra\u00e7abilitat i compliment normatiu.<\/li>\n\n\n\n<li><strong>Cloud i escalabilitat<\/strong>: plataformes com Microsoft Fabric permeten treballar amb grans volums de dades de manera flexible.<\/li>\n<\/ul>\n\n\n\n<p>En resum, la tend\u00e8ncia \u00e9s clara: dades m\u00e9s accessibles, m\u00e9s intel\u00b7ligents i m\u00e9s segures per prendre decisions r\u00e0pides i fiables.<\/p>\n\n\n\n<div class=\"wp-block-uagb-advanced-heading uagb-block-0fca923f\"><h3 class=\"uagb-heading-text\">Des de la teva experi\u00e8ncia, qu\u00e8 consideres clau perqu\u00e8 un projecte d\u2019an\u00e0lisi de dades sigui realment exit\u00f3s?<\/h3><\/div>\n\n\n\n<p>Perqu\u00e8 un projecte d\u2019an\u00e0lisi de dades sigui realment exit\u00f3s, el factor clau \u00e9s comptar amb un partner amb experi\u00e8ncia en Business Intelligence, que entengui tant la tecnologia com les necessitats del client. No es tracta nom\u00e9s de connectar dades, sin\u00f3 de fer-ho amb rigor, proximitat i una comunicaci\u00f3 fluida. El resultat final ha de complir dues coses: que visualment sigui clar i atractiu, i que funcionalment respongui exactament al que el client espera.<\/p>\n\n\n\n<p>Ara b\u00e9, l\u2019\u00e8xit no dep\u00e8n nom\u00e9s del partner: tamb\u00e9 \u00e9s fonamental l\u2019actitud i els valors de l\u2019equip del client. Quan hi ha col\u00b7laboraci\u00f3, transpar\u00e8ncia i voluntat d\u2019apostar per la cultura de dades, el projecte es converteix en una experi\u00e8ncia compartida. <strong>Quan hi ha confian\u00e7a i un equip que sap escoltar i treballar conjuntament, el projecte no nom\u00e9s funciona, sin\u00f3 que aporta valor real al negoci.<\/strong><\/p>\n\n\n\n<div class=\"wp-block-uagb-advanced-heading uagb-block-3ddc6bbe\"><h3 class=\"uagb-heading-text\">Com a client hist\u00f2ric de la nostra assessoria, qu\u00e8 \u00e9s el que m\u00e9s valores de la relaci\u00f3 i l\u2019acompanyament que us oferim?<\/h3><\/div>\n\n\n\n<p>Vam comen\u00e7ar amb el centre de negocis, llogant un despatx a Barcelona per ANSA (i despr\u00e9s a Girona), i vam seguir amb la gestoria que des de fa 15 anys ens porta la comptabilitat de la empresa. Tamb\u00e9 hem fet servir els serveis d\u2019advocats del centre.<\/p>\n\n\n\n<p><strong>El que m\u00e9s valorem del CINC \u00e9s la proximitat i la confian\u00e7a<\/strong>. Sempre hem trobat un equip accessible, que escolta i aporta solucions pr\u00e0ctiques. Ens agrada la seva capacitat d\u2019acompanyar-nos en cada etapa, amb un tracte molt hum\u00e0, per\u00f2 alhora rigor\u00f3s. Aquesta combinaci\u00f3 de professionalitat i proximitat \u00e9s el que ens fa sentir tranquils i ben assessorats.<\/p>\n\n\n\n<p>Esperem poder seguir treballant amb el CINC durant molts anys m\u00e9s.<\/p>\n","protected":false},"excerpt":{"rendered":"<p>Entrevistem a Jose Manuel Garc\u00eda enginyer inform\u00e0tic i director d&#8217;Ansa Proyectos, una consultoria dedicada al Business Intelligence.<\/p>\n","protected":false},"author":493,"featured_media":32852,"comment_status":"closed","ping_status":"open","sticky":false,"template":"","format":"standard","meta":{"_acf_changed":false,"_uag_custom_page_level_css":"","_jetpack_memberships_contains_paid_content":false,"footnotes":""},"categories":[19],"tags":[108],"class_list":["post-32845","post","type-post","status-publish","format-standard","has-post-thumbnail","hentry","category-entrevistes","tag-entrevista"],"acf":[],"jetpack_featured_media_url":"https:\/\/www.cinc.com\/wp-content\/uploads\/ANSA-equipo-1.webp","uagb_featured_image_src":{"full":["https:\/\/www.cinc.com\/wp-content\/uploads\/ANSA-equipo-1.webp",2048,1152,false],"thumbnail":["https:\/\/www.cinc.com\/wp-content\/uploads\/ANSA-equipo-1-150x150.webp",150,150,true],"medium":["https:\/\/www.cinc.com\/wp-content\/uploads\/ANSA-equipo-1-300x169.webp",300,169,true],"medium_large":["https:\/\/www.cinc.com\/wp-content\/uploads\/ANSA-equipo-1-768x432.webp",768,432,true],"large":["https:\/\/www.cinc.com\/wp-content\/uploads\/ANSA-equipo-1-1024x576.webp",960,540,true],"1536x1536":["https:\/\/www.cinc.com\/wp-content\/uploads\/ANSA-equipo-1-1536x864.webp",1536,864,true],"2048x2048":["https:\/\/www.cinc.com\/wp-content\/uploads\/ANSA-equipo-1.webp",2048,1152,false],"gform-image-choice-sm":["https:\/\/www.cinc.com\/wp-content\/uploads\/ANSA-equipo-1.webp",300,169,false],"gform-image-choice-md":["https:\/\/www.cinc.com\/wp-content\/uploads\/ANSA-equipo-1.webp",400,225,false],"gform-image-choice-lg":["https:\/\/www.cinc.com\/wp-content\/uploads\/ANSA-equipo-1.webp",600,338,false]},"uagb_author_info":{"display_name":"marti","author_link":"https:\/\/www.cinc.com\/ca\/author\/marti\/"},"uagb_comment_info":0,"uagb_excerpt":"Entrevistem a Jose Manuel Garc\u00eda enginyer inform\u00e0tic i director d'Ansa Proyectos, una consultoria dedicada al Business Intelligence.","jetpack_sharing_enabled":true,"_links":{"self":[{"href":"https:\/\/www.cinc.com\/ca\/wp-json\/wp\/v2\/posts\/32845","targetHints":{"allow":["GET"]}}],"collection":[{"href":"https:\/\/www.cinc.com\/ca\/wp-json\/wp\/v2\/posts"}],"about":[{"href":"https:\/\/www.cinc.com\/ca\/wp-json\/wp\/v2\/types\/post"}],"author":[{"embeddable":true,"href":"https:\/\/www.cinc.com\/ca\/wp-json\/wp\/v2\/users\/493"}],"replies":[{"embeddable":true,"href":"https:\/\/www.cinc.com\/ca\/wp-json\/wp\/v2\/comments?post=32845"}],"version-history":[{"count":4,"href":"https:\/\/www.cinc.com\/ca\/wp-json\/wp\/v2\/posts\/32845\/revisions"}],"predecessor-version":[{"id":32862,"href":"https:\/\/www.cinc.com\/ca\/wp-json\/wp\/v2\/posts\/32845\/revisions\/32862"}],"wp:featuredmedia":[{"embeddable":true,"href":"https:\/\/www.cinc.com\/ca\/wp-json\/wp\/v2\/media\/32852"}],"wp:attachment":[{"href":"https:\/\/www.cinc.com\/ca\/wp-json\/wp\/v2\/media?parent=32845"}],"wp:term":[{"taxonomy":"category","embeddable":true,"href":"https:\/\/www.cinc.com\/ca\/wp-json\/wp\/v2\/categories?post=32845"},{"taxonomy":"post_tag","embeddable":true,"href":"https:\/\/www.cinc.com\/ca\/wp-json\/wp\/v2\/tags?post=32845"}],"curies":[{"name":"wp","href":"https:\/\/api.w.org\/{rel}","templated":true}]}}