{"id":32506,"date":"2025-11-25T16:22:51","date_gmt":"2025-11-25T15:22:51","guid":{"rendered":"https:\/\/www.cinc.com\/?p=32506"},"modified":"2025-11-27T18:45:45","modified_gmt":"2025-11-27T17:45:45","slug":"un-any-del-nou-reglament-destrangeria-quins-efectes-esta-tenint","status":"publish","type":"post","link":"https:\/\/www.cinc.com\/ca\/un-any-del-nou-reglament-destrangeria-quins-efectes-esta-tenint\/","title":{"rendered":"Un any del nou Reglament d\u2019Estrangeria: quins efectes est\u00e0 tenint?"},"content":{"rendered":"\n<p class=\"has-x-large-font-size\">Qu\u00e8 ha passat aquest primer any?<\/p>\n\n\n\n<p>El nou Reglament d\u2019Estrangeria compleix un any de la seva publicaci\u00f3 al BOE. Tot i que la seva entrada en vigor es va produir sis mesos despr\u00e9s, el 20 de maig de 2025, ja es pot fer un primer balan\u00e7 sobre l\u2019impacte que estan tenint les seves principals mesures en la realitat migrat\u00f2ria espanyola.<\/p>\n\n\n\n<p class=\"has-x-large-font-size\">Ha augmentat el nombre de sol\u00b7licituds?<\/p>\n\n\n\n<p>S\u00ed, i de manera molt significativa. Sens dubte, la nova normativa ha establert millores substancials. El primer exemple \u00e9s la reducci\u00f3 en un any del temps exigit per sol\u00b7licitar la regularitzaci\u00f3 en tots els arrelaments. Aquesta mesura ha perm\u00e8s que molts estrangers en situaci\u00f3 de vulnerabilitat puguin avan\u00e7ar la sol\u00b7licitud del seu tr\u00e0mit. Una altra millora important ha estat el nou tr\u00e0mit de Familiar de ciutad\u00e0 espanyol, que ofereix, igual que la targeta de familiar de comunitari, la facilitat de treballar des de l\u2019inici del tr\u00e0mit, tot i que ens trobem amb empreses que, en no con\u00e8ixer la nova normativa, descarten el treballador o treballadora si no han obtingut la targeta f\u00edsica. A m\u00e9s, ara els familiars d\u2019estudiants poden sol\u00b7licitar el visat des del territori espanyol, cosa que abans no era possible.<\/p>\n\n\n\n<p>Aquestes millores, sens dubte, han contribu\u00eft a l\u2019augment del nombre de sol\u00b7licituds, com es pot veure a continuaci\u00f3:<br>El per\u00edode anterior a l\u2019entrada en vigor (de l\u20191 de gener al 20 de maig) va registrar 495.000 sol\u00b7licituds d\u2019autoritzacions de resid\u00e8ncia.<br>En canvi, des del 20 de maig fins al 31 d\u2019octubre, la xifra s\u2019ha enfilat fins a les 724.000 sol\u00b7licituds.<\/p>\n\n\n\n<p>Aix\u00f2 suposa un increment del 46,2%, \u00e9s a dir, gaireb\u00e9 un 50% m\u00e9s de peticions en comparaci\u00f3 amb el mateix interval.<\/p>\n\n\n\n<p class=\"has-x-large-font-size\">A qu\u00e8 es deu aquesta pujada?<\/p>\n\n\n\n<p>L\u2019increment est\u00e0 relacionat especialment amb les noves vies de regularitzaci\u00f3 contemplades pel Reglament, que han facilitat l\u2019acc\u00e9s a permisos de resid\u00e8ncia:<\/p>\n\n\n\n<ul class=\"wp-block-list\">\n<li>Autoritzacions inicials<\/li>\n\n\n\n<li>Renovacions<\/li>\n\n\n\n<li>Resid\u00e8ncies de llarga durada<\/li>\n\n\n\n<li>Vies d\u2019arrelament regulades al nou text<\/li>\n<\/ul>\n\n\n\n<p class=\"has-x-large-font-size\">Quantes persones s\u2019han pogut regularitzar?<\/p>\n\n\n\n<p>Durant el per\u00edode compr\u00e8s entre el 20 de maig i el 31 d\u2019octubre, 95.000 persones han pogut regularitzar la seva situaci\u00f3 mitjan\u00e7ant alguna de les vies d\u2019arrelament previstes al Reglament.<\/p>\n\n\n\n<p>Tamb\u00e9 \u00e9s important esmentar la situaci\u00f3 de les persones que han quedat en situaci\u00f3 de desprotecci\u00f3. Ens referim a les greus conseq\u00fc\u00e8ncies per a les m\u00e9s de 190.000 persones sol\u00b7licitants d\u2019asil que es troben pendents de resoluci\u00f3, ja que les deixa en situaci\u00f3 administrativa irregular si les seves peticions s\u00f3n denegades. Aquestes persones, durant el per\u00edode de tramitaci\u00f3 de la sol\u00b7licitud, que sol estar entre un i dos anys, compten amb una autoritzaci\u00f3 per romandre i treballar a l\u2019Estat espanyol. Amb la reforma del Reglament, la denegaci\u00f3 de la sol\u00b7licitud d\u2019asil comportar\u00e0 no nom\u00e9s la p\u00e8rdua d\u2019aquesta autoritzaci\u00f3, sin\u00f3 que, durant el primer any de vig\u00e8ncia del Reglament, hauran de romandre <strong>sis mesos en situaci\u00f3 irregular si volen sol\u00b7licitar els permisos per arrelament<\/strong>, i un cop transcorregut aquest temps, hauran d\u2019esperar dos anys m\u00e9s per poder sol\u00b7licitar les autoritzacions, perqu\u00e8 no se\u2019ls reconeixer\u00e0 el temps de resid\u00e8ncia previ.<\/p>\n\n\n\n<p class=\"has-x-large-font-size\">Quines conclusions podem extreure?<\/p>\n\n\n\n<p>Aquest primer any posa de manifest que el nou Reglament est\u00e0 tenint un impacte rellevant en la gesti\u00f3 migrat\u00f2ria, tant en l\u2019augment de sol\u00b7licituds com en l\u2019agilitzaci\u00f3 de processos de regularitzaci\u00f3. Les dades indiquen que el marc normatiu est\u00e0 responent a una realitat social en evoluci\u00f3 i oferint noves oportunitats d\u2019integraci\u00f3 per a milers de persones.<\/p>\n\n\n\n<div class=\"wp-block-buttons is-content-justification-center is-layout-flex wp-container-core-buttons-is-layout-a89b3969 wp-block-buttons-is-layout-flex\">\n<div class=\"wp-block-button\"><a class=\"wp-block-button__link wp-element-button\" href=\"https:\/\/www.cinc.com\/ca\/contacte\/\" target=\"_blank\" rel=\"noreferrer noopener\">Necessites m\u00e9s informaci\u00f3? Envia&#8217;ns la teva consulta<\/a><\/div>\n<\/div>\n\n\n\n<p><\/p>\n","protected":false},"excerpt":{"rendered":"<p>El nou Reglament d\u2019Estrangeria compleix un any: les sol\u00b7licituds de resid\u00e8ncia pugen un 46% i 95.000 persones ja han regularitzat la seva situaci\u00f3.<\/p>\n","protected":false},"author":25,"featured_media":32496,"comment_status":"closed","ping_status":"open","sticky":false,"template":"","format":"standard","meta":{"_acf_changed":false,"_uag_custom_page_level_css":"","_jetpack_memberships_contains_paid_content":false,"footnotes":""},"categories":[18,97],"tags":[75],"class_list":["post-32506","post","type-post","status-publish","format-standard","has-post-thumbnail","hentry","category-assessoria","category-estrangeria","tag-estrangeria"],"acf":[],"jetpack_featured_media_url":"https:\/\/www.cinc.com\/wp-content\/uploads\/visa-3653492_1280.webp","uagb_featured_image_src":{"full":["https:\/\/www.cinc.com\/wp-content\/uploads\/visa-3653492_1280.webp",1280,786,false],"thumbnail":["https:\/\/www.cinc.com\/wp-content\/uploads\/visa-3653492_1280-150x150.webp",150,150,true],"medium":["https:\/\/www.cinc.com\/wp-content\/uploads\/visa-3653492_1280-300x184.webp",300,184,true],"medium_large":["https:\/\/www.cinc.com\/wp-content\/uploads\/visa-3653492_1280-768x472.webp",768,472,true],"large":["https:\/\/www.cinc.com\/wp-content\/uploads\/visa-3653492_1280-1024x629.webp",960,590,true],"1536x1536":["https:\/\/www.cinc.com\/wp-content\/uploads\/visa-3653492_1280.webp",1280,786,false],"2048x2048":["https:\/\/www.cinc.com\/wp-content\/uploads\/visa-3653492_1280.webp",1280,786,false],"gform-image-choice-sm":["https:\/\/www.cinc.com\/wp-content\/uploads\/visa-3653492_1280.webp",300,184,false],"gform-image-choice-md":["https:\/\/www.cinc.com\/wp-content\/uploads\/visa-3653492_1280.webp",400,246,false],"gform-image-choice-lg":["https:\/\/www.cinc.com\/wp-content\/uploads\/visa-3653492_1280.webp",600,368,false]},"uagb_author_info":{"display_name":"Neus Coll","author_link":"https:\/\/www.cinc.com\/ca\/author\/neus-coll\/"},"uagb_comment_info":0,"uagb_excerpt":"El nou Reglament d\u2019Estrangeria compleix un any: les sol\u00b7licituds de resid\u00e8ncia pugen un 46% i 95.000 persones ja han regularitzat la seva situaci\u00f3.","jetpack_sharing_enabled":true,"_links":{"self":[{"href":"https:\/\/www.cinc.com\/ca\/wp-json\/wp\/v2\/posts\/32506","targetHints":{"allow":["GET"]}}],"collection":[{"href":"https:\/\/www.cinc.com\/ca\/wp-json\/wp\/v2\/posts"}],"about":[{"href":"https:\/\/www.cinc.com\/ca\/wp-json\/wp\/v2\/types\/post"}],"author":[{"embeddable":true,"href":"https:\/\/www.cinc.com\/ca\/wp-json\/wp\/v2\/users\/25"}],"replies":[{"embeddable":true,"href":"https:\/\/www.cinc.com\/ca\/wp-json\/wp\/v2\/comments?post=32506"}],"version-history":[{"count":4,"href":"https:\/\/www.cinc.com\/ca\/wp-json\/wp\/v2\/posts\/32506\/revisions"}],"predecessor-version":[{"id":32575,"href":"https:\/\/www.cinc.com\/ca\/wp-json\/wp\/v2\/posts\/32506\/revisions\/32575"}],"wp:featuredmedia":[{"embeddable":true,"href":"https:\/\/www.cinc.com\/ca\/wp-json\/wp\/v2\/media\/32496"}],"wp:attachment":[{"href":"https:\/\/www.cinc.com\/ca\/wp-json\/wp\/v2\/media?parent=32506"}],"wp:term":[{"taxonomy":"category","embeddable":true,"href":"https:\/\/www.cinc.com\/ca\/wp-json\/wp\/v2\/categories?post=32506"},{"taxonomy":"post_tag","embeddable":true,"href":"https:\/\/www.cinc.com\/ca\/wp-json\/wp\/v2\/tags?post=32506"}],"curies":[{"name":"wp","href":"https:\/\/api.w.org\/{rel}","templated":true}]}}