{"id":32447,"date":"2025-11-18T19:02:11","date_gmt":"2025-11-18T18:02:11","guid":{"rendered":"https:\/\/www.cinc.com\/nou-reial-decret-sobre-el-servei-de-la-llar-familiar-quines-obligacions-tenen-ara-els-particulars-2\/"},"modified":"2025-11-26T18:22:51","modified_gmt":"2025-11-26T17:22:51","slug":"nou-reial-decret-sobre-el-servei-de-la-llar-familiar-quines-obligacions-tenen-ara-els-particulars-2","status":"publish","type":"post","link":"https:\/\/www.cinc.com\/ca\/nou-reial-decret-sobre-el-servei-de-la-llar-familiar-quines-obligacions-tenen-ara-els-particulars-2\/","title":{"rendered":"Nou Reial decret sobre el servei de la llar familiar: quines obligacions tenen ara els particulars?"},"content":{"rendered":"\n<div class=\"wp-block-uagb-advanced-heading uagb-block-b49a275d\"><h3 class=\"uagb-heading-text\">Qu\u00e8 \u00e9s el Reial decret 893\/2024 i per qu\u00e8 \u00e9s important?<\/h3><\/div>\n\n\n\n<p>El 10 de setembre del 2024 es va publicar el Reial decret 893\/2024, una norma que regula per primera vegada de manera detallada la protecci\u00f3 de la seguretat i la salut en l&#8217;\u00e0mbit del servei de la llar familiar.<br>Aquesta regulaci\u00f3 suposa un aven\u00e7 significatiu en la professionalitzaci\u00f3 del sector i en l&#8217;equiparaci\u00f3 dels drets preventius de les persones treballadores de la llar.<\/p>\n\n\n\n<div class=\"wp-block-uagb-advanced-heading uagb-block-c75a48a3\"><h3 class=\"uagb-heading-text\">A qui afecta aquesta nova normativa?<\/h3><\/div>\n\n\n\n<p>El decret afecta tots els particulars que contractin personal de la llar, independentment que la prestaci\u00f3 del servei sigui per hores, parcial o a jornada completa.<br>\u00c9s a dir, qualsevol persona que tingui ajut dom\u00e8stic contractat ha de complir aquestes obligacions.<\/p>\n\n\n\n<div class=\"wp-block-uagb-advanced-heading uagb-block-33e3deec\"><h3 class=\"uagb-heading-text\">Quines obligacions han de complir els ocupadors particulars?<\/h3><\/div>\n\n\n\n<p>El Reial decret estableix un conjunt de nous requisits que cal tenir molt presents:<\/p>\n\n\n\n<ol start=\"1\" class=\"wp-block-list\">\n<li><strong>Elaborar una avaluaci\u00f3 de riscos<\/strong><br>Els particulars han de confeccionar una avaluaci\u00f3 de riscos laborals, tot identificant els possibles perills vinculats a les tasques del domicili (neteja, \u00fas de productes qu\u00edmics, moviments repetitius, c\u00e0rregues, etc.) i establint les mesures preventives necess\u00e0ries.<\/li>\n\n\n\n<li><strong>Proporcionar equips de protecci\u00f3 individual (EPI)<\/strong><br>Quan les tasques ho requereixin, la persona treballadora ha de disposar dels EPI corresponents, com ara guants, cal\u00e7at antilliscant o proteccions espec\u00edfiques per al maneig de determinats productes.<\/li>\n\n\n\n<li><strong>Facilitar formaci\u00f3 espec\u00edfica en prevenci\u00f3 de riscs laborals<\/strong><br>La persona treballadora ha de rebre formaci\u00f3 adequada i espec\u00edfica sobre com dur a terme les seves tasques amb seguretat, com utilitzar els EPI i com prevenir situacions de risc a l&#8217;entorn dom\u00e8stic.<\/li>\n\n\n\n<li><strong>Informar sobre riscos i mesures preventives<\/strong><br>A m\u00e9s de la formaci\u00f3, \u00e9s obligatori proporcionar informaci\u00f3 clara i comprensible sobre els riscos concrets associats al lloc de treball i les mesures de prevenci\u00f3 que cal aplicar.<\/li>\n\n\n\n<li><strong>Garantir la possibilitat de fer una revisi\u00f3 m\u00e8dica<\/strong><br>El decret estableix que la persona treballadora ha de tenir la possibilitat d&#8217;accedir a una vigil\u00e0ncia de la salut, \u00e9s a dir, a una revisi\u00f3 m\u00e8dica relacionada amb els riscos de la seva activitat.<\/li>\n<\/ol>\n\n\n\n<h3 class=\"wp-block-heading\">Qu\u00e8 passa si no es compleixen aquestes obligacions?<\/h3>\n\n\n\n<p>Aquesta normativa refor\u00e7a la protecci\u00f3 dun col\u00b7lectiu especialment vulnerable. El seu incompliment pot suposar responsabilitats legals i possibles sancions, a m\u00e9s dincrementar el risc daccidents i incid\u00e8ncies a la llar. <\/p>\n\n\n\n<div class=\"wp-block-uagb-advanced-heading uagb-block-1cf484d7\"><h3 class=\"uagb-heading-text\">Com pot ajudar CINC?<\/h3><\/div>\n\n\n\n<p>A CINC oferim informaci\u00f3 normativa i suport en el compliment del Reial Decret, perqu\u00e8 particulars i fam\u00edlies puguin adaptar-se a aquesta nova regulaci\u00f3 amb total seguretat, aix\u00ed com el contacte amb serveis de prevenci\u00f3 homologats que puguin elaborar les avaluacions de riscos.<\/p>\n\n\n\n<p><\/p>\n","protected":false},"excerpt":{"rendered":"<p>Aquesta regulaci\u00f3 suposa un aven\u00e7 significatiu en la professionalitzaci\u00f3 del sector i en l&#8217;equiparaci\u00f3 dels drets preventius de les persones treballadores de la llar.<\/p>\n","protected":false},"author":25,"featured_media":32407,"comment_status":"closed","ping_status":"closed","sticky":false,"template":"","format":"standard","meta":{"_acf_changed":false,"_uag_custom_page_level_css":"","_jetpack_memberships_contains_paid_content":false,"footnotes":""},"categories":[18,232,254],"tags":[76,86],"class_list":["post-32447","post","type-post","status-publish","format-standard","has-post-thumbnail","hentry","category-assessoria","category-general-2","category-general","tag-assessoria","tag-laboral-2"],"acf":[],"jetpack_featured_media_url":"https:\/\/www.cinc.com\/wp-content\/uploads\/cleaning-8853519_960_720.webp","uagb_featured_image_src":{"full":["https:\/\/www.cinc.com\/wp-content\/uploads\/cleaning-8853519_960_720.webp",960,549,false],"thumbnail":["https:\/\/www.cinc.com\/wp-content\/uploads\/cleaning-8853519_960_720-150x150.webp",150,150,true],"medium":["https:\/\/www.cinc.com\/wp-content\/uploads\/cleaning-8853519_960_720-300x172.webp",300,172,true],"medium_large":["https:\/\/www.cinc.com\/wp-content\/uploads\/cleaning-8853519_960_720-768x439.webp",768,439,true],"large":["https:\/\/www.cinc.com\/wp-content\/uploads\/cleaning-8853519_960_720.webp",960,549,false],"1536x1536":["https:\/\/www.cinc.com\/wp-content\/uploads\/cleaning-8853519_960_720.webp",960,549,false],"2048x2048":["https:\/\/www.cinc.com\/wp-content\/uploads\/cleaning-8853519_960_720.webp",960,549,false],"gform-image-choice-sm":["https:\/\/www.cinc.com\/wp-content\/uploads\/cleaning-8853519_960_720.webp",300,172,false],"gform-image-choice-md":["https:\/\/www.cinc.com\/wp-content\/uploads\/cleaning-8853519_960_720.webp",400,229,false],"gform-image-choice-lg":["https:\/\/www.cinc.com\/wp-content\/uploads\/cleaning-8853519_960_720.webp",600,343,false]},"uagb_author_info":{"display_name":"Neus Coll","author_link":"https:\/\/www.cinc.com\/ca\/author\/neus-coll\/"},"uagb_comment_info":0,"uagb_excerpt":"Aquesta regulaci\u00f3 suposa un aven\u00e7 significatiu en la professionalitzaci\u00f3 del sector i en l'equiparaci\u00f3 dels drets preventius de les persones treballadores de la llar.","jetpack_sharing_enabled":true,"_links":{"self":[{"href":"https:\/\/www.cinc.com\/ca\/wp-json\/wp\/v2\/posts\/32447","targetHints":{"allow":["GET"]}}],"collection":[{"href":"https:\/\/www.cinc.com\/ca\/wp-json\/wp\/v2\/posts"}],"about":[{"href":"https:\/\/www.cinc.com\/ca\/wp-json\/wp\/v2\/types\/post"}],"author":[{"embeddable":true,"href":"https:\/\/www.cinc.com\/ca\/wp-json\/wp\/v2\/users\/25"}],"replies":[{"embeddable":true,"href":"https:\/\/www.cinc.com\/ca\/wp-json\/wp\/v2\/comments?post=32447"}],"version-history":[{"count":6,"href":"https:\/\/www.cinc.com\/ca\/wp-json\/wp\/v2\/posts\/32447\/revisions"}],"predecessor-version":[{"id":32538,"href":"https:\/\/www.cinc.com\/ca\/wp-json\/wp\/v2\/posts\/32447\/revisions\/32538"}],"wp:featuredmedia":[{"embeddable":true,"href":"https:\/\/www.cinc.com\/ca\/wp-json\/wp\/v2\/media\/32407"}],"wp:attachment":[{"href":"https:\/\/www.cinc.com\/ca\/wp-json\/wp\/v2\/media?parent=32447"}],"wp:term":[{"taxonomy":"category","embeddable":true,"href":"https:\/\/www.cinc.com\/ca\/wp-json\/wp\/v2\/categories?post=32447"},{"taxonomy":"post_tag","embeddable":true,"href":"https:\/\/www.cinc.com\/ca\/wp-json\/wp\/v2\/tags?post=32447"}],"curies":[{"name":"wp","href":"https:\/\/api.w.org\/{rel}","templated":true}]}}