{"id":32372,"date":"2025-11-18T13:19:38","date_gmt":"2025-11-18T12:19:38","guid":{"rendered":"https:\/\/www.cinc.com\/la-gestio-collectiva-de-contractacions-en-origen-una-manera-dagilitzar-les-incorporacions-de-treballadors-extracomunitaris\/"},"modified":"2025-11-18T19:14:13","modified_gmt":"2025-11-18T18:14:13","slug":"la-gestio-collectiva-de-contractacions-en-origen-una-manera-dagilitzar-les-incorporacions-de-treballadors-extracomunitaris","status":"publish","type":"post","link":"https:\/\/www.cinc.com\/ca\/la-gestio-collectiva-de-contractacions-en-origen-una-manera-dagilitzar-les-incorporacions-de-treballadors-extracomunitaris\/","title":{"rendered":"La gesti\u00f3 col\u00b7lectiva de contractacions en origen, una manera d&#8217;agilitzar les incorporacions de treballadors extracomunitaris"},"content":{"rendered":"\n<p class=\"has-x-large-font-size\">A qui va dirigit aquest tipus de contractacions?<\/p>\n\n\n\n<p>La <strong>gesti\u00f3 col\u00b7lectiva de contractacions en origen<\/strong> (GECCO) est\u00e0 pensat per a empreses o persones ocupadores individuals que necessitin incorporar diverses persones treballadores en un mateix per\u00edode o campanya, ja sigui de manera temporal o estable, i vulguin concentrar en un \u00fanic procediment la tramitaci\u00f3 de totes les autoritzacions. Aix\u00ed, es facilita una planificaci\u00f3 m\u00e9s ordenada de les necessitats de personal, se simplifiquen els tr\u00e0mits administratius i es redueix la c\u00e0rrega de gestions individuals per a cada contractaci\u00f3. <\/p>\n\n\n\n<p class=\"has-x-large-font-size\">Requisits b\u00e0sics que han de complir<\/p>\n\n\n\n<ul class=\"wp-block-list\">\n<li>M\u00ednim de cinc places de naturalesa homog\u00e8nia: \u00c9s necessari que la sol\u00b7licitud inclogui almenys cinc llocs de treball amb funcions similars o iguals, de manera que es consideri una contractaci\u00f3 col\u00b7lectiva i no individual.<\/li>\n\n\n\n<li>Selecci\u00f3 de persones treballadores extracomunit\u00e0ries que no es trobin ni resideixin a Espanya: Les persones a contractar han de ser nacionals de tercers pa\u00efsos (no pertanyents a la Uni\u00f3 Europea) i trobar-se al pa\u00eds d&#8217;origen o de resid\u00e8ncia habitual en el moment de la sol\u00b7licitud.<\/li>\n\n\n\n<li>Certificat negatiu sobre la gesti\u00f3 de l&#8217;oferta dels llocs de treball: \u00c9s obligatori acreditar, mitjan\u00e7ant un certificat em\u00e8s pels serveis p\u00fablics d&#8217;ocupaci\u00f3, que no ha estat possible cobrir aquests llocs amb persones ja disponibles al mercat laboral intern.<\/li>\n<\/ul>\n\n\n\n<p class=\"has-x-large-font-size\">Quin tipus de llocs de treball est\u00e0 orientat a cobrir aquest tipus de contractaci\u00f3?<\/p>\n\n\n\n<p>La GECCO es pot fer servir per cobrir llocs de treball estacionals o de temporada, amb un m\u00e0xim de 9 mesos d&#8217;activitat en un per\u00edode de 12 mesos. Aquesta possibilitat s&#8217;emmarca en l&#8217;anomenada migraci\u00f3 circular, de la qual \u00e9s competent l&#8217;Administraci\u00f3 General de l&#8217;Estat.<\/p>\n\n\n\n<p>La gesti\u00f3 col\u00b7lectiva tamb\u00e9 es pot utilitzar per efectuar <strong>contractacions estables<\/strong>; \u00e9s a dir, per a per\u00edodes d&#8217;activitat continuada de, com a m\u00ednim, un any.<\/p>\n\n\n\n<p class=\"has-x-large-font-size\">Com se selecciona els treballadors extracomunitaris?<\/p>\n\n\n\n<p>Les gestions col\u00b7lectives, tant en el marc de la migraci\u00f3 circular com de la contractaci\u00f3 estable, poden ser <strong>gen\u00e8riques <\/strong>\u2014quan se sol\u00b7liciten treballadors\/es de manera general des de l&#8217;Estat espanyol\u2014 o <strong>nominatives<\/strong>, quan la selecci\u00f3 ja s&#8217;ha realitzat pr\u00e8viament i la sol\u00b7licitud es presenta directament amb les dades identificatives de les persones treballadores que es preveu contractar. <\/p>\n\n\n\n<p class=\"has-x-large-font-size\">Termini<\/p>\n\n\n\n<p>El termini per sol\u00b7licitar aquest tr\u00e0mit \u00e9s dentre els 3 i 6 mesos anteriors a la previsi\u00f3 de linici de lactivitat laboral, per la qual cosa \u00e9s important planificar amb suficient antelaci\u00f3 les necessitats de contractaci\u00f3.<\/p>\n\n\n\n<p>La gesti\u00f3 col\u00b7lectiva de contractacions en origen (GECCO) permet a les empreses planificar i cobrir de forma \u00e0gil i ordenada les necessitats de personal extracomunitari, tant per a campanyes temporals com per a contractacions estables. Si est\u00e0s interessat en la gesti\u00f3 col\u00b7lectiva de contractacions en origen, a CINC oferim assessorament especialitzat en aquesta mat\u00e8ria. Si tens dubtes o vols comen\u00e7ar, no dubtis a <a href=\"https:\/\/www.cinc.com\/ca\/contacte\/\">contactar<\/a> amb el Departament d&#8217;<a href=\"https:\/\/www.cinc.com\/ca\/assessoria-dempreses\/\">Estrangeria de CINC Assessoria<\/a>.  <\/p>\n","protected":false},"excerpt":{"rendered":"<p>A qui va dirigit aquest tipus de contractacions?<\/p>\n","protected":false},"author":493,"featured_media":32367,"comment_status":"closed","ping_status":"closed","sticky":false,"template":"","format":"standard","meta":{"_acf_changed":false,"_uag_custom_page_level_css":"","_jetpack_memberships_contains_paid_content":false,"footnotes":""},"categories":[97],"tags":[],"class_list":["post-32372","post","type-post","status-publish","format-standard","has-post-thumbnail","hentry","category-estrangeria"],"acf":[],"jetpack_featured_media_url":"https:\/\/www.cinc.com\/wp-content\/uploads\/empresario-adulto-medio-dando-una-presentacion-un-grupo-de-trabajadores-industriales-en-una-fabrica.webp","uagb_featured_image_src":{"full":["https:\/\/www.cinc.com\/wp-content\/uploads\/empresario-adulto-medio-dando-una-presentacion-un-grupo-de-trabajadores-industriales-en-una-fabrica.webp",1920,1080,false],"thumbnail":["https:\/\/www.cinc.com\/wp-content\/uploads\/empresario-adulto-medio-dando-una-presentacion-un-grupo-de-trabajadores-industriales-en-una-fabrica-150x150.webp",150,150,true],"medium":["https:\/\/www.cinc.com\/wp-content\/uploads\/empresario-adulto-medio-dando-una-presentacion-un-grupo-de-trabajadores-industriales-en-una-fabrica-300x169.webp",300,169,true],"medium_large":["https:\/\/www.cinc.com\/wp-content\/uploads\/empresario-adulto-medio-dando-una-presentacion-un-grupo-de-trabajadores-industriales-en-una-fabrica-768x432.webp",768,432,true],"large":["https:\/\/www.cinc.com\/wp-content\/uploads\/empresario-adulto-medio-dando-una-presentacion-un-grupo-de-trabajadores-industriales-en-una-fabrica-1024x576.webp",960,540,true],"1536x1536":["https:\/\/www.cinc.com\/wp-content\/uploads\/empresario-adulto-medio-dando-una-presentacion-un-grupo-de-trabajadores-industriales-en-una-fabrica-1536x864.webp",1536,864,true],"2048x2048":["https:\/\/www.cinc.com\/wp-content\/uploads\/empresario-adulto-medio-dando-una-presentacion-un-grupo-de-trabajadores-industriales-en-una-fabrica.webp",1920,1080,false],"gform-image-choice-sm":["https:\/\/www.cinc.com\/wp-content\/uploads\/empresario-adulto-medio-dando-una-presentacion-un-grupo-de-trabajadores-industriales-en-una-fabrica.webp",300,169,false],"gform-image-choice-md":["https:\/\/www.cinc.com\/wp-content\/uploads\/empresario-adulto-medio-dando-una-presentacion-un-grupo-de-trabajadores-industriales-en-una-fabrica.webp",400,225,false],"gform-image-choice-lg":["https:\/\/www.cinc.com\/wp-content\/uploads\/empresario-adulto-medio-dando-una-presentacion-un-grupo-de-trabajadores-industriales-en-una-fabrica.webp",600,338,false]},"uagb_author_info":{"display_name":"marti","author_link":"https:\/\/www.cinc.com\/ca\/author\/marti\/"},"uagb_comment_info":0,"uagb_excerpt":"A qui va dirigit aquest tipus de contractacions?","jetpack_sharing_enabled":true,"_links":{"self":[{"href":"https:\/\/www.cinc.com\/ca\/wp-json\/wp\/v2\/posts\/32372","targetHints":{"allow":["GET"]}}],"collection":[{"href":"https:\/\/www.cinc.com\/ca\/wp-json\/wp\/v2\/posts"}],"about":[{"href":"https:\/\/www.cinc.com\/ca\/wp-json\/wp\/v2\/types\/post"}],"author":[{"embeddable":true,"href":"https:\/\/www.cinc.com\/ca\/wp-json\/wp\/v2\/users\/493"}],"replies":[{"embeddable":true,"href":"https:\/\/www.cinc.com\/ca\/wp-json\/wp\/v2\/comments?post=32372"}],"version-history":[{"count":4,"href":"https:\/\/www.cinc.com\/ca\/wp-json\/wp\/v2\/posts\/32372\/revisions"}],"predecessor-version":[{"id":32424,"href":"https:\/\/www.cinc.com\/ca\/wp-json\/wp\/v2\/posts\/32372\/revisions\/32424"}],"wp:featuredmedia":[{"embeddable":true,"href":"https:\/\/www.cinc.com\/ca\/wp-json\/wp\/v2\/media\/32367"}],"wp:attachment":[{"href":"https:\/\/www.cinc.com\/ca\/wp-json\/wp\/v2\/media?parent=32372"}],"wp:term":[{"taxonomy":"category","embeddable":true,"href":"https:\/\/www.cinc.com\/ca\/wp-json\/wp\/v2\/categories?post=32372"},{"taxonomy":"post_tag","embeddable":true,"href":"https:\/\/www.cinc.com\/ca\/wp-json\/wp\/v2\/tags?post=32372"}],"curies":[{"name":"wp","href":"https:\/\/api.w.org\/{rel}","templated":true}]}}