{"id":32200,"date":"2025-11-04T17:26:26","date_gmt":"2025-11-04T16:26:26","guid":{"rendered":"https:\/\/www.cinc.com\/?p=32200"},"modified":"2025-11-04T17:28:24","modified_gmt":"2025-11-04T16:28:24","slug":"cinc-participa-en-el-primer-22-demo-day-i-en-els-premis-start-awards-2025-per-impulsar-el-talent-emprenedor","status":"publish","type":"post","link":"https:\/\/www.cinc.com\/ca\/cinc-participa-en-el-primer-22-demo-day-i-en-els-premis-start-awards-2025-per-impulsar-el-talent-emprenedor\/","title":{"rendered":"CINC participa en el primer 22@ Demo Day i en els Premis Start Awards 2025 per impulsar el talent emprenedor"},"content":{"rendered":"\n<p>CINC ha estat una de les entitats col\u00b7laboradores del primer 22@ Demo Day, organitzat pel 22@Network Barcelona el passat 28 d\u2019octubre a l\u2019edifici MediaTIC. Aquesta trobada, centrada en la inversi\u00f3 i la innovaci\u00f3, ha reunit algunes de les startups m\u00e9s prometedores del districte 22@, seleccionades pel Comit\u00e8 de la Xarxa 22@.<\/p>\n\n\n\n<h3 class=\"wp-block-heading has-x-large-font-size\">Una jornada per connectar talent, innovaci\u00f3 i inversi\u00f3<\/h3>\n\n\n\n<p>L\u2019objectiu del 22@ Demo Day \u00e9s donar visibilitat a les startups del districte i connectar-les amb finan\u00e7ament real, posant-les en contacte amb venture capitals, corporate ventures i business angels tant locals com internacionals.<\/p>\n\n\n\n<p>L\u2019esdeveniment ha estat tot un \u00e8xit de participaci\u00f3 i qualitat, amb m\u00e9s de 80 startups, 35 inversors i 18 corporacions i entitats vinculades a l\u2019ecosistema d\u2019innovaci\u00f3 del 22@. En total, hi han assistit m\u00e9s de 200 professionals del sector.<\/p>\n\n\n\n<h3 class=\"wp-block-heading has-x-large-font-size\">Clients de CINC, protagonistes a l\u2019speed dating amb inversors<\/h3>\n\n\n\n<p>En representaci\u00f3 de CINC, dues empreses clients van participar a la sessi\u00f3 d\u2019<em>speed dating<\/em>, una oportunitat per donar visibilitat als seus projectes davant inversors, empreses i l\u00edders en innovaci\u00f3:<\/p>\n\n\n\n<ul class=\"wp-block-list\">\n<li><strong>Reverso Lab<\/strong>, representada pel seu fundador Diego Fern\u00e1ndez, \u00e9s una empresa amb m\u00e9s de 15 anys d\u2019experi\u00e8ncia en desenvolupament tecnol\u00f2gic. Des de 2019, s\u2019ha especialitzat en la fusi\u00f3 d\u2019XR i Intel\u00b7lig\u00e8ncia Artificial per crear experi\u00e8ncies immersives amb impacte emocional i narratiu. Durant el Demo Day van presentar <em>\u201cTHE GRAIL \u2014 A Digital Human Twin Project\u201d<\/em>, un projecte innovador que combina XR, IA i Blockchain per crear Bessons Humans Digitals, avatars realistes capa\u00e7os de pensar, parlar i reaccionar de manera coherent amb la personalitat i el coneixement d\u2019una persona real.<\/li>\n\n\n\n<li><strong>Digital Sense Technologies<\/strong> ofereix una xarxa d\u2019IAoT que connecta m\u00e0quines, flotes, instal\u00b7lacions i entorns naturals amb el sistema financer perqu\u00e8 les operacions funcionin en temps real. Els seus sistemes integren sensors, connectivitat universal i bessons digitals en temps real que alimenten copilots d\u2019IA, millorant la presa de decisions, detectant anomalies i optimitzant els costos de producci\u00f3 amb resultats mesurables.<\/li>\n<\/ul>\n\n\n\n<h3 class=\"wp-block-heading has-x-large-font-size\">CINC, un any m\u00e9s al jurat dels Premis Start Awards 2025<\/h3>\n\n\n\n<p>A m\u00e9s, CINC ha tornat a formar part del jurat dels Premis Start Awards 2025, una iniciativa que reconeix la iniciativa, l\u2019esfor\u00e7 i la innovaci\u00f3 de l\u2019ecosistema emprenedor. Durant la cerim\u00f2nia, els finalistes van presentar els seus projectes en un <em>pitch<\/em> davant un jurat expert, que va seleccionar com a guanyadora la startup Flomics Biotech.<\/p>\n\n\n\n<p>L\u2019acte va comptar amb la pres\u00e8ncia de la Sra. Sandra Ruiz, Directora General d\u2019Economia i Societat Digitals de la Generalitat de Catalunya. En nom de CINC, es va fer entrega del diploma i d\u2019una consultoria gratu\u00efta en assessorament empresarial a l\u2019empresa guanyadora.<\/p>\n\n\n\n<h3 class=\"wp-block-heading has-x-large-font-size\">Comprom\u00eds amb l\u2019ecosistema emprenedor<\/h3>\n\n\n\n<p>Amb la seva participaci\u00f3 en esdeveniments com el 22@ Demo Day i els Premis Start Awards, CINC refor\u00e7a el seu comprom\u00eds amb el talent innovador i l\u2019impuls a l\u2019emprenedoria, contribuint activament a la connexi\u00f3 entre startups, inversors i institucions dins l\u2019ecosistema empresarial del districte 22@.<\/p>\n\n\n\n<p><\/p>\n","protected":false},"excerpt":{"rendered":"<p>CINC ha estat una de les entitats col\u00b7laboradores del primer 22@ Demo Day, organitzat pel 22@Network Barcelona el passat 28 d\u2019octubre a l\u2019edifici MediaTIC. Aquesta trobada, centrada en la inversi\u00f3 i la innovaci\u00f3, ha reunit algunes de les startups m\u00e9s prometedores del districte 22@, seleccionades pel Comit\u00e8 de la Xarxa 22@.<\/p>\n","protected":false},"author":424,"featured_media":32201,"comment_status":"closed","ping_status":"open","sticky":false,"template":"","format":"standard","meta":{"_acf_changed":false,"_uag_custom_page_level_css":"","_jetpack_memberships_contains_paid_content":false,"footnotes":""},"categories":[1],"tags":[],"class_list":["post-32200","post","type-post","status-publish","format-standard","has-post-thumbnail","hentry","category-uncategorized-ca"],"acf":[],"jetpack_featured_media_url":"https:\/\/www.cinc.com\/wp-content\/uploads\/22@DEMO-DAY-241-e1763549356975.jpg","uagb_featured_image_src":{"full":["https:\/\/www.cinc.com\/wp-content\/uploads\/22@DEMO-DAY-241-e1763549356975.jpg",1200,800,false],"thumbnail":["https:\/\/www.cinc.com\/wp-content\/uploads\/22@DEMO-DAY-241-150x150.jpg",150,150,true],"medium":["https:\/\/www.cinc.com\/wp-content\/uploads\/22@DEMO-DAY-241-300x200.jpg",300,200,true],"medium_large":["https:\/\/www.cinc.com\/wp-content\/uploads\/22@DEMO-DAY-241-768x512.jpg",768,512,true],"large":["https:\/\/www.cinc.com\/wp-content\/uploads\/22@DEMO-DAY-241-1024x683.jpg",960,640,true],"1536x1536":["https:\/\/www.cinc.com\/wp-content\/uploads\/22@DEMO-DAY-241-e1763549356975.jpg",1200,800,false],"2048x2048":["https:\/\/www.cinc.com\/wp-content\/uploads\/22@DEMO-DAY-241-e1763549356975.jpg",1200,800,false],"gform-image-choice-sm":["https:\/\/www.cinc.com\/wp-content\/uploads\/22@DEMO-DAY-241-e1763549356975.jpg",300,200,false],"gform-image-choice-md":["https:\/\/www.cinc.com\/wp-content\/uploads\/22@DEMO-DAY-241-e1763549356975.jpg",400,267,false],"gform-image-choice-lg":["https:\/\/www.cinc.com\/wp-content\/uploads\/22@DEMO-DAY-241-e1763549356975.jpg",600,400,false]},"uagb_author_info":{"display_name":"Recepci\u00f3 BCN","author_link":"https:\/\/www.cinc.com\/ca\/author\/recepcio\/"},"uagb_comment_info":0,"uagb_excerpt":"CINC ha estat una de les entitats col\u00b7laboradores del primer 22@ Demo Day, organitzat pel 22@Network Barcelona el passat 28 d\u2019octubre a l\u2019edifici MediaTIC. Aquesta trobada, centrada en la inversi\u00f3 i la innovaci\u00f3, ha reunit algunes de les startups m\u00e9s prometedores del districte 22@, seleccionades pel Comit\u00e8 de la Xarxa 22@.","jetpack_sharing_enabled":true,"_links":{"self":[{"href":"https:\/\/www.cinc.com\/ca\/wp-json\/wp\/v2\/posts\/32200","targetHints":{"allow":["GET"]}}],"collection":[{"href":"https:\/\/www.cinc.com\/ca\/wp-json\/wp\/v2\/posts"}],"about":[{"href":"https:\/\/www.cinc.com\/ca\/wp-json\/wp\/v2\/types\/post"}],"author":[{"embeddable":true,"href":"https:\/\/www.cinc.com\/ca\/wp-json\/wp\/v2\/users\/424"}],"replies":[{"embeddable":true,"href":"https:\/\/www.cinc.com\/ca\/wp-json\/wp\/v2\/comments?post=32200"}],"version-history":[{"count":2,"href":"https:\/\/www.cinc.com\/ca\/wp-json\/wp\/v2\/posts\/32200\/revisions"}],"predecessor-version":[{"id":32207,"href":"https:\/\/www.cinc.com\/ca\/wp-json\/wp\/v2\/posts\/32200\/revisions\/32207"}],"wp:featuredmedia":[{"embeddable":true,"href":"https:\/\/www.cinc.com\/ca\/wp-json\/wp\/v2\/media\/32201"}],"wp:attachment":[{"href":"https:\/\/www.cinc.com\/ca\/wp-json\/wp\/v2\/media?parent=32200"}],"wp:term":[{"taxonomy":"category","embeddable":true,"href":"https:\/\/www.cinc.com\/ca\/wp-json\/wp\/v2\/categories?post=32200"},{"taxonomy":"post_tag","embeddable":true,"href":"https:\/\/www.cinc.com\/ca\/wp-json\/wp\/v2\/tags?post=32200"}],"curies":[{"name":"wp","href":"https:\/\/api.w.org\/{rel}","templated":true}]}}