{"id":32186,"date":"2025-10-29T15:01:49","date_gmt":"2025-10-29T14:01:49","guid":{"rendered":"https:\/\/www.cinc.com\/cinc-impulsa-el-concurs-felicita-el-nadal-a-cinc-per-fomentar-el-talent-jove-del-disseny\/"},"modified":"2025-10-30T18:20:23","modified_gmt":"2025-10-30T17:20:23","slug":"cinc-impulsa-el-concurs-felicita-el-nadal-a-cinc-per-fomentar-el-talent-jove-del-disseny","status":"publish","type":"post","link":"https:\/\/www.cinc.com\/ca\/cinc-impulsa-el-concurs-felicita-el-nadal-a-cinc-per-fomentar-el-talent-jove-del-disseny\/","title":{"rendered":"CINC impulsa el concurs \u201cFelicita el Nadal a CINC\u201d per fomentar el talent jove del disseny"},"content":{"rendered":"\n<p>CINC posa en marxa una nova edici\u00f3 del concurs \u201cFelicita el Nadal a CINC\u201d, una iniciativa que vol connectar el m\u00f3n educatiu i l\u2019empresarial mitjan\u00e7ant un projecte creatiu real: l\u2019elaboraci\u00f3 de la felicitaci\u00f3 de Nadal i el calendari 2026 de CINC.<\/p>\n\n<p class=\"has-x-large-font-size\"><strong>Un projecte de col\u00b7laboraci\u00f3 amb escoles d\u2019art i disseny<\/strong><\/p>\n\n<p>El programa est\u00e0 adre\u00e7at a l\u2019alumnat de tres centres de refer\u00e8ncia en el camp del disseny:<\/p>\n\n<ul class=\"wp-block-list\">\n<li>L\u2019Escola d\u2019Art i Disseny de Terrassa<\/li>\n\n\n\n<li>L\u2019Escola d\u2019Art i Disseny de Rub\u00ed<\/li>\n\n\n\n<li>L\u2019Escola Superior de Disseny ESDi<\/li>\n<\/ul>\n\n<p>Amb aquesta iniciativa, CINC reafirma el seu comprom\u00eds amb la formaci\u00f3 i el talent emergent, oferint als estudiants una oportunitat per desenvolupar un enc\u00e0rrec real i donar visibilitat al seu treball en un entorn professional.<\/p>\n\n<p class=\"has-x-large-font-size\"><strong>Quatre premis per recon\u00e8ixer la creativitat i la innovaci\u00f3<\/strong><\/p>\n\n<p>El concurs contempla quatre guardons per a les propostes m\u00e9s destacades:<\/p>\n\n<ul class=\"wp-block-list\">\n<li>Primer premi: 700 \u20ac per a la felicitaci\u00f3 i calendari guanyadors<\/li>\n\n\n\n<li>Segon premi: 200 \u20ac<\/li>\n\n\n\n<li>Tercer premi: 100 \u20ac<\/li>\n\n\n\n<li>Premi multim\u00e8dia: 500 \u20ac per a l\u2019adaptaci\u00f3 de la felicitaci\u00f3 en format de microv\u00eddeo<\/li>\n<\/ul>\n\n<p>El Premi multim\u00e8dia \u00e9s compatible amb el Primer Premi, de manera que la mateixa persona pot rebre ambd\u00f3s reconeixements si realitza tamb\u00e9 la versi\u00f3 audiovisual de la nadala.<\/p>\n\n<p class=\"has-x-large-font-size\"><strong>Un jurat format per professionals del disseny i representants de CINC<\/strong><\/p>\n\n<p>El jurat del concurs estar\u00e0 integrat per cinc membres: dues persones del departament de comunicaci\u00f3 de CINC, un directiu de l\u2019empresa i dos docents, un de cadascun dels centres participants.<\/p>\n\n<p>Els criteris de valoraci\u00f3 seran:<\/p>\n\n<ul class=\"wp-block-list\">\n<li>L\u2019originalitat i creativitat de la proposta<\/li>\n\n\n\n<li>La seva execuci\u00f3 t\u00e8cnica i qualitat gr\u00e0fica<\/li>\n\n\n\n<li>L\u2019adequaci\u00f3 al p\u00fablic destinatari<\/li>\n\n\n\n<li>La capacitat d\u2019adaptaci\u00f3 als diferents formats descrits a les bases<\/li>\n<\/ul>\n\n<p class=\"has-x-large-font-size\"><strong>Publicaci\u00f3 dels resultats<\/strong><\/p>\n\n<p>El nom de la persona guanyadora es far\u00e0 p\u00fablic el 4 de novembre de 2025 a trav\u00e9s dels canals corporatius de CINC.<\/p>\n\n<p>Amb aquest concurs, CINC vol seguir fomentant el talent jove i la col\u00b7laboraci\u00f3 entre empreses i centres educatius, tot impulsant projectes que combinen creativitat, innovaci\u00f3 i valors compartits.<\/p>\n\n<p><\/p>\n","protected":false},"excerpt":{"rendered":"<p>CINC posa en marxa una nova edici\u00f3 del concurs \u201cFelicita el Nadal a CINC\u201d, una iniciativa que vol connectar el m\u00f3n educatiu i l\u2019empresarial mitjan\u00e7ant un projecte creatiu real: l\u2019elaboraci\u00f3 de la felicitaci\u00f3 de Nadal i el calendari 2026 de CINC.<\/p>\n","protected":false},"author":424,"featured_media":32173,"comment_status":"closed","ping_status":"closed","sticky":false,"template":"","format":"standard","meta":{"_acf_changed":false,"_uag_custom_page_level_css":"","_jetpack_memberships_contains_paid_content":false,"footnotes":""},"categories":[254],"tags":[],"class_list":["post-32186","post","type-post","status-publish","format-standard","has-post-thumbnail","hentry","category-general"],"acf":[],"jetpack_featured_media_url":"https:\/\/www.cinc.com\/wp-content\/uploads\/christmas-6931584_1280.jpg","uagb_featured_image_src":{"full":["https:\/\/www.cinc.com\/wp-content\/uploads\/christmas-6931584_1280.jpg",1280,853,false],"thumbnail":["https:\/\/www.cinc.com\/wp-content\/uploads\/christmas-6931584_1280-150x150.jpg",150,150,true],"medium":["https:\/\/www.cinc.com\/wp-content\/uploads\/christmas-6931584_1280-300x200.jpg",300,200,true],"medium_large":["https:\/\/www.cinc.com\/wp-content\/uploads\/christmas-6931584_1280-768x512.jpg",768,512,true],"large":["https:\/\/www.cinc.com\/wp-content\/uploads\/christmas-6931584_1280-1024x682.jpg",960,639,true],"1536x1536":["https:\/\/www.cinc.com\/wp-content\/uploads\/christmas-6931584_1280.jpg",1280,853,false],"2048x2048":["https:\/\/www.cinc.com\/wp-content\/uploads\/christmas-6931584_1280.jpg",1280,853,false],"gform-image-choice-sm":["https:\/\/www.cinc.com\/wp-content\/uploads\/christmas-6931584_1280.jpg",300,200,false],"gform-image-choice-md":["https:\/\/www.cinc.com\/wp-content\/uploads\/christmas-6931584_1280.jpg",400,267,false],"gform-image-choice-lg":["https:\/\/www.cinc.com\/wp-content\/uploads\/christmas-6931584_1280.jpg",600,400,false]},"uagb_author_info":{"display_name":"Recepci\u00f3 BCN","author_link":"https:\/\/www.cinc.com\/ca\/author\/recepcio\/"},"uagb_comment_info":0,"uagb_excerpt":"CINC posa en marxa una nova edici\u00f3 del concurs \u201cFelicita el Nadal a CINC\u201d, una iniciativa que vol connectar el m\u00f3n educatiu i l\u2019empresarial mitjan\u00e7ant un projecte creatiu real: l\u2019elaboraci\u00f3 de la felicitaci\u00f3 de Nadal i el calendari 2026 de CINC.","jetpack_sharing_enabled":true,"_links":{"self":[{"href":"https:\/\/www.cinc.com\/ca\/wp-json\/wp\/v2\/posts\/32186","targetHints":{"allow":["GET"]}}],"collection":[{"href":"https:\/\/www.cinc.com\/ca\/wp-json\/wp\/v2\/posts"}],"about":[{"href":"https:\/\/www.cinc.com\/ca\/wp-json\/wp\/v2\/types\/post"}],"author":[{"embeddable":true,"href":"https:\/\/www.cinc.com\/ca\/wp-json\/wp\/v2\/users\/424"}],"replies":[{"embeddable":true,"href":"https:\/\/www.cinc.com\/ca\/wp-json\/wp\/v2\/comments?post=32186"}],"version-history":[{"count":1,"href":"https:\/\/www.cinc.com\/ca\/wp-json\/wp\/v2\/posts\/32186\/revisions"}],"predecessor-version":[{"id":32187,"href":"https:\/\/www.cinc.com\/ca\/wp-json\/wp\/v2\/posts\/32186\/revisions\/32187"}],"wp:featuredmedia":[{"embeddable":true,"href":"https:\/\/www.cinc.com\/ca\/wp-json\/wp\/v2\/media\/32173"}],"wp:attachment":[{"href":"https:\/\/www.cinc.com\/ca\/wp-json\/wp\/v2\/media?parent=32186"}],"wp:term":[{"taxonomy":"category","embeddable":true,"href":"https:\/\/www.cinc.com\/ca\/wp-json\/wp\/v2\/categories?post=32186"},{"taxonomy":"post_tag","embeddable":true,"href":"https:\/\/www.cinc.com\/ca\/wp-json\/wp\/v2\/tags?post=32186"}],"curies":[{"name":"wp","href":"https:\/\/api.w.org\/{rel}","templated":true}]}}