{"id":32160,"date":"2025-10-27T18:15:57","date_gmt":"2025-10-27T17:15:57","guid":{"rendered":"https:\/\/www.cinc.com\/acces-indegut-a-historials-clinics-un-recordatori-sobre-la-responsabilitat-en-lus-de-dades-sanitaries\/"},"modified":"2025-10-30T18:16:24","modified_gmt":"2025-10-30T17:16:24","slug":"acces-indegut-a-historials-clinics-un-recordatori-sobre-la-responsabilitat-en-lus-de-dades-sanitaries","status":"publish","type":"post","link":"https:\/\/www.cinc.com\/ca\/acces-indegut-a-historials-clinics-un-recordatori-sobre-la-responsabilitat-en-lus-de-dades-sanitaries\/","title":{"rendered":"Acc\u00e9s indegut a historials cl\u00ednics: un recordatori sobre la responsabilitat en l&#8217;\u00fas de dades sanit\u00e0ries"},"content":{"rendered":"\n<p><strong>Per qu\u00e8 \u00e9s important protegir l&#8217;acc\u00e9s als historials m\u00e8dics?<\/strong><\/p>\n\n\n\n<p>Els historials cl\u00ednics contenen informaci\u00f3 especialment sensible sobre la salut de les persones. L&#8217;acc\u00e9s est\u00e0 estrictament limitat a professionals que intervenen directament en l&#8217;atenci\u00f3 sanit\u00e0ria del pacient. Qualsevol \u00fas diferent, fins i tot per part de personal sanitari, pot suposar una greu vulneraci\u00f3 del dret a la intimitat i de la normativa de protecci\u00f3 de dades.  <\/p>\n\n\n\n<p><strong>Qu\u00e8 ha passat recentment?<\/strong><\/p>\n\n\n\n<p>L&#8217;Audi\u00e8ncia Provincial de Cant\u00e0bria ha condemnat una auxiliar d&#8217;infermeria per accedir sense autoritzaci\u00f3 a l&#8217;historial cl\u00ednic del seu exmarit. La professional va consultar les seves dades m\u00e8diques en 16 ocasions, tot i no tenir-hi relaci\u00f3 assistencial, i va utilitzar part de la informaci\u00f3 en procediments judicials personals. <\/p>\n\n\n\n<p>Tot i que el cas t\u00e9 un component personal, la seva import\u00e0ncia va m\u00e9s enll\u00e0: demostra com el mal \u00fas de l&#8217;acc\u00e9s a dades m\u00e8diques pot derivar en conseq\u00fc\u00e8ncies penals.<\/p>\n\n\n\n<p><strong>Quina ha estat la resoluci\u00f3 judicial?<\/strong><\/p>\n\n\n\n<p>El tribunal ha imposat una condemna d&#8217;un any i nou mesos de pres\u00f3, juntament amb una multa de 1.680 euros i una inhabilitaci\u00f3 per exercir funcions p\u00fabliques durant cinc anys i nou mesos.<\/p>\n\n\n\n<p>La sent\u00e8ncia reconeix que l&#8217;acusada va fer un \u00fas indegut d&#8217;informaci\u00f3 confidencial obtinguda gr\u00e0cies al seu lloc de treball, cosa que constitueix un delicte de descobriment i de revelaci\u00f3 de secrets.<\/p>\n\n\n\n<p>El pagament anticipat de 6.000 euros en concepte de reparaci\u00f3 del dany i la col\u00b7laboraci\u00f3 de l&#8217;acusada amb la just\u00edcia van ser tinguts en compte com a factors atenuants.<\/p>\n\n\n\n<p><strong>Qu\u00e8 implica aquest cas per a les organitzacions sanit\u00e0ries?<\/strong><\/p>\n\n\n\n<p>Aquest cas subratlla la necessitat de refor\u00e7ar les mesures internes de control i formaci\u00f3 en mat\u00e8ria de protecci\u00f3 de dades. Els centres sanitaris han de garantir que l&#8217;acc\u00e9s a la informaci\u00f3 cl\u00ednica: <\/p>\n\n\n\n<ul class=\"wp-block-list\">\n<li>Es limiti \u00fanicament als que participen directament a l&#8217;assist\u00e8ncia del pacient.<\/li>\n\n\n\n<li>Quedi registrat en sistemes d&#8217;auditoria que permetin detectar usos indeguts.<\/li>\n\n\n\n<li>Sigui objecte de formaci\u00f3 i sensibilitzaci\u00f3 cont\u00ednua entre el personal sanitari.<\/li>\n\n\n\n<li>Estigui recolzat per protocols disciplinaris clars davant d&#8217;infraccions.<\/li>\n<\/ul>\n\n\n\n<p><strong>Quines conseq\u00fc\u00e8ncies pot tenir un acc\u00e9s indegut?<\/strong><\/p>\n\n\n\n<p>A m\u00e9s de sancions disciplin\u00e0ries o laborals, els accessos no autoritzats a dades m\u00e8diques poden derivar en responsabilitat penal i multes econ\u00f2miques, ja que \u00e9s informaci\u00f3 especialment protegida per la legislaci\u00f3 vigent.<\/p>\n\n\n\n<p>El dany de reputaci\u00f3 per a l&#8217;organitzaci\u00f3 sanit\u00e0ria tamb\u00e9 pot ser significatiu, afectant la confian\u00e7a dels pacients i la percepci\u00f3 p\u00fablica de seguretat.<\/p>\n\n\n\n<p><strong>Qu\u00e8 podem aprendre d&#8217;aquest cas?<\/strong><\/p>\n\n\n\n<p>M\u00e9s enll\u00e0 de la condemna concreta, aquest succ\u00e9s serveix com a recordatori per a totes les entitats que tracten dades sensibles, no nom\u00e9s a l&#8217;\u00e0mbit sanitari, de la import\u00e0ncia de:<\/p>\n\n\n\n<ul class=\"wp-block-list\">\n<li>Mantenir una cultura de confidencialitat i respecte a la privadesa.<\/li>\n\n\n\n<li>Revisar peri\u00f2dicament els protocols d&#8217;acc\u00e9s a la informaci\u00f3.<\/li>\n\n\n\n<li>Establir mecanismes efectius de supervisi\u00f3 i detecci\u00f3 dincidents.<\/li>\n<\/ul>\n\n\n\n<p>La protecci\u00f3 de les dades personals no \u00e9s nom\u00e9s una obligaci\u00f3 legal: \u00e9s tamb\u00e9 una q\u00fcesti\u00f3 d&#8217;\u00e8tica professional i de confian\u00e7a entre les organitzacions i les persones que atenen.<\/p>\n\n\n\n<p style=\"margin-top:0;margin-bottom:var(--wp--preset--spacing--60)\">A <strong>CINC Assessoria<\/strong>, el nostre <strong><a href=\"https:\/\/www.cinc.com\/ca\/assessoria-dempreses\/proteccio-de-dades\/\">Departament de Protecci\u00f3 de Dades<\/a> <\/strong>ajuda les empreses a tractar amb tota mena de dades, tamb\u00e9 aquelles que s\u00f3n sensibles.<\/p>\n\n\n\n<div class=\"wp-block-buttons is-content-justification-center is-layout-flex wp-container-core-buttons-is-layout-a89b3969 wp-block-buttons-is-layout-flex\">\n<div class=\"wp-block-button\"><a class=\"wp-block-button__link wp-element-button\" href=\"https:\/\/www.cinc.com\/ca\/contacte\/\" target=\"_blank\" rel=\"noreferrer noopener\">Contacta amb nosaltres<\/a><\/div>\n<\/div>\n\n\n\n<p><\/p>\n","protected":false},"excerpt":{"rendered":"<p>Per qu\u00e8 \u00e9s important protegir l&#8217;acc\u00e9s als historials m\u00e8dics?<\/p>\n","protected":false},"author":25,"featured_media":32157,"comment_status":"closed","ping_status":"closed","sticky":false,"template":"","format":"standard","meta":{"_acf_changed":false,"_uag_custom_page_level_css":"","_jetpack_memberships_contains_paid_content":false,"footnotes":""},"categories":[254,103],"tags":[],"class_list":["post-32160","post","type-post","status-publish","format-standard","has-post-thumbnail","hentry","category-general","category-proteccio-de-dades"],"acf":[],"jetpack_featured_media_url":"https:\/\/www.cinc.com\/wp-content\/uploads\/medico-anotando-los-sintomas-de-un-paciente.webp","uagb_featured_image_src":{"full":["https:\/\/www.cinc.com\/wp-content\/uploads\/medico-anotando-los-sintomas-de-un-paciente.webp",1920,1080,false],"thumbnail":["https:\/\/www.cinc.com\/wp-content\/uploads\/medico-anotando-los-sintomas-de-un-paciente-150x150.webp",150,150,true],"medium":["https:\/\/www.cinc.com\/wp-content\/uploads\/medico-anotando-los-sintomas-de-un-paciente-300x169.webp",300,169,true],"medium_large":["https:\/\/www.cinc.com\/wp-content\/uploads\/medico-anotando-los-sintomas-de-un-paciente-768x432.webp",768,432,true],"large":["https:\/\/www.cinc.com\/wp-content\/uploads\/medico-anotando-los-sintomas-de-un-paciente-1024x576.webp",960,540,true],"1536x1536":["https:\/\/www.cinc.com\/wp-content\/uploads\/medico-anotando-los-sintomas-de-un-paciente-1536x864.webp",1536,864,true],"2048x2048":["https:\/\/www.cinc.com\/wp-content\/uploads\/medico-anotando-los-sintomas-de-un-paciente.webp",1920,1080,false],"gform-image-choice-sm":["https:\/\/www.cinc.com\/wp-content\/uploads\/medico-anotando-los-sintomas-de-un-paciente.webp",300,169,false],"gform-image-choice-md":["https:\/\/www.cinc.com\/wp-content\/uploads\/medico-anotando-los-sintomas-de-un-paciente.webp",400,225,false],"gform-image-choice-lg":["https:\/\/www.cinc.com\/wp-content\/uploads\/medico-anotando-los-sintomas-de-un-paciente.webp",600,338,false]},"uagb_author_info":{"display_name":"Neus Coll","author_link":"https:\/\/www.cinc.com\/ca\/author\/neus-coll\/"},"uagb_comment_info":0,"uagb_excerpt":"Per qu\u00e8 \u00e9s important protegir l'acc\u00e9s als historials m\u00e8dics?","jetpack_sharing_enabled":true,"_links":{"self":[{"href":"https:\/\/www.cinc.com\/ca\/wp-json\/wp\/v2\/posts\/32160","targetHints":{"allow":["GET"]}}],"collection":[{"href":"https:\/\/www.cinc.com\/ca\/wp-json\/wp\/v2\/posts"}],"about":[{"href":"https:\/\/www.cinc.com\/ca\/wp-json\/wp\/v2\/types\/post"}],"author":[{"embeddable":true,"href":"https:\/\/www.cinc.com\/ca\/wp-json\/wp\/v2\/users\/25"}],"replies":[{"embeddable":true,"href":"https:\/\/www.cinc.com\/ca\/wp-json\/wp\/v2\/comments?post=32160"}],"version-history":[{"count":5,"href":"https:\/\/www.cinc.com\/ca\/wp-json\/wp\/v2\/posts\/32160\/revisions"}],"predecessor-version":[{"id":32183,"href":"https:\/\/www.cinc.com\/ca\/wp-json\/wp\/v2\/posts\/32160\/revisions\/32183"}],"wp:featuredmedia":[{"embeddable":true,"href":"https:\/\/www.cinc.com\/ca\/wp-json\/wp\/v2\/media\/32157"}],"wp:attachment":[{"href":"https:\/\/www.cinc.com\/ca\/wp-json\/wp\/v2\/media?parent=32160"}],"wp:term":[{"taxonomy":"category","embeddable":true,"href":"https:\/\/www.cinc.com\/ca\/wp-json\/wp\/v2\/categories?post=32160"},{"taxonomy":"post_tag","embeddable":true,"href":"https:\/\/www.cinc.com\/ca\/wp-json\/wp\/v2\/tags?post=32160"}],"curies":[{"name":"wp","href":"https:\/\/api.w.org\/{rel}","templated":true}]}}