{"id":32000,"date":"2025-10-06T13:11:37","date_gmt":"2025-10-06T12:11:37","guid":{"rendered":"https:\/\/www.cinc.com\/?p=32000"},"modified":"2025-10-06T13:11:37","modified_gmt":"2025-10-06T12:11:37","slug":"reglament-verifactu-tot-el-que-la-teva-empresa-ha-de-saber-abans-del-2026","status":"publish","type":"post","link":"https:\/\/www.cinc.com\/ca\/reglament-verifactu-tot-el-que-la-teva-empresa-ha-de-saber-abans-del-2026\/","title":{"rendered":"Reglament VeriFactu: tot el que la teva empresa ha de saber abans del 2026"},"content":{"rendered":"\n<p>La <strong>facturaci\u00f3 electr\u00f2nica<\/strong> est\u00e0 vivint una transformaci\u00f3 important a Espanya amb l\u2019arribada del <strong>Reglament VeriFactu<\/strong>. Aquest reglament, que <strong>s\u2019ha ajornat fins al 2026<\/strong>, estableix noves obligacions per a empreses de totes les mides, amb l\u2019objectiu de garantir l\u2019<strong>autenticitat, integritat i tra\u00e7abilitat de les factures electr\u00f2niques<\/strong>.<\/p>\n\n\n\n<p>Si la teva empresa encara no s\u2019ha preparat, ara \u00e9s el moment d\u2019entendre <strong>qu\u00e8 implica el Reglament VeriFactu, a qui afecta i com complir els seus requisits<\/strong> per evitar sancions i optimitzar la gesti\u00f3 comptable i fiscal. A m\u00e9s, <strong>CINC Asesor\u00eda<\/strong> pot acompanyar-te en aquesta transici\u00f3, ajudant a adaptar els teus processos i sistemes de facturaci\u00f3 electr\u00f2nica de manera eficient.<\/p>\n\n\n\n<h2 class=\"wp-block-heading\">Qu\u00e8 \u00e9s el Reglament VeriFactu i per qu\u00e8 \u00e9s important?<\/h2>\n\n\n\n<p>El <strong>Reglament VeriFactu<\/strong> \u00e9s la normativa que regula l\u2019<strong>emissi\u00f3, recepci\u00f3 i conservaci\u00f3 de factures electr\u00f2niques<\/strong> a Espanya. Els seus principals objectius s\u00f3n:<\/p>\n\n\n\n<ul class=\"wp-block-list\">\n<li>Garantir l\u2019<strong>autenticitat i seguretat<\/strong> de les factures electr\u00f2niques.<\/li>\n\n\n\n<li>Millorar la <strong>interoperabilitat entre empreses i l\u2019Administraci\u00f3 P\u00fablica<\/strong>.<\/li>\n\n\n\n<li>Optimitzar els <strong>processos comptables i fiscals<\/strong> a trav\u00e9s de la digitalitzaci\u00f3.<\/li>\n<\/ul>\n\n\n\n<p>Tot i que inicialment es preveia que entr\u00e9s en vigor abans, la data oficial s\u2019ha <strong>posposat fins al 2026<\/strong>, la qual cosa ofereix a les empreses un marge per <strong>adaptar els seus sistemes de facturaci\u00f3 i procediments interns<\/strong>.<\/p>\n\n\n\n<p><strong>A qui afecta el Reglament VeriFactu?<\/strong><\/p>\n\n\n\n<p>El reglament impacta principalment:<\/p>\n\n\n\n<ul class=\"wp-block-list\">\n<li><strong>Grans empreses i pimes<\/strong> obligades a facturar electr\u00f2nicament.<\/li>\n\n\n\n<li><strong>Prove\u00efdors del sector p\u00fablic<\/strong>, que han de complir amb els formats estandarditzats de factura.<\/li>\n\n\n\n<li><strong>Software de facturaci\u00f3 i ERP<\/strong>, que haur\u00e0 d\u2019actualitzar-se per complir amb els requisits t\u00e8cnics de VeriFactu.<\/li>\n<\/ul>\n\n\n\n<p>En general, qualsevol empresa que gestioni <strong>facturaci\u00f3 electr\u00f2nica<\/strong> haur\u00e0 d\u2019<strong>adequar els seus sistemes i processos<\/strong> per complir el reglament abans del 2026.<\/p>\n\n\n\n<h2 class=\"wp-block-heading\">Principals obligacions del Reglament VeriFactu per a empreses<\/h2>\n\n\n\n<p>Abans de l\u2019entrada en vigor, les empreses han de preparar-se en diversos fronts:<\/p>\n\n\n\n<ol start=\"1\" class=\"wp-block-list\">\n<li><strong>Actualitzar sistemes de facturaci\u00f3:<\/strong> Les factures han de generar-se en el format estandarditzat que exigeix VeriFactu.<\/li>\n\n\n\n<li><strong>Implementar validacions d\u2019autenticitat i integritat:<\/strong> Aix\u00f2 assegura que les factures no puguin ser modificades i que siguin fiables davant l\u2019Administraci\u00f3.<\/li>\n\n\n\n<li><strong>Capacitar el personal:<\/strong> Els responsables de facturaci\u00f3 han de con\u00e8ixer els canvis i procediments.<\/li>\n\n\n\n<li><strong>Revisar procediments interns:<\/strong> La tra\u00e7abilitat i conservaci\u00f3 de les factures \u00e9s clau per complir la normativa.<\/li>\n\n\n\n<li><strong>Alinhar software i ERP:<\/strong> Qualsevol sistema de gesti\u00f3 empresarial ha d\u2019integrar-se amb el nou est\u00e0ndard VeriFactu.<\/li>\n<\/ol>\n\n\n\n<p>Complir amb aquestes obligacions ajudar\u00e0 la teva empresa a <strong>evitar sancions<\/strong> i mantenir processos comptables m\u00e9s eficients.<\/p>\n\n\n\n<h2 class=\"wp-block-heading\">Avantatges d\u2019adaptar-se al Reglament VeriFactu<\/h2>\n\n\n\n<p>Preparar-se abans de l\u2019entrada en vigor del <strong>Reglament VeriFactu<\/strong> ofereix m\u00faltiples beneficis:<\/p>\n\n\n\n<ul class=\"wp-block-list\">\n<li>Reducci\u00f3 d\u2019<strong>errors i fraus<\/strong> en la facturaci\u00f3.<\/li>\n\n\n\n<li>Major <strong>control fiscal i comptable<\/strong> sobre les operacions de l\u2019empresa.<\/li>\n\n\n\n<li>Optimitzaci\u00f3 dels <strong>processos interns<\/strong> i estalvi de costos administratius.<\/li>\n\n\n\n<li>Millora de la <strong>transpar\u00e8ncia i tra\u00e7abilitat<\/strong> de les operacions.<\/li>\n\n\n\n<li>Preparaci\u00f3 anticipada davant l\u2019entrada en vigor el 2026, evitant ajustos d\u2019\u00faltima hora.<\/li>\n<\/ul>\n\n\n\n<p>Adaptar-se aviat al Reglament VeriFactu converteix la digitalitzaci\u00f3 en un <strong>avantatge competitiu<\/strong> per a qualsevol empresa.<\/p>\n\n\n\n<h2 class=\"wp-block-heading\">Com CINC Assessoria pot ajudar-te amb el Reglament VeriFactu<\/h2>\n\n\n\n<p>A <strong>CINC Assessoria<\/strong> oferim suport complet perqu\u00e8 la teva empresa compleixi amb el <strong>Reglament VeriFactu<\/strong> de manera senzilla i eficient. Els nostres serveis inclouen:<\/p>\n\n\n\n<p><\/p>\n\n\n\n<ul class=\"wp-block-list\">\n<li><strong>An\u00e0lisi i adaptaci\u00f3 de sistemes de facturaci\u00f3<\/strong> als nous formats electr\u00f2nics.<\/li>\n\n\n\n<li><strong>Assessorament legal i fiscal<\/strong> sobre les obligacions que imposa el reglament.<\/li>\n\n\n\n<li><strong>Formaci\u00f3 i acompanyament<\/strong> del personal responsable de facturaci\u00f3.<\/li>\n\n\n\n<li><strong>Optimitzaci\u00f3 de processos interns<\/strong> per garantir tra\u00e7abilitat i compliment normatiu.<\/li>\n<\/ul>\n\n\n\n<p>Amb el nostre acompanyament, la teva empresa pot <strong>anticipar-se al canvi i minimitzar riscos<\/strong>, garantint una transici\u00f3 ordenada cap a la facturaci\u00f3 electr\u00f2nica sota VeriFactu.<\/p>\n\n\n\n<div class=\"wp-block-uagb-buttons uagb-buttons__outer-wrap uagb-btn__default-btn uagb-btn-tablet__default-btn uagb-btn-mobile__default-btn uagb-block-a1b1112d\"><div class=\"uagb-buttons__wrap uagb-buttons-layout-wrap \">\n<div class=\"wp-block-uagb-buttons-child uagb-buttons__outer-wrap uagb-block-a653ce9f wp-block-button\"><div class=\"uagb-button__wrapper\"><a class=\"uagb-buttons-repeater wp-block-button__link\" aria-label=\"\" href=\"https:\/\/www.cinc.com\/ca\/contacte\/\" rel=\"follow noopener\" target=\"_blank\" role=\"button\"><div class=\"uagb-button__link\">Envia&#8217;ns la teva consulta<\/div><\/a><\/div><\/div>\n<\/div><\/div>\n\n\n\n<p><\/p>\n","protected":false},"excerpt":{"rendered":"<p>El nou Reglament VeriFactu marcar\u00e0 un abans i un despr\u00e9s en la facturaci\u00f3 electr\u00f2nica. Anticipa\u2019t i adapta\u2019t al canvi.<\/p>\n","protected":false},"author":8,"featured_media":32053,"comment_status":"closed","ping_status":"open","sticky":false,"template":"","format":"standard","meta":{"_acf_changed":false,"_uag_custom_page_level_css":"","_jetpack_memberships_contains_paid_content":false,"footnotes":""},"categories":[18],"tags":[79],"class_list":["post-32000","post","type-post","status-publish","format-standard","has-post-thumbnail","hentry","category-assessoria","tag-fiscalitat"],"acf":[],"jetpack_featured_media_url":"https:\/\/www.cinc.com\/wp-content\/uploads\/factura.webp","uagb_featured_image_src":{"full":["https:\/\/www.cinc.com\/wp-content\/uploads\/factura.webp",1920,1080,false],"thumbnail":["https:\/\/www.cinc.com\/wp-content\/uploads\/factura-150x150.webp",150,150,true],"medium":["https:\/\/www.cinc.com\/wp-content\/uploads\/factura-300x169.webp",300,169,true],"medium_large":["https:\/\/www.cinc.com\/wp-content\/uploads\/factura-768x432.webp",768,432,true],"large":["https:\/\/www.cinc.com\/wp-content\/uploads\/factura-1024x576.webp",960,540,true],"1536x1536":["https:\/\/www.cinc.com\/wp-content\/uploads\/factura-1536x864.webp",1536,864,true],"2048x2048":["https:\/\/www.cinc.com\/wp-content\/uploads\/factura.webp",1920,1080,false],"gform-image-choice-sm":["https:\/\/www.cinc.com\/wp-content\/uploads\/factura.webp",300,169,false],"gform-image-choice-md":["https:\/\/www.cinc.com\/wp-content\/uploads\/factura.webp",400,225,false],"gform-image-choice-lg":["https:\/\/www.cinc.com\/wp-content\/uploads\/factura.webp",600,338,false]},"uagb_author_info":{"display_name":"F\u00e0tima Duran","author_link":"https:\/\/www.cinc.com\/ca\/author\/fatima\/"},"uagb_comment_info":0,"uagb_excerpt":"El nou Reglament VeriFactu marcar\u00e0 un abans i un despr\u00e9s en la facturaci\u00f3 electr\u00f2nica. Anticipa\u2019t i adapta\u2019t al canvi.","jetpack_sharing_enabled":true,"_links":{"self":[{"href":"https:\/\/www.cinc.com\/ca\/wp-json\/wp\/v2\/posts\/32000","targetHints":{"allow":["GET"]}}],"collection":[{"href":"https:\/\/www.cinc.com\/ca\/wp-json\/wp\/v2\/posts"}],"about":[{"href":"https:\/\/www.cinc.com\/ca\/wp-json\/wp\/v2\/types\/post"}],"author":[{"embeddable":true,"href":"https:\/\/www.cinc.com\/ca\/wp-json\/wp\/v2\/users\/8"}],"replies":[{"embeddable":true,"href":"https:\/\/www.cinc.com\/ca\/wp-json\/wp\/v2\/comments?post=32000"}],"version-history":[{"count":4,"href":"https:\/\/www.cinc.com\/ca\/wp-json\/wp\/v2\/posts\/32000\/revisions"}],"predecessor-version":[{"id":32030,"href":"https:\/\/www.cinc.com\/ca\/wp-json\/wp\/v2\/posts\/32000\/revisions\/32030"}],"wp:featuredmedia":[{"embeddable":true,"href":"https:\/\/www.cinc.com\/ca\/wp-json\/wp\/v2\/media\/32053"}],"wp:attachment":[{"href":"https:\/\/www.cinc.com\/ca\/wp-json\/wp\/v2\/media?parent=32000"}],"wp:term":[{"taxonomy":"category","embeddable":true,"href":"https:\/\/www.cinc.com\/ca\/wp-json\/wp\/v2\/categories?post=32000"},{"taxonomy":"post_tag","embeddable":true,"href":"https:\/\/www.cinc.com\/ca\/wp-json\/wp\/v2\/tags?post=32000"}],"curies":[{"name":"wp","href":"https:\/\/api.w.org\/{rel}","templated":true}]}}