{"id":31941,"date":"2025-09-29T10:57:07","date_gmt":"2025-09-29T09:57:07","guid":{"rendered":"https:\/\/www.cinc.com\/?p=31941"},"modified":"2025-10-30T18:45:20","modified_gmt":"2025-10-30T17:45:20","slug":"cinc-pedalara-a-loncogravel-2025-amb-lequip-bicinc-per-donar-suport-a-la-fundacio-oncolliga","status":"publish","type":"post","link":"https:\/\/www.cinc.com\/ca\/cinc-pedalara-a-loncogravel-2025-amb-lequip-bicinc-per-donar-suport-a-la-fundacio-oncolliga\/","title":{"rendered":"CINC pedalar\u00e0 a l\u2019Oncogravel 2025 amb l\u2019equip Bicinc per donar suport a la Fundaci\u00f3 Oncolliga"},"content":{"rendered":"\n<p>El pr\u00f2xim 8 de novembre, CINC tornar\u00e0 a participar a l\u2019Oncogravel 2025, la prova ciclista solid\u00e0ria organitzada a Palam\u00f3s per la Fundaci\u00f3 Oncolliga Girona, juntament amb Gran Fondo Community i l\u2019Ajuntament de Palam\u00f3s.<\/p>\n\n\n\n<p>L\u2019Oncogravel \u00e9s molt m\u00e9s que un repte esportiu: \u00e9s una jornada on equips d\u2019entre 4 i 6 ciclistes recorren camins i pistes del Baix Empord\u00e0, el Giron\u00e8s i la Selva, en dos possibles recorreguts de 123 km o 234 km. La cursa es pot fer per relleus, per\u00f2 sempre amb un m\u00ednim de 3 participants en ruta. A m\u00e9s, cada equip fa una aportaci\u00f3 solid\u00e0ria, que se suma a les inscripcions individuals, i que es destina \u00edntegrament als projectes de la Fundaci\u00f3 Oncolliga en suport a persones amb c\u00e0ncer i a les seves fam\u00edlies.<\/p>\n\n\n\n<p>Aquest 2025 hi serem amb el dorsal n.\u00ba 31, sota el nom de Bicinc, un equip format per 6 companys: Salvador Planas (l\u00edder del grup), \u00c0ngel Blay, \u00c8rica Cufr\u00e9, Francesc Peri\u00e1\u00f1ez, Llu\u00eds Feliu i J\u00falia Colomer.<\/p>\n\n\n\n<p>El nostre objectiu no \u00e9s nom\u00e9s completar el recorregut, sin\u00f3 tamb\u00e9 aconseguir un repte solidari: recaptar 1.000 \u20ac per a la Fundaci\u00f3 Oncolliga. Ens ajudeu a fer-ho possible? Us animem a donar suport a l\u2019equip Bicinc amb la vostra donaci\u00f3 aqu\u00ed:<br><\/p>\n\n\n\n<div class=\"wp-block-uagb-buttons uagb-buttons__outer-wrap uagb-btn__default-btn uagb-btn-tablet__default-btn uagb-btn-mobile__default-btn uagb-block-52bdf237\"><div class=\"uagb-buttons__wrap uagb-buttons-layout-wrap \">\n<div class=\"wp-block-uagb-buttons-child uagb-buttons__outer-wrap uagb-block-f278f4b7 wp-block-button\"><div class=\"uagb-button__wrapper\"><a class=\"uagb-buttons-repeater wp-block-button__link\" aria-label=\"\" href=\"https:\/\/participa.oncolligagirona.cat\/oncos\/oncogravel\/equips\/1050-bicinc.html\" rel=\"follow noopener\" target=\"_blank\" role=\"button\"><div class=\"uagb-button__link\">Fes el teu donatiu<\/div><\/a><\/div><\/div>\n<\/div><\/div>\n\n\n\n<p><\/p>\n\n\n\n<h2 class=\"wp-block-heading\">Sobre la Fundaci\u00f3 Oncolliga Girona<\/h2>\n\n\n\n<p>La <strong>Fundaci\u00f3 Oncolliga Girona<\/strong> \u00e9s una entitat sense \u00e0nim de lucre que, des de fa m\u00e9s de 25 anys, treballa per millorar la qualitat de vida de les persones amb c\u00e0ncer i de les seves fam\u00edlies a tota la prov\u00edncia de Girona. Els seus serveis inclouen atenci\u00f3 psicol\u00f2gica i fisioter\u00e0pia oncol\u00f2gica, assessorament social, grups de suport, banc de perruques i tallers de benestar.<\/p>\n\n\n\n<p>Gr\u00e0cies a iniciatives com l\u2019Oncogravel, l\u2019Oncolliga pot continuar oferint un acompanyament gratu\u00eft i proper a qui travessa la malaltia. Cada aportaci\u00f3 compta, i entre tots i totes podem fer-ho possible!<\/p>\n","protected":false},"excerpt":{"rendered":"<p>El pr\u00f2xim 8 de novembre, CINC tornar\u00e0 a participar a l\u2019Oncogravel 2025, la prova ciclista solid\u00e0ria organitzada a Palam\u00f3s per la Fundaci\u00f3 Oncolliga Girona, juntament amb Gran Fondo Community i l\u2019Ajuntament de Palam\u00f3s.<\/p>\n","protected":false},"author":8,"featured_media":31949,"comment_status":"closed","ping_status":"open","sticky":false,"template":"","format":"standard","meta":{"_acf_changed":false,"_uag_custom_page_level_css":"","_jetpack_memberships_contains_paid_content":false,"footnotes":""},"categories":[232],"tags":[],"class_list":["post-31941","post","type-post","status-publish","format-standard","has-post-thumbnail","hentry","category-general-2"],"acf":[],"jetpack_featured_media_url":"https:\/\/www.cinc.com\/wp-content\/uploads\/Oncogravel-scaled.webp","uagb_featured_image_src":{"full":["https:\/\/www.cinc.com\/wp-content\/uploads\/Oncogravel-scaled.webp",2560,1440,false],"thumbnail":["https:\/\/www.cinc.com\/wp-content\/uploads\/Oncogravel-150x150.webp",150,150,true],"medium":["https:\/\/www.cinc.com\/wp-content\/uploads\/Oncogravel-300x169.webp",300,169,true],"medium_large":["https:\/\/www.cinc.com\/wp-content\/uploads\/Oncogravel-768x432.webp",768,432,true],"large":["https:\/\/www.cinc.com\/wp-content\/uploads\/Oncogravel-1024x576.webp",960,540,true],"1536x1536":["https:\/\/www.cinc.com\/wp-content\/uploads\/Oncogravel-1536x864.webp",1536,864,true],"2048x2048":["https:\/\/www.cinc.com\/wp-content\/uploads\/Oncogravel-2048x1152.webp",2048,1152,true],"gform-image-choice-sm":["https:\/\/www.cinc.com\/wp-content\/uploads\/Oncogravel-scaled.webp",300,169,false],"gform-image-choice-md":["https:\/\/www.cinc.com\/wp-content\/uploads\/Oncogravel-scaled.webp",400,225,false],"gform-image-choice-lg":["https:\/\/www.cinc.com\/wp-content\/uploads\/Oncogravel-scaled.webp",600,338,false]},"uagb_author_info":{"display_name":"F\u00e0tima Duran","author_link":"https:\/\/www.cinc.com\/ca\/author\/fatima\/"},"uagb_comment_info":0,"uagb_excerpt":"El pr\u00f2xim 8 de novembre, CINC tornar\u00e0 a participar a l\u2019Oncogravel 2025, la prova ciclista solid\u00e0ria organitzada a Palam\u00f3s per la Fundaci\u00f3 Oncolliga Girona, juntament amb Gran Fondo Community i l\u2019Ajuntament de Palam\u00f3s.","jetpack_sharing_enabled":true,"_links":{"self":[{"href":"https:\/\/www.cinc.com\/ca\/wp-json\/wp\/v2\/posts\/31941","targetHints":{"allow":["GET"]}}],"collection":[{"href":"https:\/\/www.cinc.com\/ca\/wp-json\/wp\/v2\/posts"}],"about":[{"href":"https:\/\/www.cinc.com\/ca\/wp-json\/wp\/v2\/types\/post"}],"author":[{"embeddable":true,"href":"https:\/\/www.cinc.com\/ca\/wp-json\/wp\/v2\/users\/8"}],"replies":[{"embeddable":true,"href":"https:\/\/www.cinc.com\/ca\/wp-json\/wp\/v2\/comments?post=31941"}],"version-history":[{"count":4,"href":"https:\/\/www.cinc.com\/ca\/wp-json\/wp\/v2\/posts\/31941\/revisions"}],"predecessor-version":[{"id":32190,"href":"https:\/\/www.cinc.com\/ca\/wp-json\/wp\/v2\/posts\/31941\/revisions\/32190"}],"wp:featuredmedia":[{"embeddable":true,"href":"https:\/\/www.cinc.com\/ca\/wp-json\/wp\/v2\/media\/31949"}],"wp:attachment":[{"href":"https:\/\/www.cinc.com\/ca\/wp-json\/wp\/v2\/media?parent=31941"}],"wp:term":[{"taxonomy":"category","embeddable":true,"href":"https:\/\/www.cinc.com\/ca\/wp-json\/wp\/v2\/categories?post=31941"},{"taxonomy":"post_tag","embeddable":true,"href":"https:\/\/www.cinc.com\/ca\/wp-json\/wp\/v2\/tags?post=31941"}],"curies":[{"name":"wp","href":"https:\/\/api.w.org\/{rel}","templated":true}]}}