{"id":3191,"date":"2020-11-17T00:00:00","date_gmt":"2020-11-17T00:00:00","guid":{"rendered":"https:\/\/www.cinc.com\/sistemes-de-reconeixement-facial-a-comercos-compleixen-amb-la-proteccio-de-dades\/"},"modified":"2025-05-02T11:54:00","modified_gmt":"2025-05-02T10:54:00","slug":"sistemes-de-reconeixement-facial-a-comercos-compleixen-amb-la-proteccio-de-dades","status":"publish","type":"post","link":"https:\/\/www.cinc.com\/ca\/sistemes-de-reconeixement-facial-a-comercos-compleixen-amb-la-proteccio-de-dades\/","title":{"rendered":"Sistemes de reconeixement facial a comer\u00e7os: compleixen amb la Protecci\u00f3 de Dades?"},"content":{"rendered":"<div style=\"text-align: justify;\">\n<div>\n<div>La cadena de supermercats Mercadona ha implementat en alguns dels seus centres un sistema de reconeixement facial que permet identificar aquells subjectes que vulguin accedir-hi, sobre els quals pesi una ordre d&#8217;allunyament dictada en sent\u00e8ncia ferma o b\u00e9 adoptada com a mesura cautelar. La captaci\u00f3 d&#8217;imatges est\u00e0 convenientment advertida als usuaris mitjan\u00e7ant cartells informatius, i la seva finalitat \u00e9s la de poder detectar la pres\u00e8ncia d&#8217;aquests subjectes en els seus locals i advertir d&#8217;aix\u00f2 a les forces de seguretat, que s\u00f3n les encarregades de donar compliment a aquestes ordres d&#8217;allunyament. D&#8217;aquesta manera, no es guarda cap tipus d&#8217;informaci\u00f3 addicional i les dades es conserven mentre duri el proc\u00e9s d&#8217;identificaci\u00f3 i descart.<\/div>\n<div><\/div>\n<div>L&#8217;AEPD sempre ha estat favorable a l&#8217;adopci\u00f3 i implantaci\u00f3 dels aven\u00e7os tecnol\u00f2gics, per part del responsable del tractament, com una manifestaci\u00f3 m\u00e9s de l&#8217;actitud proactiva de la mateixa en el disseny de les seves pol\u00edtiques de privacitat, per\u00f2 sempre respectant tots els drets dels usuaris, especialment, quan l&#8217;\u00fas d&#8217;aquestes tecnologies pugui suposar un risc per a la protecci\u00f3 de la privacitat i intimitat dels usuaris.<\/div>\n<div><\/div>\n<div>En aquest sentit, cal destacar la intensa tasca de l&#8217;AEPD en aquesta mat\u00e8ria mitjan\u00e7ant la publicaci\u00f3 de diferents guies i informes jur\u00eddics als quals es pot accedir a trav\u00e9s del <a href=\"https:\/\/www.aepd.es\/es\/areas-de-actuacion\/videovigilancia\" target=\"_blank\" rel=\"noopener\">seg\u00fcent enlla\u00e7<\/a>.<\/div>\n<div><\/div>\n<div>Resulta especialment interessant i explicativa la informaci\u00f3 publicada a l\u2019AEPD el juny d&#8217;aquest any titulat &#8220;14 equ\u00edvocs amb relaci\u00f3 a la identificaci\u00f3 i autenticaci\u00f3 biom\u00e8trica&#8221;.<\/div>\n<div><\/div>\n<div>Per a qualsevol dubte, pots contactar amb el Departament de Protecci\u00f3 de Dades de CINC Assessoria (rgpd@cinc.es).<\/div>\n<\/div>\n<\/div>\n","protected":false},"excerpt":{"rendered":"<p style=\"text-align: justify;\">\n\tLa cadena de supermercats Mercadona ha implementat en alguns dels seus centres un sistema de reconeixement facial que permet identificar aquells subjectes que vulguin accedir-hi, sobre els quals pesi una ordre d&#39;allunyament dictada en sent&egrave;ncia ferma o b&eacute; adoptada com a mesura cautelar.<\/p>\n","protected":false},"author":2,"featured_media":3192,"comment_status":"open","ping_status":"open","sticky":false,"template":"","format":"standard","meta":{"_acf_changed":false,"_uag_custom_page_level_css":"","_jetpack_memberships_contains_paid_content":false,"footnotes":""},"categories":[18,17],"tags":[],"class_list":["post-3191","post","type-post","status-publish","format-standard","has-post-thumbnail","hentry","category-assessoria","category-centre-de-negocis"],"acf":[],"jetpack_featured_media_url":"https:\/\/www.cinc.com\/wp-content\/uploads\/2023\/03\/933.jpg","uagb_featured_image_src":{"full":["https:\/\/www.cinc.com\/wp-content\/uploads\/2023\/03\/933.jpg",1113,362,false],"thumbnail":["https:\/\/www.cinc.com\/wp-content\/uploads\/2023\/03\/933.jpg",150,49,false],"medium":["https:\/\/www.cinc.com\/wp-content\/uploads\/2023\/03\/933.jpg",300,98,false],"medium_large":["https:\/\/www.cinc.com\/wp-content\/uploads\/2023\/03\/933.jpg",768,250,false],"large":["https:\/\/www.cinc.com\/wp-content\/uploads\/2023\/03\/933.jpg",960,312,false],"1536x1536":["https:\/\/www.cinc.com\/wp-content\/uploads\/2023\/03\/933.jpg",1113,362,false],"2048x2048":["https:\/\/www.cinc.com\/wp-content\/uploads\/2023\/03\/933.jpg",1113,362,false],"gform-image-choice-sm":["https:\/\/www.cinc.com\/wp-content\/uploads\/2023\/03\/933.jpg",300,98,false],"gform-image-choice-md":["https:\/\/www.cinc.com\/wp-content\/uploads\/2023\/03\/933.jpg",400,130,false],"gform-image-choice-lg":["https:\/\/www.cinc.com\/wp-content\/uploads\/2023\/03\/933.jpg",600,195,false]},"uagb_author_info":{"display_name":"Utrans","author_link":"https:\/\/www.cinc.com\/ca\/author\/utrans\/"},"uagb_comment_info":0,"uagb_excerpt":"La cadena de supermercats Mercadona ha implementat en alguns dels seus centres un sistema de reconeixement facial que permet identificar aquells subjectes que vulguin accedir-hi, sobre els quals pesi una ordre d&#39;allunyament dictada en sent&egrave;ncia ferma o b&eacute; adoptada com a mesura cautelar.","jetpack_sharing_enabled":true,"_links":{"self":[{"href":"https:\/\/www.cinc.com\/ca\/wp-json\/wp\/v2\/posts\/3191","targetHints":{"allow":["GET"]}}],"collection":[{"href":"https:\/\/www.cinc.com\/ca\/wp-json\/wp\/v2\/posts"}],"about":[{"href":"https:\/\/www.cinc.com\/ca\/wp-json\/wp\/v2\/types\/post"}],"author":[{"embeddable":true,"href":"https:\/\/www.cinc.com\/ca\/wp-json\/wp\/v2\/users\/2"}],"replies":[{"embeddable":true,"href":"https:\/\/www.cinc.com\/ca\/wp-json\/wp\/v2\/comments?post=3191"}],"version-history":[{"count":1,"href":"https:\/\/www.cinc.com\/ca\/wp-json\/wp\/v2\/posts\/3191\/revisions"}],"predecessor-version":[{"id":29833,"href":"https:\/\/www.cinc.com\/ca\/wp-json\/wp\/v2\/posts\/3191\/revisions\/29833"}],"wp:featuredmedia":[{"embeddable":true,"href":"https:\/\/www.cinc.com\/ca\/wp-json\/wp\/v2\/media\/3192"}],"wp:attachment":[{"href":"https:\/\/www.cinc.com\/ca\/wp-json\/wp\/v2\/media?parent=3191"}],"wp:term":[{"taxonomy":"category","embeddable":true,"href":"https:\/\/www.cinc.com\/ca\/wp-json\/wp\/v2\/categories?post=3191"},{"taxonomy":"post_tag","embeddable":true,"href":"https:\/\/www.cinc.com\/ca\/wp-json\/wp\/v2\/tags?post=3191"}],"curies":[{"name":"wp","href":"https:\/\/api.w.org\/{rel}","templated":true}]}}