{"id":3166,"date":"2020-11-10T00:00:00","date_gmt":"2020-11-10T00:00:00","guid":{"rendered":"https:\/\/www.cinc.com\/nous-ajuts-per-a-autonoms-i-empreses-del-sector-turistic-de-catalunya-afectades-pels-efectes-de-la-covid-19\/"},"modified":"2024-06-06T09:51:43","modified_gmt":"2024-06-06T08:51:43","slug":"nous-ajuts-per-a-autonoms-i-empreses-del-sector-turistic-de-catalunya-afectades-pels-efectes-de-la-covid-19","status":"publish","type":"post","link":"https:\/\/www.cinc.com\/ca\/nous-ajuts-per-a-autonoms-i-empreses-del-sector-turistic-de-catalunya-afectades-pels-efectes-de-la-covid-19\/","title":{"rendered":"Nous ajuts per a aut\u00f2noms i empreses del sector tur\u00edstic de Catalunya afectades pels efectes de la COVID-19"},"content":{"rendered":"<div style=\"text-align: justify;\">La Generalitat va aprovar nous ajuts per a aut\u00f2noms i empreses del sector tur\u00edstic de Catalunya a trav\u00e9s de la resoluci\u00f3 EMC\/2810\/2020, publicada al DOGC el 9 de novembre.<\/div>\n<div style=\"text-align: justify;\"><\/div>\n<div style=\"text-align: justify;\">Aquests ajuts ja es poden sol\u00b7licitar des de les 9:00h del 26 de novembre fins les 14:00h del 30 de desembre (o fins esgotar pressupost) <a href=\"http:\/\/canalempresa.gencat.cat\/ca\/integraciodepartamentaltramit\/tramit\/PerTemes\/Subvencions-per-a-autonoms-i-empreses-del-sector-turistic-de-Catalunya-afectats-economicament-per-la-COVID-19-Agencia-Catalana-de-Turisme?bx_sender_conversion_id=959412&amp;utm_source=newsletter&amp;utm_medium=mail&amp;utm_campaign=a_partir_de_dem_dijous_26_de_novembre_ja_es_poden_sol_licitar_les_ajudes_del_sector_turisme\" target=\"_blank\" rel=\"noopener\">a trav\u00e9s d&#8217;aquest enlla\u00e7<\/a>.<\/div>\n<div style=\"text-align: justify;\"><\/div>\n<div style=\"text-align: justify;\">Recordem que \u00e9s necessari l&#8217;\u00fas d&#8217;un Certificat Digital per realitzar la sol\u00b7licitud.<\/div>\n<div style=\"text-align: justify;\"><\/div>\n<div style=\"text-align: justify;\">\n<h2 class=\"h2Noticia\">A qui van adre\u00e7ats aquests ajuts i qui els pot sol\u00b7licitar?<\/h2>\n<hr \/>\n<\/div>\n<div style=\"text-align: justify;\">Poden beneficiar-se d&#8217;aquesta subvenci\u00f3 les persones professionals aut\u00f2nomes i les empreses tur\u00edstiques donades d&#8217;alta en el cens de l&#8217;impost d&#8217;activitats econ\u00f2miques que desenvolupin activitats en el sector tur\u00edstic:<\/div>\n<ul>\n<li style=\"text-align: justify;\">Guies de turisme de Catalunya habilitats.<\/li>\n<li style=\"text-align: justify;\">Titulars d&#8217;establiments d&#8217;allotjament tur\u00edstic: establiments hotelers, apartaments tur\u00edstics, c\u00e0mpings i establiments de turisme rural.<\/li>\n<li style=\"text-align: justify;\">Ag\u00e8ncies de viatges.<\/li>\n<li style=\"text-align: justify;\">Establiments i activitats d&#8217;inter\u00e8s tur\u00edstic: persones o empreses que contribueixen a dinamitzar i promoure el turisme i afavoreixen les estades al territori tot enriquint l&#8217;experi\u00e8ncia dels visitants als quals principalment s\u2019adrecen les propostes.<\/li>\n<\/ul>\n<div style=\"text-align: justify;\">Per tant, s\u2019entendran incloses les seg\u00fcents activitats:<\/div>\n<div style=\"text-align: justify;\"><\/div>\n<ul>\n<li style=\"text-align: justify;\">Congressos i turisme de reunions.<\/li>\n<li style=\"text-align: justify;\">Rutes guiades, culturals, sortides de coneixement del patrimoni i el medi natural i excursions.<\/li>\n<li style=\"text-align: justify;\">Senderisme.<\/li>\n<li style=\"text-align: justify;\">Cicloturisme.<\/li>\n<li style=\"text-align: justify;\">Enoturisme.<\/li>\n<li style=\"text-align: justify;\">Ecoturisme.<\/li>\n<li style=\"text-align: justify;\">Activitats aqu\u00e0tiques i n\u00e0utiques.<\/li>\n<li style=\"text-align: justify;\">Activitats desenvolupades en parcs de natura, aqu\u00e0tics i tem\u00e0tics.<\/li>\n<\/ul>\n<div style=\"text-align: justify;\">S&#8217;hi inclouen tamb\u00e9 les explotadores d&#8217;habitatges d&#8217;\u00fas tur\u00edstic. D&#8217;acord amb les condicions espec\u00edfiques de compliment que s&#8217;especifiquen addicionalment.<\/div>\n<div style=\"text-align: justify;\"><\/div>\n<div style=\"text-align: justify;\">\n<h2 class=\"h2Noticia\">Quins establiments queden exclosos?<\/h2>\n<hr \/>\n<\/div>\n<div style=\"text-align: justify;\">No podran sol\u00b7licitar aquests ajuts:<\/div>\n<div style=\"text-align: justify;\"><\/div>\n<ul>\n<li style=\"text-align: justify;\">Els establiments de restauraci\u00f3.<\/li>\n<li style=\"text-align: justify;\">Els allotjaments juvenils regits per la normativa sectorial definits en el cap\u00edtol VI del t\u00edtol III de la Llei 13\/2002, de 21 de juny, de turisme de Catalunya.<\/li>\n<li style=\"text-align: justify;\">Els propietaris d&#8217;habitatges d&#8217;\u00fas tur\u00edstic que no siguin explotadors d&#8217;acord amb el que es demana en aquesta norma.<\/li>\n<li style=\"text-align: justify;\">Els recintes i les \u00e0rees d&#8217;acollida per a autocaravanes.<\/li>\n<li style=\"text-align: justify;\">Els refugis de muntanya i similars no inscrits al Registre de Turisme de Catalunya.<\/li>\n<li style=\"text-align: justify;\">Els consultors i les empreses d&#8217;assessoria tur\u00edstica.<\/li>\n<li style=\"text-align: justify;\">Les empreses de publicitat.<\/li>\n<li style=\"text-align: justify;\">Les acad\u00e8mies d&#8217;idiomes, els centres de formaci\u00f3, i els organitzadors de cursos escolars, estades esportives o estudis a l&#8217;estranger, o activitats de traducci\u00f3 o interpretaci\u00f3.<\/li>\n<li style=\"text-align: justify;\">Els centres recreatius, de joc, oci i espectacles.<\/li>\n<li style=\"text-align: justify;\">Les empreses de lloguer de tot tipus de vehicles o modalitats de mobilitat (cotxes, motos, autocaravanes, patinets, cavalls&#8230;).<\/li>\n<li style=\"text-align: justify;\">Els organitzadors d&#8217;esdeveniments privats no tur\u00edstics.<\/li>\n<li style=\"text-align: justify;\">Els gimnasos, les escoles esportives i les activitats de lloguer de material (esqu\u00ed, p\u00e0del, surf, tennis).<\/li>\n<li style=\"text-align: justify;\">Els col\u00b7lectius, les associacions i els gremis.<\/li>\n<\/ul>\n<div style=\"text-align: justify;\">\n<h2 class=\"h2Noticia\">Requisits comuns per a tots els col\u00b7lectius beneficiaris dels ajuts<\/h2>\n<hr \/>\n<\/div>\n<div style=\"text-align: justify;\">a) En el cas de les persones treballadores aut\u00f2nomes, han d&#8217;estar donades d&#8217;alta en el r\u00e8gim especial dels treballadors per compte propi o aut\u00f2noms (RETA) en el moment de la declaraci\u00f3 de l&#8217;estat d&#8217;alarma.<\/div>\n<div style=\"text-align: justify;\">b) Desenvolupar l&#8217;activitat i tenir la seu fiscal a Catalunya.<\/div>\n<div style=\"text-align: justify;\">c) Complir les obligacions tribut\u00e0ries davant l&#8217;Estat i la Generalitat de Catalunya, i les obligacions davant la Seguretat Social.<\/div>\n<div style=\"text-align: justify;\"><\/div>\n<div style=\"text-align: justify;\">\n<h2 class=\"h2Noticia\">Quina quantia tenen els ajuts?<\/h2>\n<hr \/>\n<\/div>\n<div style=\"text-align: justify;\">Els ajuts seran de pagament \u00fanic per persona benefici\u00e0ria.<\/div>\n<div style=\"text-align: justify;\">.<\/div>\n<div style=\"text-align: justify;\">Els guies de turisme de Catalunya habilitats rebran la quantia de 2.000,00 euros.<\/div>\n<p style=\"text-align: justify;\">Els col\u00b7lectius inclosos en els apartats b), c) i d) de la base 2.1, les quanties seg\u00fcents:<\/p>\n<ul>\n<li style=\"text-align: justify;\">Aut\u00f2noms i empreses amb una mitjana de fins a 5 persones treballadores: 5.000,00 euros.<\/li>\n<li style=\"text-align: justify;\">Empreses amb una mitjana d&#8217;entre 6 i 49 persones treballadores: 10.000,00 euros.<\/li>\n<li style=\"text-align: justify;\">Empreses amb una mitjana de m\u00e9s de 50 persones treballadores: 20.000,00 euros.<\/li>\n<\/ul>\n<div style=\"text-align: justify;\">En el cas de les empreses explotadores d&#8217;habitatges d&#8217;\u00fas tur\u00edstic quedar\u00e0 articulada en dos trams:<\/div>\n<ul>\n<li style=\"text-align: justify;\">Empreses de fins a 10 persones treballadores: 5.000,00 euros.<\/li>\n<li style=\"text-align: justify;\">Empreses a partir d&#8217;11 o m\u00e9s persones treballadores: 10.000,00 euros.<\/li>\n<\/ul>\n<p style=\"text-align: justify;\">Es tindr\u00e0 en compte el nombre de persones treballadores que les empreses han tingut de mitjana l&#8217;any 2019. En el cas d&#8217;empreses que han iniciat la seva activitat el 2020, es tindr\u00e0 en compte el nombre de persones treballadores que han tingut de mitjana des de la data d&#8217;inici de la seva activitat fins al 14 de mar\u00e7 de 2020, data de declaraci\u00f3 de l&#8217;estat d&#8217;alarma.<\/p>\n<div style=\"text-align: justify;\">\n<h2 class=\"h2Noticia\">Quin \u00e9s el termini per demanar aquests ajuts?<\/h2>\n<hr \/>\n<\/div>\n<div style=\"text-align: justify;\">El termini per presentar les sol\u00b7licituds \u00e9s de de les 9:00h del 26 de novembre fins les 14:00h del 30 de desembre (o fins exhaurir pressupost) a trav\u00e9s d&#8217;aquest enlla\u00e7 i \u00e9s necessari l&#8217;\u00fas d&#8217;un Certificat Digital. Si no disposes d&#8217;un, <a href=\"https:\/\/www.cinc.com\/ca\/necessites-un-certificat-digital--tho-tramitem-al-moment\/\" target=\"_blank\" rel=\"noopener\">te&#8217;l podem tramitar al moment <\/a>des de CINC Assessoria.<\/div>\n","protected":false},"excerpt":{"rendered":"<p style=\"text-align: justify;\">\n\t<span style=\"text-align: justify;\">La Generalitat ha aprovat nous ajuts per a aut&ograve;noms i empreses del sector tur&iacute;stic de Catalunya a trav&eacute;s de la resoluci&oacute; EMC\/2810\/2020, publicada al DOGC el 9 de novembre.&nbsp;<\/span><\/p>\n","protected":false},"author":2,"featured_media":3167,"comment_status":"open","ping_status":"open","sticky":false,"template":"","format":"standard","meta":{"_acf_changed":false,"_uag_custom_page_level_css":"","_jetpack_memberships_contains_paid_content":false,"footnotes":""},"categories":[18],"tags":[],"class_list":["post-3166","post","type-post","status-publish","format-standard","has-post-thumbnail","hentry","category-assessoria"],"acf":[],"jetpack_featured_media_url":"https:\/\/www.cinc.com\/wp-content\/uploads\/2023\/03\/928.jpg","uagb_featured_image_src":{"full":["https:\/\/www.cinc.com\/wp-content\/uploads\/2023\/03\/928.jpg",1113,361,false],"thumbnail":["https:\/\/www.cinc.com\/wp-content\/uploads\/2023\/03\/928.jpg",150,49,false],"medium":["https:\/\/www.cinc.com\/wp-content\/uploads\/2023\/03\/928.jpg",300,97,false],"medium_large":["https:\/\/www.cinc.com\/wp-content\/uploads\/2023\/03\/928.jpg",768,249,false],"large":["https:\/\/www.cinc.com\/wp-content\/uploads\/2023\/03\/928.jpg",960,311,false],"1536x1536":["https:\/\/www.cinc.com\/wp-content\/uploads\/2023\/03\/928.jpg",1113,361,false],"2048x2048":["https:\/\/www.cinc.com\/wp-content\/uploads\/2023\/03\/928.jpg",1113,361,false],"gform-image-choice-sm":["https:\/\/www.cinc.com\/wp-content\/uploads\/2023\/03\/928.jpg",300,97,false],"gform-image-choice-md":["https:\/\/www.cinc.com\/wp-content\/uploads\/2023\/03\/928.jpg",400,130,false],"gform-image-choice-lg":["https:\/\/www.cinc.com\/wp-content\/uploads\/2023\/03\/928.jpg",600,195,false]},"uagb_author_info":{"display_name":"Utrans","author_link":"https:\/\/www.cinc.com\/ca\/author\/utrans\/"},"uagb_comment_info":0,"uagb_excerpt":"La Generalitat ha aprovat nous ajuts per a aut&ograve;noms i empreses del sector tur&iacute;stic de Catalunya a trav&eacute;s de la resoluci&oacute; EMC\/2810\/2020, publicada al DOGC el 9 de novembre.&nbsp;","jetpack_sharing_enabled":true,"_links":{"self":[{"href":"https:\/\/www.cinc.com\/ca\/wp-json\/wp\/v2\/posts\/3166","targetHints":{"allow":["GET"]}}],"collection":[{"href":"https:\/\/www.cinc.com\/ca\/wp-json\/wp\/v2\/posts"}],"about":[{"href":"https:\/\/www.cinc.com\/ca\/wp-json\/wp\/v2\/types\/post"}],"author":[{"embeddable":true,"href":"https:\/\/www.cinc.com\/ca\/wp-json\/wp\/v2\/users\/2"}],"replies":[{"embeddable":true,"href":"https:\/\/www.cinc.com\/ca\/wp-json\/wp\/v2\/comments?post=3166"}],"version-history":[{"count":1,"href":"https:\/\/www.cinc.com\/ca\/wp-json\/wp\/v2\/posts\/3166\/revisions"}],"predecessor-version":[{"id":25530,"href":"https:\/\/www.cinc.com\/ca\/wp-json\/wp\/v2\/posts\/3166\/revisions\/25530"}],"wp:featuredmedia":[{"embeddable":true,"href":"https:\/\/www.cinc.com\/ca\/wp-json\/wp\/v2\/media\/3167"}],"wp:attachment":[{"href":"https:\/\/www.cinc.com\/ca\/wp-json\/wp\/v2\/media?parent=3166"}],"wp:term":[{"taxonomy":"category","embeddable":true,"href":"https:\/\/www.cinc.com\/ca\/wp-json\/wp\/v2\/categories?post=3166"},{"taxonomy":"post_tag","embeddable":true,"href":"https:\/\/www.cinc.com\/ca\/wp-json\/wp\/v2\/tags?post=3166"}],"curies":[{"name":"wp","href":"https:\/\/api.w.org\/{rel}","templated":true}]}}