{"id":3151,"date":"2020-10-23T00:00:00","date_gmt":"2020-10-23T00:00:00","guid":{"rendered":"https:\/\/www.cinc.com\/noves-subvencions-en-lambit-de-la-restauracio-i-estetica-pel-covid-19\/"},"modified":"2020-10-23T00:00:00","modified_gmt":"2020-10-23T00:00:00","slug":"noves-subvencions-en-lambit-de-la-restauracio-i-estetica-pel-covid-19","status":"publish","type":"post","link":"https:\/\/www.cinc.com\/ca\/noves-subvencions-en-lambit-de-la-restauracio-i-estetica-pel-covid-19\/","title":{"rendered":"Noves subvencions en l\u2019\u00e0mbit de la restauraci\u00f3 i est\u00e8tica pel COVID-19"},"content":{"rendered":"<div style=\"text-align: justify;\">\n<div>\n<div>\n\t\t\t<em><strong>Actualitzaci&oacute; 9\/11: pr&ograve;ximament la Generalitat obrir&agrave; una nova convocat&ograve;ria d&#39;aquest ajut; et mantindrem informat\/da.&nbsp;<\/strong><\/em><\/div>\n<\/p><\/div>\n<div>\n\t\t&nbsp;<\/div>\n<div>\n\t\tDavant les noves mesures de contenci&oacute; del brot epid&egrave;mic de la pand&egrave;mia de COVID-19 al territori de Catalunya, la Generalitat ha dotat en 40 milions d&rsquo;euros l&rsquo;ajut destinat a pal&middot;liar els efectes econ&ograve;mics d&rsquo;aquestes, que afecten, sobretot, al sector de la restauraci&oacute; i als centres d&rsquo;est&egrave;tica, que han vist suspesa la seva activitat per un per&iacute;ode inicial de 15 dies.<\/div>\n<div>\n\t\t&nbsp;<\/div>\n<div>\n<h2 class=\"h2Noticia\">\n\t\t\tQuins sectors podran sol&middot;licitar l&rsquo;ajut aprovat?<\/h2>\n<hr \/><\/div>\n<div>\n\t\tAquests ajuts es concedeixen en forma de subvenci&oacute; destinats al sector de la restauraci&oacute; i centres d&rsquo;est&egrave;tica.&nbsp;<\/div>\n<div>\n\t\t&nbsp;<\/div>\n<div>\n<h2 class=\"h2Noticia\">\n\t\t\tQuines actuacions se subvencionen i quins s&oacute;n els requisits?<\/h2>\n<hr \/><\/div>\n<div>\n\t\tQualsevol actuaci&oacute; que pugui suposar per a l&#39;empresa una recuperaci&oacute; o increment del volum de vendes, aix&iacute; com l&#39;estimulaci&oacute; de la demanda, i enfortir la solv&egrave;ncia financera. Tamb&eacute; totes aquelles actuacions destinades a fomentar la creaci&oacute; de sistemes efectius i &agrave;gils de venda on-line i la seva log&iacute;stica.&nbsp;<\/div>\n<div>\n\t\t&nbsp;<\/div>\n<div>\n\t\tEs consideren actuacions subvencionables aquelles que responen inequ&iacute;vocament a la naturalesa del negoci i que resultin estricament necess&agrave;ries per a la recuperaci&oacute; i estimulaci&oacute; de la demanda.&nbsp;<\/div>\n<div>\n\t\t&nbsp;<\/div>\n<div>\n\t\tLes actuacions han de constar efectivament pagades pel beneficiari abans del termini de presentaci&oacute; de la justificaci&oacute; econ&ograve;mica.<\/div>\n<div>\n\t\t&nbsp;<\/div>\n<div>\n\t\tLes actuacions s&rsquo;han de comprendre durant el per&iacute;ode de l&rsquo;1 de gener i el 31 de desembre del 2020.&nbsp;<\/div>\n<div>\n\t\t&nbsp;<\/div>\n<div>\n\t\tLes actuacions subvencionades hauran de portar el patrocini i logotip de la Generalitat de Catalunya conforme la<a href=\"http:\/\/identitatcorporativa.gencat.cat\" target=\"_blank\" rel=\"noopener\"> normativa gr&agrave;fica<\/a>.&nbsp;<\/div>\n<div>\n\t\t&nbsp;<\/div>\n<div>\n\t\tLes persones beneficiaries hauran d&rsquo;adherir-se a totes les campanyes de reactivaci&oacute; del sector comercial i de serveis que impulsi la CCAM.<\/div>\n<div>\n\t\t&nbsp;<\/div>\n<div>\n<h2 class=\"h2Noticia\">\n\t\t\tQuina &eacute;s la quantia de la subvenci&oacute; i com es fa efectiva?<\/h2>\n<hr \/><\/div>\n<div>\n\t\tL&rsquo;import de la subvenci&oacute; ser&agrave; d&rsquo;un m&agrave;xim de 1.500 &euro; i cal destinar-la a realitzar l&rsquo;actuaci&oacute; subvencionada.<\/div>\n<div>\n\t\t&nbsp;<\/div>\n<div>\n\t\tLa quantia atorgada no podr&agrave; superar el cost de les actuacions subvencionables. En aquest sentit, es permetr&agrave; una desviaci&oacute; que no excedeixi del 20%.<\/div>\n<div>\n\t\t&nbsp;<\/div>\n<div>\n\t\tNo es podran subvencionar actuacions el cost de les quals ja hagin estat subvencionades pr&egrave;viament. D&rsquo;haver estat parcialment subvencionades, es podr&agrave; sol&middot;licitar per la part no coberta.&nbsp;<\/div>\n<div>\n\t\t&nbsp;<\/div>\n<div>\n\t\tEl pagament de la subvenci&oacute;, que ser&agrave; en un &uacute;nic lliurament, es far&agrave; efectiva un cop justificada i comprovada l&rsquo;execuci&oacute; de les actuacions subvencionades.<\/div>\n<div>\n\t\t&nbsp;<\/div>\n<div>\n<h2 class=\"h2Noticia\">\n\t\t\tQui s&oacute;n els beneficiaris?<\/h2>\n<hr \/><\/div>\n<div>\n\t\tEls professionals aut&ograve;noms i pimes*:&nbsp;<\/div>\n<div>\n\t\t&nbsp;<\/div>\n<ul>\n<li>\n\t\t\tQue prestin activitats de restauraci&oacute; (bars, restaurants i cafeteries, incl&ograve;s aquells que presten aquest servei dins d&rsquo;un col&middot;lectiu com pot ser un centre comercial o mercats municipals) o b&eacute;,&nbsp;<\/li>\n<li>\n\t\t\tQue siguin titulars d&#39;un centre d&#39;est&egrave;tica i bellesa.&nbsp;<\/li>\n<li>\n\t\t\tQueden excloses aquelles empreses que es troben participades en m&eacute;s d&rsquo;un 50% per capital p&uacute;blic i fundacions.&nbsp;<\/li>\n<\/ul>\n<div>\n<h2 class=\"h2Noticia\">\n\t\t\tQuins requisits es demanen per obtenir la condici&oacute; de beneficiari?<\/h2>\n<hr \/><\/div>\n<ul>\n<li>\n\t\t\tEmpreses amb 50 treballadors o m&eacute;s: donar ocupaci&oacute; a almenys en un 2% a persones amb discapacitat o b&eacute; aplicar mesures alternatives de car&agrave;cter excepcional.<\/li>\n<li>\n\t\t\tCompliment de les obligacions tributaries davant l&rsquo;Estat i la Generalitat. En cas d&rsquo;ajornaments, morat&ograve;ries o pr&ograve;rrogues acordats amb les corresponents administraci&oacute; p&uacute;blics caldr&agrave; acreditar-ho documentalment.&nbsp;<\/li>\n<li>\n\t\t\tEmpreses de 25 treballadors o m&eacute;s: disposar de mitjans de prevenci&oacute; i detecci&oacute; de casos d&rsquo;assetjament sexual. A m&eacute;s, l&rsquo;empresa beneficiaria no pot haver estat mai objecte de sancions fermes o sent&egrave;ncies fermes per haver tolerat aquestes pr&agrave;ctiques.&nbsp;<\/li>\n<li>\n\t\t\tComplir amb requisits de pol&iacute;tica ling&uuml;&iacute;stica, entre les quals; senyalitzaci&oacute; i cartells d&rsquo;informaci&oacute; en catal&agrave;.&nbsp;<\/li>\n<li>\n\t\t\tNo comptar amb sancions fermes o sent&egrave;ncies fermes per a la comissi&oacute; d&rsquo;infraccions greus en mat&egrave;ria d&rsquo;integraci&oacute; laboral de discapacitats.<\/li>\n<li>\n\t\t\tDisposar d&rsquo;un sistema d&rsquo;organitzaci&oacute; i de gesti&oacute; de prevenci&oacute; de riscos laborals.&nbsp;<\/li>\n<li>\n\t\t\tComplir amb les disposicions de les normatives per a la igualtat efectiva entre homes i dones.&nbsp;&nbsp;<\/li>\n<li>\n\t\t\tNo trobar-se en situaci&oacute; concursal.<\/li>\n<li>\n\t\t\tRespectar la normativa vigent en mat&egrave;ria de desenvolupament sostenible.<\/li>\n<li>\n\t\t\tComunicar a trav&eacute;s del model normalitzat l&rsquo;obtenci&oacute; d&rsquo;altres subvencions p&uacute;bliques per la mateixa activitat.&nbsp;<\/li>\n<li>\n\t\t\tAlta en el cens de l&#39;impost d&#39;activitats econ&ograve;miques.&nbsp;<\/li>\n<\/ul>\n<div>\n\t\tS&rsquo;acreditar&agrave; el compliment de tots els requisits mitjan&ccedil;ant la presentaci&oacute; de Declaraci&oacute; Responsable.&nbsp;<\/div>\n<div>\n\t\t&nbsp;<\/div>\n<div>\n<h2 class=\"h2Noticia\">\n\t\t\tCom es tramita la subvenci&oacute;?<\/h2>\n<hr \/><\/div>\n<div>\n\t\tLa gesti&oacute; d&rsquo;aquestes ajudes s&rsquo;articula a trav&eacute;s del Consorci de Comer&ccedil;, Artesania i Moda de Catalunya (CCAM).&nbsp;<\/div>\n<div>\n\t\t&nbsp;<\/div>\n<div>\n\t\tLes sol&middot;licituds s&rsquo;han de presentar per mitjans telem&agrave;tics mitjan&ccedil;ant model normalitzat.&nbsp;<\/div>\n<div>\n\t\t&nbsp;<\/div>\n<div>\n\t\tCaldr&agrave; adjuntar-hi:&nbsp;<\/div>\n<ul>\n<li>\n\t\t\tFotografia de la fa&ccedil;ana<\/li>\n<li>\n\t\t\tModel de declaraci&oacute; responsable<\/li>\n<\/ul>\n<div>\n\t\tPer a la tramitaci&oacute; caldr&agrave; qualsevol sistema de signatura electr&ograve;nica de la persona sol&middot;licitant.&nbsp;&nbsp;<\/div>\n<div>\n\t\t&nbsp;<\/div>\n<div>\n\t\tTota la tramitaci&oacute; fins a la concessi&oacute; final es far&agrave; per mitjans electr&ograve;nics.<\/div>\n<div>\n\t\t&nbsp;<\/div>\n<div>\n\t\tLes concessions de la subvenci&oacute; es resoldran en ordre cronol&ograve;gic de presentaci&oacute; de les sol&middot;licituds.&nbsp;<\/div>\n<div>\n\t\t&nbsp;<\/div>\n<div>\n\t\tL&rsquo;&ograve;rgan competent per resoldre en mat&egrave;ria de la present subvenci&oacute; disposa de 6 mesos per emetre resoluci&oacute;. De no fer-ho, s&rsquo;entendr&agrave; desestimada la sol&middot;licitud.<\/div>\n<div>\n\t\t&nbsp;<\/div>\n<div>\n<h2 class=\"h2Noticia\">\n\t\t\tDe quin termini es disposa per sol&middot;licitar la subvenci&oacute;?<\/h2>\n<hr \/><\/div>\n<div>\n\t\tEl termini per presentar la sol&middot;licitud des del 23 d&rsquo;octubre fins el 6 de novembre o fins exhaurir pressupost.&nbsp;<\/div>\n<div>\n\t\t&nbsp;<\/div>\n<div>\n<h2 class=\"h2Noticia\">\n\t\t\tCom es justifiquen les actuacions subvencionables?<\/h2>\n<hr \/><\/div>\n<div>\n\t\tUn cop finalitzades les actuacions, caldr&agrave; presentar telem&agrave;ticament mitjan&ccedil;ant model normalitzat una mem&ograve;ria justificativa on s&rsquo;acrediti la realitzaci&oacute; de les actuacions.&nbsp;<\/div>\n<div>\n\t\t&nbsp;<\/div>\n<div>\n\t\tDe no justificar-se les actuacions subvencionables o de justificar-se parcialment, la part proporcional no destinada a les referides actuacions ser&agrave; revocada.&nbsp;<\/div>\n<div>\n\t\t&nbsp;<\/div>\n<div>\n<h2 class=\"h2Noticia\">\n\t\t\tOn puc trobar els enlla&ccedil;os web per a la tramitaci&oacute; de la subvenci&oacute; i justificaci&oacute; de les actuacions?<\/h2>\n<hr \/><\/div>\n<div>\n\t\t&nbsp;<\/div>\n<div>\n\t\tCanal Empresa de la Generalitat de Catalunya (<a href=\"http:\/\/canalempresa.gencat.cat\" target=\"_blank\" rel=\"noopener\">http:\/\/canalempresa.gencat.cat<\/a>).<\/div>\n<div>\n\t\tConsorci de Comer&ccedil;, Artesania i Moda de Catalunya (<a href=\"http:\/\/ccam.gencat.cat\" target=\"_blank\" rel=\"noopener\">http:\/\/ccam.gencat.cat<\/a>).&nbsp;<\/div>\n<div>\n\t\tDepartament d&#39;Empresa i Coneixement (<a href=\"http:\/\/empresa.gencat.cat\/ca\/inici\/\" target=\"_blank\" rel=\"noopener\">http:\/\/empresa.gencat.cat\/ca\/inici\/<\/a>).<\/div>\n<div>\n\t\t&nbsp;<\/div>\n<div>\n\t\t*S&rsquo;ent&eacute;n per PIMES a efectes d&rsquo;aquesta subvenci&oacute; de conformitat amb el Reglament (UE) n&ordm; 651\/2014 de la Comissi&oacute;, de 17 de juny de 2014:&nbsp;<\/div>\n<div>\n\t\t&nbsp;<\/div>\n<div>\n\t\tMitjana empresa: ocupa menys de 250 persones i t&eacute; un volum de negoci anual que no excedeix els 50 milions d&#39;euros o un balan&ccedil; general anual que no excedeix els 43 milions d&#39;euros.&nbsp;<\/div>\n<div>\n\t\t&nbsp;<\/div>\n<div>\n\t\tPetita empresa: ocupa menys de 50 persones i t&eacute; un volum de negoci anual o un balan&ccedil; general anual que no supera els 10 milions d&#39;euros. Microempresa: ocupa menys de 10 persones i t&eacute; un volum de negoci anual o un balan&ccedil; general anual que no supera els 2 milions d&#39;euros.<\/div>\n<div>\n\t\t&nbsp;<\/div>\n<\/div>\n<div style=\"text-align: justify;\">\n<h2 class=\"h2Noticia\">\n\t\tPreguntes freq&uuml;ents<\/h2>\n<hr \/>\n<\/div>\n<div style=\"text-align: justify;\">\n\t<strong>En cas de tenir m&eacute;s d&rsquo;un establiment, es pot demanar m&eacute;s d&rsquo;una subvenci&oacute;?<\/strong><\/div>\n<div style=\"text-align: justify;\">\n\t&nbsp;<\/div>\n<div style=\"text-align: justify;\">\n\tNo. Tan sols es permet una sol&middot;licitud per beneficiari (NIF).<\/div>\n<div style=\"text-align: justify;\">\n\t&nbsp;<\/div>\n<div style=\"text-align: justify;\">\n\t&nbsp;<\/div>\n<div style=\"text-align: justify;\">\n\t<strong>&Eacute;s incompatible amb alguna altra subvenci&oacute; que he demanat aquest any al CCAM o a altres organismes?<\/strong><\/div>\n<div style=\"text-align: justify;\">\n\t&nbsp;<\/div>\n<div style=\"text-align: justify;\">\n\tNo. Aquesta subvenci&oacute; &eacute;s compatible amb qualsevol l&iacute;nia d&rsquo;ajut de l&rsquo;estat o de la Generalitat.<\/div>\n<div style=\"text-align: justify;\">\n\t&nbsp;<\/div>\n<div style=\"text-align: justify;\">\n\t&nbsp;<\/div>\n<div style=\"text-align: justify;\">\n\t<strong>Si un restaurant est&agrave; tancat per&ograve; fa menjar per emportar, es considera beneficiari?<\/strong><\/div>\n<div style=\"text-align: justify;\">\n\t&nbsp;<\/div>\n<div style=\"text-align: justify;\">\n\tS&iacute;, &eacute;s beneficiari d&rsquo;aquest programa de subvencions.<\/div>\n<div style=\"text-align: justify;\">\n\t&nbsp;<\/div>\n<div style=\"text-align: justify;\">\n\t&nbsp;<\/div>\n<div style=\"text-align: justify;\">\n\t<strong>Si &eacute;s una perruqueria que t&eacute; donada d&rsquo;alta l&rsquo;activitat d&rsquo;est&egrave;tica al mateix establiment, es considera beneficiaria?<\/strong><\/div>\n<div style=\"text-align: justify;\">\n\t&nbsp;<\/div>\n<div style=\"text-align: justify;\">\n\tS&iacute;, &eacute;s beneficiaria d&rsquo;aquest programa de subvencions.<\/div>\n<div style=\"text-align: justify;\">\n\t&nbsp;<\/div>\n<div style=\"text-align: justify;\">\n\t&nbsp;<\/div>\n<div style=\"text-align: justify;\">\n\t<strong>Si &eacute;s un forn de pa amb degustaci&oacute;, es considera beneficiari?<\/strong><\/div>\n<div style=\"text-align: justify;\">\n\t&nbsp;<\/div>\n<div style=\"text-align: justify;\">\n\tNom&eacute;s en el cas de que hagi estat obligat al tancament.<\/div>\n<div style=\"text-align: justify;\">\n\t&nbsp;<\/div>\n<div style=\"text-align: justify;\">\n\t&nbsp;<\/div>\n<div style=\"text-align: justify;\">\n\t<strong>Una empresa de servei de c&agrave;tering pot sol&middot;licitar aquesta subvenci&oacute;?<\/strong><\/div>\n<div style=\"text-align: justify;\">\n\t&nbsp;<\/div>\n<div style=\"text-align: justify;\">\n\tNo, no es considera un possible beneficiari.<\/div>\n<div style=\"text-align: justify;\">\n\t&nbsp;<\/div>\n<div style=\"text-align: justify;\">\n\t&nbsp;<\/div>\n<div style=\"text-align: justify;\">\n\t<strong>Cal que l&rsquo;establiment estigui a peu de carrer?<\/strong><\/div>\n<div style=\"text-align: justify;\">\n\t&nbsp;<\/div>\n<div style=\"text-align: justify;\">\n\tNo. Poden sol&middot;licitar la subvenci&oacute; tots els centres de bellesa encara que no estiguin situats a peu de carrer.<\/div>\n<div>\n\t&nbsp;<\/div>\n","protected":false},"excerpt":{"rendered":"<p style=\"text-align: justify;\">\n\tDavant les noves mesures de contenci&oacute; del brot epid&egrave;mic de la pand&egrave;mia de COVID-19 al territori de Catalunya, la Generalitat ha dotat en 40 milions d&rsquo;euros l&rsquo;ajut destinat a pal&middot;liar els efectes econ&ograve;mics d&rsquo;aquestes, que afecten, sobretot, al sector de la restauraci&oacute; i als centres d&rsquo;est&egrave;tica, que han vist suspesa la seva activitat per un per&iacute;ode inicial de 15 dies.<\/p>\n","protected":false},"author":2,"featured_media":3152,"comment_status":"open","ping_status":"open","sticky":false,"template":"","format":"standard","meta":{"_acf_changed":false,"_uag_custom_page_level_css":"","_jetpack_memberships_contains_paid_content":false,"footnotes":""},"categories":[18],"tags":[],"class_list":["post-3151","post","type-post","status-publish","format-standard","has-post-thumbnail","hentry","category-assessoria"],"acf":[],"jetpack_featured_media_url":"https:\/\/www.cinc.com\/wp-content\/uploads\/2023\/03\/925.jpg","uagb_featured_image_src":{"full":["https:\/\/www.cinc.com\/wp-content\/uploads\/2023\/03\/925.jpg",1113,361,false],"thumbnail":["https:\/\/www.cinc.com\/wp-content\/uploads\/2023\/03\/925.jpg",150,49,false],"medium":["https:\/\/www.cinc.com\/wp-content\/uploads\/2023\/03\/925.jpg",300,97,false],"medium_large":["https:\/\/www.cinc.com\/wp-content\/uploads\/2023\/03\/925.jpg",768,249,false],"large":["https:\/\/www.cinc.com\/wp-content\/uploads\/2023\/03\/925.jpg",960,311,false],"1536x1536":["https:\/\/www.cinc.com\/wp-content\/uploads\/2023\/03\/925.jpg",1113,361,false],"2048x2048":["https:\/\/www.cinc.com\/wp-content\/uploads\/2023\/03\/925.jpg",1113,361,false],"gform-image-choice-sm":["https:\/\/www.cinc.com\/wp-content\/uploads\/2023\/03\/925.jpg",300,97,false],"gform-image-choice-md":["https:\/\/www.cinc.com\/wp-content\/uploads\/2023\/03\/925.jpg",400,130,false],"gform-image-choice-lg":["https:\/\/www.cinc.com\/wp-content\/uploads\/2023\/03\/925.jpg",600,195,false]},"uagb_author_info":{"display_name":"Utrans","author_link":"https:\/\/www.cinc.com\/ca\/author\/utrans\/"},"uagb_comment_info":0,"uagb_excerpt":"Davant les noves mesures de contenci&oacute; del brot epid&egrave;mic de la pand&egrave;mia de COVID-19 al territori de Catalunya, la Generalitat ha dotat en 40 milions d&rsquo;euros l&rsquo;ajut destinat a pal&middot;liar els efectes econ&ograve;mics d&rsquo;aquestes, que afecten, sobretot, al sector de la restauraci&oacute; i als centres d&rsquo;est&egrave;tica, que han vist suspesa la seva activitat per un&hellip;","jetpack_sharing_enabled":true,"_links":{"self":[{"href":"https:\/\/www.cinc.com\/ca\/wp-json\/wp\/v2\/posts\/3151","targetHints":{"allow":["GET"]}}],"collection":[{"href":"https:\/\/www.cinc.com\/ca\/wp-json\/wp\/v2\/posts"}],"about":[{"href":"https:\/\/www.cinc.com\/ca\/wp-json\/wp\/v2\/types\/post"}],"author":[{"embeddable":true,"href":"https:\/\/www.cinc.com\/ca\/wp-json\/wp\/v2\/users\/2"}],"replies":[{"embeddable":true,"href":"https:\/\/www.cinc.com\/ca\/wp-json\/wp\/v2\/comments?post=3151"}],"version-history":[{"count":0,"href":"https:\/\/www.cinc.com\/ca\/wp-json\/wp\/v2\/posts\/3151\/revisions"}],"wp:featuredmedia":[{"embeddable":true,"href":"https:\/\/www.cinc.com\/ca\/wp-json\/wp\/v2\/media\/3152"}],"wp:attachment":[{"href":"https:\/\/www.cinc.com\/ca\/wp-json\/wp\/v2\/media?parent=3151"}],"wp:term":[{"taxonomy":"category","embeddable":true,"href":"https:\/\/www.cinc.com\/ca\/wp-json\/wp\/v2\/categories?post=3151"},{"taxonomy":"post_tag","embeddable":true,"href":"https:\/\/www.cinc.com\/ca\/wp-json\/wp\/v2\/tags?post=3151"}],"curies":[{"name":"wp","href":"https:\/\/api.w.org\/{rel}","templated":true}]}}