{"id":31417,"date":"2025-09-03T12:00:03","date_gmt":"2025-09-03T11:00:03","guid":{"rendered":"https:\/\/www.cinc.com\/?p=31417"},"modified":"2025-09-03T12:00:03","modified_gmt":"2025-09-03T11:00:03","slug":"nova-temporada-noves-metes-el-moment-dapostar-per-una-oficina-flexible","status":"publish","type":"post","link":"https:\/\/www.cinc.com\/ca\/nova-temporada-noves-metes-el-moment-dapostar-per-una-oficina-flexible\/","title":{"rendered":"Nova temporada, noves metes: el moment d\u2019apostar per una oficina flexible"},"content":{"rendered":"\n<p>Cada setembre renovem prop\u00f2sits: reorganitzem agendes, definim nous objectius, llancem projectes i donem impuls al que volem aconseguir els pr\u00f2xims mesos. Per\u00f2 hi ha un element clau que moltes empreses passen per alt: l\u2019espai on treballen.<br>T\u00e9 sentit exigir focus, efici\u00e8ncia i creixement des d\u2019una oficina que ja no s\u2019adapta a les teves necessitats? El que moltes pimes i professionals no saben \u00e9s que la seva oficina pot ser el seu major fre o el seu millor aliat en aquest nou cicle. Si vols comen\u00e7ar amb for\u00e7a, fes-ho des d\u2019un entorn que t\u2019acompanyi.<\/p>\n\n\n\n<h2 class=\"wp-block-heading\">L\u2019entorn de la teva oficina marca el ritme del teu equip<\/h2>\n\n\n\n<p>Una oficina lluminosa, ben equipada i flexible no nom\u00e9s millora la concentraci\u00f3 i la productivitat, tamb\u00e9 redueix l\u2019estr\u00e8s i facilita la presa de decisions. El contrari (espais saturats, sense sales de reuni\u00f3 disponibles, amb soroll constant o sense zones de desconnexi\u00f3) converteix cada jornada en un repte afegit.<\/p>\n\n\n\n<p>Segons l\u2019American Society of Interior Designers, el 68% dels empleats afirma que el disseny de la seva oficina influeix directament en el seu rendiment. El setembre \u00e9s el moment ideal per revisar si el teu espai suma\u2026 o resta.<\/p>\n\n\n\n<p>Si la teva oficina actual et resta m\u00e9s que no pas et suma, potser ha arribat el moment de fer el pas. A <strong>CINC t\u2019oferim oficines flexibles a Barcelona i Girona<\/strong>, preparades per acompanyar el creixement de la teva empresa:<\/p>\n\n\n\n<div class=\"wp-block-buttons is-content-justification-center is-layout-flex wp-container-core-buttons-is-layout-a89b3969 wp-block-buttons-is-layout-flex\">\n<div class=\"wp-block-button\"><a class=\"wp-block-button__link wp-element-button\" href=\"https:\/\/www.cinc.com\/es\/oficinas-privadas-en-barcelona\/\">Descobreix les nostres oficines<\/a><\/div>\n<\/div>\n\n\n\n<p><\/p>\n\n\n\n<h2 class=\"wp-block-heading\">La teva oficina est\u00e0 alineada amb els nous objectius?<\/h2>\n\n\n\n<p>Amb l\u2019inici de la temporada, moltes empreses creixen, incorporen talent o reestructuren equips. Per\u00f2 si l\u2019espai no s\u2019adapta amb agilitat, aquest creixement es converteix en fricci\u00f3. Tens prou sales de reuni\u00f3? Pots escalar sense haver-te de mudar? El teu equip disposa de zones de concentraci\u00f3 i col\u00b7laboraci\u00f3?<br>Un informe de CBRE destaca que les oficines flexibles que s\u2019adapten a les din\u00e0miques reals de les empreses augmenten la productivitat en un 21%. No \u00e9s una q\u00fcesti\u00f3 est\u00e8tica, sin\u00f3 estrat\u00e8gica. L\u2019espai ha d\u2019estar al nivell de les teves metes.<\/p>\n\n\n\n<h2 class=\"wp-block-heading\">L\u2019oficina tamb\u00e9 impacta en la motivaci\u00f3<\/h2>\n\n\n\n<p>Despr\u00e9s de les vacances, tornar a un espai agradable, cuidat, ben ubicat i preparat genera motivaci\u00f3 i accelera la recuperaci\u00f3 del ritme. Una oficina no \u00e9s nom\u00e9s un lloc de treball: \u00e9s una eina de cultura, de marca i de cohesi\u00f3.<\/p>\n\n\n\n<p>Crear un entorn que inspiri l\u2019equip transmet un missatge clar de lideratge: \u201cens prenem seriosament com treballem\u201d. I aix\u00f2, a llarg termini, marca la difer\u00e8ncia en el comprom\u00eds i la percepci\u00f3 de la teva empresa.<\/p>\n\n\n\n<h2 class=\"wp-block-heading\">A CINC, la teva oficina creix amb tu<\/h2>\n\n\n\n<p>A CINC t\u2019ajudem a comen\u00e7ar el curs amb un entorn preparat per cr\u00e9ixer amb tu. Les nostres oficines a Barcelona (al cor del 22@, a tocar del mar) i Girona (al costat del parc de la Devesa, en ple centre) estan pensades per adaptar-se a cada etapa de la teva empresa.<\/p>\n\n\n\n<p>Oficines privades, modulars, amb sales de reuni\u00f3 professionals, recepci\u00f3, serveis inclosos i ubicacions estrat\u00e8giques que cuiden tant de la teva marca com del teu equip. Perqu\u00e8 comen\u00e7ar b\u00e9 comen\u00e7a per estar ben ubicat.<\/p>\n\n\n\n<p>Descobreix els nostres espais i fes el seg\u00fcent pas amb nosaltres.<\/p>\n\n\n\n<div class=\"wp-block-buttons is-content-justification-center is-layout-flex wp-container-core-buttons-is-layout-a89b3969 wp-block-buttons-is-layout-flex\">\n<div class=\"wp-block-button\"><a class=\"wp-block-button__link wp-element-button\">Contacta amb nosaltres<\/a><\/div>\n<\/div>\n\n\n\n<p><\/p>\n","protected":false},"excerpt":{"rendered":"<p>Cada objectiu necessita un entorn que l\u2019acompanyi. Transforma la teva oficina en la millor aliada aquest setembre.<\/p>\n","protected":false},"author":8,"featured_media":31509,"comment_status":"closed","ping_status":"open","sticky":false,"template":"","format":"standard","meta":{"_acf_changed":false,"_uag_custom_page_level_css":"","_jetpack_memberships_contains_paid_content":false,"footnotes":""},"categories":[207],"tags":[212],"class_list":["post-31417","post","type-post","status-publish","format-standard","has-post-thumbnail","hentry","category-business-hub","tag-oficina-flexible"],"acf":[],"jetpack_featured_media_url":"https:\/\/www.cinc.com\/wp-content\/uploads\/oficinas-flexibles-cinc.webp","uagb_featured_image_src":{"full":["https:\/\/www.cinc.com\/wp-content\/uploads\/oficinas-flexibles-cinc.webp",1920,1080,false],"thumbnail":["https:\/\/www.cinc.com\/wp-content\/uploads\/oficinas-flexibles-cinc-150x150.webp",150,150,true],"medium":["https:\/\/www.cinc.com\/wp-content\/uploads\/oficinas-flexibles-cinc-300x169.webp",300,169,true],"medium_large":["https:\/\/www.cinc.com\/wp-content\/uploads\/oficinas-flexibles-cinc-768x432.webp",768,432,true],"large":["https:\/\/www.cinc.com\/wp-content\/uploads\/oficinas-flexibles-cinc-1024x576.webp",960,540,true],"1536x1536":["https:\/\/www.cinc.com\/wp-content\/uploads\/oficinas-flexibles-cinc-1536x864.webp",1536,864,true],"2048x2048":["https:\/\/www.cinc.com\/wp-content\/uploads\/oficinas-flexibles-cinc.webp",1920,1080,false],"gform-image-choice-sm":["https:\/\/www.cinc.com\/wp-content\/uploads\/oficinas-flexibles-cinc.webp",300,169,false],"gform-image-choice-md":["https:\/\/www.cinc.com\/wp-content\/uploads\/oficinas-flexibles-cinc.webp",400,225,false],"gform-image-choice-lg":["https:\/\/www.cinc.com\/wp-content\/uploads\/oficinas-flexibles-cinc.webp",600,338,false]},"uagb_author_info":{"display_name":"F\u00e0tima Duran","author_link":"https:\/\/www.cinc.com\/ca\/author\/fatima\/"},"uagb_comment_info":0,"uagb_excerpt":"Cada objectiu necessita un entorn que l\u2019acompanyi. Transforma la teva oficina en la millor aliada aquest setembre.","jetpack_sharing_enabled":true,"_links":{"self":[{"href":"https:\/\/www.cinc.com\/ca\/wp-json\/wp\/v2\/posts\/31417","targetHints":{"allow":["GET"]}}],"collection":[{"href":"https:\/\/www.cinc.com\/ca\/wp-json\/wp\/v2\/posts"}],"about":[{"href":"https:\/\/www.cinc.com\/ca\/wp-json\/wp\/v2\/types\/post"}],"author":[{"embeddable":true,"href":"https:\/\/www.cinc.com\/ca\/wp-json\/wp\/v2\/users\/8"}],"replies":[{"embeddable":true,"href":"https:\/\/www.cinc.com\/ca\/wp-json\/wp\/v2\/comments?post=31417"}],"version-history":[{"count":4,"href":"https:\/\/www.cinc.com\/ca\/wp-json\/wp\/v2\/posts\/31417\/revisions"}],"predecessor-version":[{"id":31513,"href":"https:\/\/www.cinc.com\/ca\/wp-json\/wp\/v2\/posts\/31417\/revisions\/31513"}],"wp:featuredmedia":[{"embeddable":true,"href":"https:\/\/www.cinc.com\/ca\/wp-json\/wp\/v2\/media\/31509"}],"wp:attachment":[{"href":"https:\/\/www.cinc.com\/ca\/wp-json\/wp\/v2\/media?parent=31417"}],"wp:term":[{"taxonomy":"category","embeddable":true,"href":"https:\/\/www.cinc.com\/ca\/wp-json\/wp\/v2\/categories?post=31417"},{"taxonomy":"post_tag","embeddable":true,"href":"https:\/\/www.cinc.com\/ca\/wp-json\/wp\/v2\/tags?post=31417"}],"curies":[{"name":"wp","href":"https:\/\/api.w.org\/{rel}","templated":true}]}}