{"id":31315,"date":"2025-08-12T12:00:17","date_gmt":"2025-08-12T11:00:17","guid":{"rendered":"https:\/\/www.cinc.com\/?p=31315"},"modified":"2025-08-12T12:00:17","modified_gmt":"2025-08-12T11:00:17","slug":"aprovada-la-nova-llei-de-lasseguranca-dautomobils-canvis-clau-en-responsabilitat-civil-i-indemnitzacions","status":"publish","type":"post","link":"https:\/\/www.cinc.com\/ca\/aprovada-la-nova-llei-de-lasseguranca-dautomobils-canvis-clau-en-responsabilitat-civil-i-indemnitzacions\/","title":{"rendered":"Aprovada la nova llei de l\u2019asseguran\u00e7a d\u2019autom\u00f2bils: canvis clau en responsabilitat civil i indemnitzacions"},"content":{"rendered":"\n<p>El BOE ha publicat la Llei 5\/2025, de 24 de juliol, que introdueix importants reformes en l\u2019\u00e0mbit de l\u2019asseguran\u00e7a d\u2019autom\u00f2bils. La norma modifica el text ref\u00f3s de la Llei sobre responsabilitat civil i asseguran\u00e7a en la circulaci\u00f3 de vehicles de motor (Reial decret legislatiu 8\/2004), amb l\u2019objectiu de refor\u00e7ar la protecci\u00f3 de les v\u00edctimes d\u2019accidents de tr\u00e0nsit, millorar l\u2019efic\u00e0cia del sistema d\u2019indemnitzacions i actualitzar les garanties exigibles a les asseguradores.<br><\/p>\n\n\n\n<div class=\"wp-block-uagb-advanced-heading uagb-block-28587c88\"><h2 class=\"uagb-heading-text\">Millora de les indemnitzacions i refor\u00e7 dels drets de les v\u00edctimes<\/h2><\/div>\n\n\n\n<p>Un dels pilars de la nova llei \u00e9s l\u2019ampliaci\u00f3 i millora del sistema d\u2019indemnitzaci\u00f3 per danys personals i materials derivats d\u2019accidents de circulaci\u00f3. S\u2019hi introdueixen actualitzacions en els barems per calcular els danys, es reforcen les garanties de cobrament i es consoliden els drets de les v\u00edctimes, especialment pel que fa als terminis i procediments per a l\u2019abonament de les quantitats indemnitzat\u00f2ries.<\/p>\n\n\n\n<p>Aquestes modificacions busquen harmonitzar el sistema espanyol amb la normativa europea, aportant m\u00e9s seguretat jur\u00eddica tant a les v\u00edctimes com a les asseguradores, i corregint llacunes que s\u2019havien detectat en l\u2019aplicaci\u00f3 de la normativa anterior.<\/p>\n\n\n\n<div class=\"wp-block-uagb-advanced-heading uagb-block-448095af\"><h2 class=\"uagb-heading-text\">Canvis en les obligacions d\u2019assegurament i cobertura m\u00ednima<\/h2><\/div>\n\n\n\n<p>La llei tamb\u00e9 incorpora noves obligacions per a les companyies asseguradores i per als propietaris de vehicles. Entre altres mesures, es redefineix el concepte de vehicle a efectes de l\u2019asseguran\u00e7a obligat\u00f2ria, s\u2019actualitza l\u2019import m\u00ednim de cobertura per danys personals i materials, i es refor\u00e7a la supervisi\u00f3 sobre el compliment d\u2019aquestes obligacions, en l\u00ednia amb les recomanacions de la Comissi\u00f3 Europea.<\/p>\n\n\n\n<p>Aix\u00ed mateix, es preveu la possibilitat d\u2019exclusi\u00f3 de cobertura en sup\u00f2sits molt concrets, amb l\u2019objectiu de delimitar responsabilitats en situacions d\u2019\u00fas no autoritzat del vehicle o frau.<\/p>\n\n\n\n<div class=\"wp-block-uagb-advanced-heading uagb-block-ecdf52ea\"><h2 class=\"uagb-heading-text\">Entrada en vigor i aplicaci\u00f3 pr\u00e0ctica<\/h2><\/div>\n\n\n\n<p>No totes les disposicions incloses en la Llei 5\/2025 tenen efectes immediats. Algunes requeriran un desenvolupament reglamentari posterior o entraran en vigor de manera progressiva, la qual cosa exigir\u00e0 una adaptaci\u00f3 gradual per part de les corredories d\u2019assegurances, asseguradores i altres operadors del sector.<\/p>\n\n\n\n<p>Per aix\u00f2, \u00e9s fonamental que professionals i clients estiguin informats dels terminis i requisits que els afecten, especialment pel que fa a la contractaci\u00f3 de noves p\u00f2lisses o l\u2019actualitzaci\u00f3 de les ja existents.<\/p>\n\n\n\n<div class=\"wp-block-uagb-advanced-heading uagb-block-ad37beba\"><h2 class=\"uagb-heading-text\">Tens dubtes sobre com t\u2019afecta aquesta nova llei?<\/h2><\/div>\n\n\n\n<p>A CINC Corredoria d\u2019Assegurances ajudem empreses i particulars a interpretar i aplicar correctament la normativa vigent en mat\u00e8ria asseguradora. Si vols saber com afecta aquesta reforma a la teva p\u00f2lissa de responsabilitat civil de vehicles, o vols revisar les teves cobertures actuals, posa\u2019t en contacte amb el nostre equip especialitzat per rebre un assessorament a mida.<br><br><\/p>\n\n\n\n<div class=\"wp-block-uagb-buttons uagb-buttons__outer-wrap uagb-btn__default-btn uagb-btn-tablet__default-btn uagb-btn-mobile__default-btn uagb-block-95d4bbc7\"><div class=\"uagb-buttons__wrap uagb-buttons-layout-wrap \">\n<div class=\"wp-block-uagb-buttons-child uagb-buttons__outer-wrap uagb-block-ba574c8c wp-block-button\"><div class=\"uagb-button__wrapper\"><a class=\"uagb-buttons-repeater wp-block-button__link\" aria-label=\"\" href=\"https:\/\/www.cinc.com\/ca\/contacte\/\" rel=\"follow noopener\" target=\"_self\" role=\"button\"><div class=\"uagb-button__link\">Contacta amb nosaltres<\/div><\/a><\/div><\/div>\n<\/div><\/div>\n\n\n\n<p><\/p>\n","protected":false},"excerpt":{"rendered":"<p>La reforma de l\u2019asseguran\u00e7a d\u2019autos millora indemnitzacions i cobertures. Revisa si la teva p\u00f2lissa est\u00e0 al dia.<\/p>\n","protected":false},"author":302,"featured_media":31311,"comment_status":"closed","ping_status":"open","sticky":false,"template":"","format":"standard","meta":{"_acf_changed":false,"_uag_custom_page_level_css":"","_jetpack_memberships_contains_paid_content":false,"footnotes":""},"categories":[22],"tags":[],"class_list":["post-31315","post","type-post","status-publish","format-standard","has-post-thumbnail","hentry","category-corredoria"],"acf":[],"jetpack_featured_media_url":"https:\/\/www.cinc.com\/wp-content\/uploads\/Fotos-Blog-CINC-WordPress-_66_.webp","uagb_featured_image_src":{"full":["https:\/\/www.cinc.com\/wp-content\/uploads\/Fotos-Blog-CINC-WordPress-_66_.webp",1920,1080,false],"thumbnail":["https:\/\/www.cinc.com\/wp-content\/uploads\/Fotos-Blog-CINC-WordPress-_66_-150x150.webp",150,150,true],"medium":["https:\/\/www.cinc.com\/wp-content\/uploads\/Fotos-Blog-CINC-WordPress-_66_-300x169.webp",300,169,true],"medium_large":["https:\/\/www.cinc.com\/wp-content\/uploads\/Fotos-Blog-CINC-WordPress-_66_-768x432.webp",768,432,true],"large":["https:\/\/www.cinc.com\/wp-content\/uploads\/Fotos-Blog-CINC-WordPress-_66_-1024x576.webp",960,540,true],"1536x1536":["https:\/\/www.cinc.com\/wp-content\/uploads\/Fotos-Blog-CINC-WordPress-_66_-1536x864.webp",1536,864,true],"2048x2048":["https:\/\/www.cinc.com\/wp-content\/uploads\/Fotos-Blog-CINC-WordPress-_66_.webp",1920,1080,false],"gform-image-choice-sm":["https:\/\/www.cinc.com\/wp-content\/uploads\/Fotos-Blog-CINC-WordPress-_66_.webp",300,169,false],"gform-image-choice-md":["https:\/\/www.cinc.com\/wp-content\/uploads\/Fotos-Blog-CINC-WordPress-_66_.webp",400,225,false],"gform-image-choice-lg":["https:\/\/www.cinc.com\/wp-content\/uploads\/Fotos-Blog-CINC-WordPress-_66_.webp",600,338,false]},"uagb_author_info":{"display_name":"Houda","author_link":"https:\/\/www.cinc.com\/ca\/author\/houda\/"},"uagb_comment_info":0,"uagb_excerpt":"La reforma de l\u2019asseguran\u00e7a d\u2019autos millora indemnitzacions i cobertures. Revisa si la teva p\u00f2lissa est\u00e0 al dia.","jetpack_sharing_enabled":true,"_links":{"self":[{"href":"https:\/\/www.cinc.com\/ca\/wp-json\/wp\/v2\/posts\/31315","targetHints":{"allow":["GET"]}}],"collection":[{"href":"https:\/\/www.cinc.com\/ca\/wp-json\/wp\/v2\/posts"}],"about":[{"href":"https:\/\/www.cinc.com\/ca\/wp-json\/wp\/v2\/types\/post"}],"author":[{"embeddable":true,"href":"https:\/\/www.cinc.com\/ca\/wp-json\/wp\/v2\/users\/302"}],"replies":[{"embeddable":true,"href":"https:\/\/www.cinc.com\/ca\/wp-json\/wp\/v2\/comments?post=31315"}],"version-history":[{"count":1,"href":"https:\/\/www.cinc.com\/ca\/wp-json\/wp\/v2\/posts\/31315\/revisions"}],"predecessor-version":[{"id":31316,"href":"https:\/\/www.cinc.com\/ca\/wp-json\/wp\/v2\/posts\/31315\/revisions\/31316"}],"wp:featuredmedia":[{"embeddable":true,"href":"https:\/\/www.cinc.com\/ca\/wp-json\/wp\/v2\/media\/31311"}],"wp:attachment":[{"href":"https:\/\/www.cinc.com\/ca\/wp-json\/wp\/v2\/media?parent=31315"}],"wp:term":[{"taxonomy":"category","embeddable":true,"href":"https:\/\/www.cinc.com\/ca\/wp-json\/wp\/v2\/categories?post=31315"},{"taxonomy":"post_tag","embeddable":true,"href":"https:\/\/www.cinc.com\/ca\/wp-json\/wp\/v2\/tags?post=31315"}],"curies":[{"name":"wp","href":"https:\/\/api.w.org\/{rel}","templated":true}]}}