{"id":30755,"date":"2025-06-27T09:03:16","date_gmt":"2025-06-27T08:03:16","guid":{"rendered":"https:\/\/www.cinc.com\/?p=30755"},"modified":"2025-06-27T09:15:31","modified_gmt":"2025-06-27T08:15:31","slug":"la-teva-oficina-no-es-nomes-un-espai-es-una-eina-de-lideratge","status":"publish","type":"post","link":"https:\/\/www.cinc.com\/ca\/la-teva-oficina-no-es-nomes-un-espai-es-una-eina-de-lideratge\/","title":{"rendered":"La teva oficina no \u00e9s nom\u00e9s un espai: \u00e9s una eina de lideratge"},"content":{"rendered":"\n<p>Quan parlem de lideratge empresarial, sovint pensem en soft skills, estrat\u00e8gia, visi\u00f3 o presa de decisions. Per\u00f2 hi ha un aspecte que poques vegades es menciona i que, tot i aix\u00f2, influeix silenciosament en tots aquests \u00e0mbits: l\u2019espai de treball.<\/p>\n\n\n\n<p>La teva oficina no \u00e9s nom\u00e9s el lloc on es duen a terme les operacions del dia a dia. \u00c9s un reflex de la teva cultura, un altaveu de la teva marca i, sobretot, una poderosa eina de lideratge. Com? Facilitant la presa de decisions, potenciant la comunicaci\u00f3 i projectant autoritat. Quan l\u2019espai est\u00e0 alineat amb el teu prop\u00f2sit, liderar es torna m\u00e9s f\u00e0cil. I m\u00e9s natural.<\/p>\n\n\n\n<h2 class=\"wp-block-heading\">Un espai professional millora la presa de decisions<\/h2>\n\n\n\n<p>La claredat f\u00edsica impulsa la claredat mental. Un entorn ben dissenyat (amb llum natural, bona ac\u00fastica, organitzaci\u00f3 visual i zones ben definides) redueix la c\u00e0rrega cognitiva i afavoreix una presa de decisions m\u00e9s r\u00e0pida i eficient.<\/p>\n\n\n\n<p>Segons un estudi de la Universitat de Cornell, les oficines amb il\u00b7luminaci\u00f3 natural milloren la funci\u00f3 cognitiva dels treballadors en un 23%. Aix\u00f2 es tradueix en m\u00e9s agilitat mental, millor capacitat anal\u00edtica i, per tant, decisions m\u00e9s encertades. Liderar requereix focus, i el focus comen\u00e7a per l\u2019entorn.<\/p>\n\n\n\n<p>A m\u00e9s, disposar de sales privades, zones de concentraci\u00f3 i espais de col\u00b7laboraci\u00f3 adequats evita interrupcions innecess\u00e0ries i permet gestionar el temps de manera estrat\u00e8gica. Quan cada rac\u00f3 de l\u2019oficina respon a una necessitat real, liderar no nom\u00e9s \u00e9s m\u00e9s eficient, sin\u00f3 tamb\u00e9 m\u00e9s sostenible.<\/p>\n\n\n\n<h2 class=\"wp-block-heading\">Una oficina pensada per comunicar (de veritat)<\/h2>\n\n\n\n<p>La comunicaci\u00f3 interna no dep\u00e8n nom\u00e9s d\u2019eines digitals. L\u2019espai f\u00edsic tamb\u00e9 comunica. Hi ha zones per intercanviar idees de manera informal? Hi ha sales ben equipades per a reunions decisives? L\u2019equip es pot reunir sense barallar-se per trobar una sala lliure?<\/p>\n\n\n\n<p>Segons un estudi publicat a <em>Harvard Business Review<\/em>, els espais d\u2019oficina mal dissenyats poden reduir la interacci\u00f3 cara a cara fins a un 70%, ja que les persones tendeixen a a\u00efllar-se i substituir la col\u00b7laboraci\u00f3 per missatges digitals. Aix\u00f2 demostra que l\u2019entorn f\u00edsic no nom\u00e9s condiciona com treballem, sin\u00f3 tamb\u00e9 com ens comuniquem. Un l\u00edder ha de transmetre amb claredat. I aix\u00f2 no dep\u00e8n nom\u00e9s del que diu, sin\u00f3 tamb\u00e9 d\u2019on i com ho diu.<\/p>\n\n\n\n<p>Una oficina flexible, amb zones dissenyades per a diferents tipus d\u2019interacci\u00f3 (col\u00b7laboraci\u00f3, concentraci\u00f3, inspiraci\u00f3), crea un ecosistema que amplifica el teu lideratge sense necessitat d\u2019imposar-lo. La flu\u00efdesa de l\u2019entorn es converteix en aliada del teu missatge.<\/p>\n\n\n\n<h2 class=\"wp-block-heading\">Liderar tamb\u00e9 \u00e9s projectar autoritat i visi\u00f3<\/h2>\n\n\n\n<p>L\u2019oficina \u00e9s un canal de comunicaci\u00f3 silenci\u00f3s per\u00f2 constant. El que transmet al client, al prove\u00efdor o al nou talent que entra per la porta pot refor\u00e7ar (o debilitar) la teva autoritat com a l\u00edder.<\/p>\n\n\n\n<p>Un estudi de Steelcase demostra que el 88% dels treballadors considera que l\u2019entorn de treball reflecteix la cultura i els valors de l\u2019empresa. Qu\u00e8 diu el teu espai sobre tu? Projecta ordre, ambici\u00f3, modernitat? O b\u00e9 transmet improvisaci\u00f3 i desorganitzaci\u00f3?<\/p>\n\n\n\n<p>Quan tries una oficina que cuida els detalls, ben situada, equipada i adaptada al teu model de negoci, est\u00e0s enviant un missatge clar: aqu\u00ed es prenen les coses seriosament. I aquest \u00e9s el tipus de lideratge que inspira confian\u00e7a.<\/p>\n\n\n\n<h2 class=\"wp-block-heading\">A CINC, la teva oficina tamb\u00e9 lidera<\/h2>\n\n\n\n<p>A CINC entenem que liderar una empresa va molt m\u00e9s enll\u00e0 del dia a dia operatiu. Per aix\u00f2 oferim <a href=\"https:\/\/www.cinc.com\/ca\/oficines-privades-a-barcelona\/\" target=\"_blank\" rel=\"noreferrer noopener\">oficines privades<\/a> i flexibles a Barcelona i Girona, dissenyades per ser una veritable extensi\u00f3 del teu lideratge: espais que t\u2019ajuden a pensar amb claredat, comunicar amb impacte i transmetre professionalitat.<\/p>\n\n\n\n<p>Les nostres oficines estan completament equipades, amb sales de reunions modernes, atenci\u00f3 personalitzada, zones comunes inspiradores i ubicacions estrat\u00e8giques i molt ben comunicades, com el 22@ al costat del mar o el centre de Girona, a pocs minuts de l\u2019estaci\u00f3 d\u2019AVE. A CINC trobar\u00e0s l\u2019espai de treball que est\u00e0 a l\u2019al\u00e7ada de la teva visi\u00f3.<\/p>\n\n\n\n<p>Descobreix com podem ajudar-te a liderar millor des de la teva oficina:<\/p>\n\n\n\n<div class=\"wp-block-uagb-buttons uagb-buttons__outer-wrap uagb-btn__default-btn uagb-btn-tablet__default-btn uagb-btn-mobile__default-btn uagb-block-3e406d45\"><div class=\"uagb-buttons__wrap uagb-buttons-layout-wrap \">\n<div class=\"wp-block-uagb-buttons-child uagb-buttons__outer-wrap uagb-block-b7de80ba wp-block-button\"><div class=\"uagb-button__wrapper\"><a class=\"uagb-buttons-repeater wp-block-button__link\" aria-label=\"\" href=\"https:\/\/www.cinc.com\/ca\/contacte\/\" rel=\"follow noopener\" target=\"_blank\" role=\"button\"><div class=\"uagb-button__link\">Contacta amb nosaltres<\/div><\/a><\/div><\/div>\n<\/div><\/div>\n\n\n\n<p><\/p>\n\n\n\n<p><\/p>\n","protected":false},"excerpt":{"rendered":"<p>Quan parlem de lideratge empresarial, sovint pensem en soft skills, estrat\u00e8gia, visi\u00f3 o presa de decisions. Per\u00f2 hi ha un aspecte que poques vegades es menciona i que, tot i aix\u00f2, influeix silenciosament en tots aquests \u00e0mbits: l\u2019espai de treball. La teva oficina no \u00e9s nom\u00e9s el lloc on es duen a terme les operacions [&hellip;]<\/p>\n","protected":false},"author":8,"featured_media":30751,"comment_status":"closed","ping_status":"closed","sticky":false,"template":"","format":"standard","meta":{"_acf_changed":false,"_uag_custom_page_level_css":"","_jetpack_memberships_contains_paid_content":false,"footnotes":""},"categories":[207,17],"tags":[],"class_list":["post-30755","post","type-post","status-publish","format-standard","has-post-thumbnail","hentry","category-business-hub","category-centre-de-negocis"],"acf":[],"jetpack_featured_media_url":"https:\/\/www.cinc.com\/wp-content\/uploads\/oficinas-liderazgo.webp","uagb_featured_image_src":{"full":["https:\/\/www.cinc.com\/wp-content\/uploads\/oficinas-liderazgo.webp",1920,1080,false],"thumbnail":["https:\/\/www.cinc.com\/wp-content\/uploads\/oficinas-liderazgo-150x150.webp",150,150,true],"medium":["https:\/\/www.cinc.com\/wp-content\/uploads\/oficinas-liderazgo-300x169.webp",300,169,true],"medium_large":["https:\/\/www.cinc.com\/wp-content\/uploads\/oficinas-liderazgo-768x432.webp",768,432,true],"large":["https:\/\/www.cinc.com\/wp-content\/uploads\/oficinas-liderazgo-1024x576.webp",960,540,true],"1536x1536":["https:\/\/www.cinc.com\/wp-content\/uploads\/oficinas-liderazgo-1536x864.webp",1536,864,true],"2048x2048":["https:\/\/www.cinc.com\/wp-content\/uploads\/oficinas-liderazgo.webp",1920,1080,false],"gform-image-choice-sm":["https:\/\/www.cinc.com\/wp-content\/uploads\/oficinas-liderazgo.webp",300,169,false],"gform-image-choice-md":["https:\/\/www.cinc.com\/wp-content\/uploads\/oficinas-liderazgo.webp",400,225,false],"gform-image-choice-lg":["https:\/\/www.cinc.com\/wp-content\/uploads\/oficinas-liderazgo.webp",600,338,false]},"uagb_author_info":{"display_name":"F\u00e0tima Duran","author_link":"https:\/\/www.cinc.com\/ca\/author\/fatima\/"},"uagb_comment_info":0,"uagb_excerpt":"Quan parlem de lideratge empresarial, sovint pensem en soft skills, estrat\u00e8gia, visi\u00f3 o presa de decisions. Per\u00f2 hi ha un aspecte que poques vegades es menciona i que, tot i aix\u00f2, influeix silenciosament en tots aquests \u00e0mbits: l\u2019espai de treball. La teva oficina no \u00e9s nom\u00e9s el lloc on es duen a terme les operacions&hellip;","jetpack_sharing_enabled":true,"_links":{"self":[{"href":"https:\/\/www.cinc.com\/ca\/wp-json\/wp\/v2\/posts\/30755","targetHints":{"allow":["GET"]}}],"collection":[{"href":"https:\/\/www.cinc.com\/ca\/wp-json\/wp\/v2\/posts"}],"about":[{"href":"https:\/\/www.cinc.com\/ca\/wp-json\/wp\/v2\/types\/post"}],"author":[{"embeddable":true,"href":"https:\/\/www.cinc.com\/ca\/wp-json\/wp\/v2\/users\/8"}],"replies":[{"embeddable":true,"href":"https:\/\/www.cinc.com\/ca\/wp-json\/wp\/v2\/comments?post=30755"}],"version-history":[{"count":1,"href":"https:\/\/www.cinc.com\/ca\/wp-json\/wp\/v2\/posts\/30755\/revisions"}],"predecessor-version":[{"id":30756,"href":"https:\/\/www.cinc.com\/ca\/wp-json\/wp\/v2\/posts\/30755\/revisions\/30756"}],"wp:featuredmedia":[{"embeddable":true,"href":"https:\/\/www.cinc.com\/ca\/wp-json\/wp\/v2\/media\/30751"}],"wp:attachment":[{"href":"https:\/\/www.cinc.com\/ca\/wp-json\/wp\/v2\/media?parent=30755"}],"wp:term":[{"taxonomy":"category","embeddable":true,"href":"https:\/\/www.cinc.com\/ca\/wp-json\/wp\/v2\/categories?post=30755"},{"taxonomy":"post_tag","embeddable":true,"href":"https:\/\/www.cinc.com\/ca\/wp-json\/wp\/v2\/tags?post=30755"}],"curies":[{"name":"wp","href":"https:\/\/api.w.org\/{rel}","templated":true}]}}