{"id":30733,"date":"2025-06-20T11:21:36","date_gmt":"2025-06-20T10:21:36","guid":{"rendered":"https:\/\/www.cinc.com\/?p=30733"},"modified":"2025-06-20T11:21:37","modified_gmt":"2025-06-20T10:21:37","slug":"nou-procediment-per-anticipar-la-jubilacio-en-activitats-de-risc-que-canvia-i-a-qui-afecta","status":"publish","type":"post","link":"https:\/\/www.cinc.com\/ca\/nou-procediment-per-anticipar-la-jubilacio-en-activitats-de-risc-que-canvia-i-a-qui-afecta\/","title":{"rendered":"Nou procediment per anticipar la jubilaci\u00f3 en activitats de risc: qu\u00e8 canvia i a qui afecta?"},"content":{"rendered":"\n<p>El passat 10 de juny de 2025 es va aprovar el Reial decret 402\/2025, que estableix el procediment oficial per anticipar l\u2019edat de jubilaci\u00f3 per ra\u00f3 de l\u2019activitat desenvolupada. Aquest nou marc normatiu permet a determinats col\u00b7lectius accedir abans a la jubilaci\u00f3 si es pot acreditar que les seves condicions laborals impliquen penositat, perillositat, toxicitat o insalubritat.<\/p>\n\n\n\n<p>Aquesta mesura, que s\u2019aplica a sectors tant del sector p\u00fablic com del privat, no \u00e9s un dret autom\u00e0tic, sin\u00f3 que requereix l\u2019inici d\u2019un procediment espec\u00edfic impulsat per les empreses o administracions ocupadores.<\/p>\n\n\n\n<h2 class=\"wp-block-heading\">A qui afecta aquest procediment i com es pot sol\u00b7licitar?<\/h2>\n\n\n\n<p>Fins ara, nom\u00e9s alguns col\u00b7lectius ja tenien reconegut un acc\u00e9s anticipat a la jubilaci\u00f3 per coeficients reductors, com ara, els treballadors del mar, mineres i miners, bombers, mossos d\u2019esquadra i policia local, entre d\u2019altres. Amb el Reial decret 402\/2025, aquest dret es veu ampliat perqu\u00e8 altres sectors amb condicions laborals especialment dures puguin acollir-s\u2019hi, sempre que s\u2019acrediti la penositat, toxicitat, perillositat o insalubritat de l\u2019activitat i s\u2019inici\u00ef el procediment corresponent.<\/p>\n\n\n\n<p>Per tant, aquest nou procediment pot afectar qualsevol col\u00b7lectiu professional que exerceixi una activitat amb condicions laborals especialment dures, per\u00f2 nom\u00e9s si es compleixen certs requisits i si l\u2019entitat ocupadora inicia el tr\u00e0mit corresponent. El text no defineix una llista tancada de professions afectades, per\u00f2 s\u2019obre a sectors com ara els serveis d\u2019emerg\u00e8ncia, sanitaris, industrials, educatius o log\u00edstics, sempre que es justifiquin les condicions requerides.<\/p>\n\n\n\n<p>Per tal que un col\u00b7lectiu pugui accedir a la jubilaci\u00f3 anticipada, cal que la seva empresa o administraci\u00f3 p\u00fablica presenti una sol\u00b7licitud pr\u00e8via al Ministeri d\u2019Inclusi\u00f3, Seguretat Social i Migracions, acompanyada d\u2019un informe t\u00e8cnic i una mem\u00f2ria justificativa. Aquestes han d\u2019acreditar les caracter\u00edstiques de l\u2019activitat i la seva afectaci\u00f3 sobre la salut i el benestar del personal.<\/p>\n\n\n\n<p>Nom\u00e9s una vegada aprovat aquest reconeixement es podr\u00e0 aplicar un coeficient reductor de l\u2019edat de jubilaci\u00f3 per al personal afectat.<\/p>\n\n\n\n<h2 class=\"wp-block-heading\">Quins s\u00f3n els requisits per accedir a aquest procediment?<\/h2>\n\n\n\n<p>El Reial decret fixa diversos requisits que s\u2019han de complir per iniciar aquest tr\u00e0mit. A continuaci\u00f3 es detallen els principals:<\/p>\n\n\n\n<ul class=\"wp-block-list\">\n<li>L\u2019impuls del procediment ha de partir de l\u2019entitat ocupadora (empresa privada o administraci\u00f3 p\u00fablica), no del treballador individualment.<\/li>\n\n\n\n<li>L\u2019activitat ha d\u2019implicar condicions comprovables de penositat, toxicitat, perillositat o insalubritat que puguin afectar la salut de manera generalitzada dins el col\u00b7lectiu.<\/li>\n\n\n\n<li>Cal presentar una mem\u00f2ria justificativa i un informe t\u00e8cnic independent, elaborat per entitats especialitzades.<\/li>\n\n\n\n<li>L\u2019activitat ha d\u2019haver estat exercida durant un per\u00edode m\u00ednim de temps, i de manera cont\u00ednua, per part de les persones afectades.<\/li>\n\n\n\n<li>Un cop avaluada i aprovada la petici\u00f3 per part del Ministeri, es podr\u00e0 determinar un coeficient reductor aplicable a l\u2019edat ordin\u00e0ria de jubilaci\u00f3, proporcional als anys treballats sota aquestes condicions.<\/li>\n\n\n\n<li>Aquestes condicions fan que l\u2019anticipaci\u00f3 de la jubilaci\u00f3 no sigui una mesura generalitzada, sin\u00f3 restringida a col\u00b7lectius espec\u00edfics, pr\u00e8viament reconeguts mitjan\u00e7ant aquest procediment.<\/li>\n<\/ul>\n\n\n\n<h2 class=\"wp-block-heading\">Qu\u00e8 \u00e9s el coeficient reductor i com afecta a la pensi\u00f3?<\/h2>\n\n\n\n<p>El coeficient reductor \u00e9s un mecanisme que permet rebaixar l\u2019edat ordin\u00e0ria de jubilaci\u00f3 per a col\u00b7lectius que desenvolupen activitats laborals especialment dures o amb risc per a la salut. Aquest coeficient s\u2019aplica en funci\u00f3 del nombre d\u2019anys treballats sota aquestes condicions i estableix una anticipaci\u00f3 proporcional a aquest per\u00edode.<\/p>\n\n\n\n<p>A difer\u00e8ncia d\u2019altres modalitats de jubilaci\u00f3 anticipada, l\u2019aplicaci\u00f3 d\u2019aquest coeficient no implica una penalitzaci\u00f3 econ\u00f2mica sobre la pensi\u00f3. \u00c9s a dir, la persona pot accedir a la pensi\u00f3 abans de l\u2019edat ordin\u00e0ria, mantenint el c\u00e0lcul de la prestaci\u00f3 \u00edntegre segons els anys cotitzats. Aix\u00f2 nom\u00e9s \u00e9s possible si el col\u00b7lectiu ha estat reconegut formalment i es compleixen tots els requisits del procediment.<\/p>\n\n\n\n<p>Aquest mecanisme t\u00e9 com a objectiu corregir desequilibris i protegir la salut laboral en sectors especialment exigents, i refor\u00e7a el principi de just\u00edcia social dins del sistema p\u00fablic de pensions.<\/p>\n\n\n\n<h2 class=\"wp-block-heading\">Tens dubtes sobre com aplicar aquest nou mecanisme?<\/h2>\n\n\n\n<p>Des del Departament Laboral de <a href=\"https:\/\/www.cinc.com\/es\/asesoria-de-empresas-y-gestoria\/\">CINC Assessoria<\/a>, estem al dia de totes les novetats normatives que poden afectar la gesti\u00f3 de persones a empreses i administracions. l\u2019administraci\u00f3.<\/p>\n\n\n\n<p>Si tens dubtes sobre si aquest nou mecanisme pot aplicar-se a la teva organitzaci\u00f3 o vols comen\u00e7ar el proc\u00e9s, posa\u2019t en contacte amb nosaltres. Et podem oferir una an\u00e0lisi personalitzada i acompanyar-te en cada pas per garantir el compliment normatiu i els drets del teu equip.<\/p>\n\n\n\n<div class=\"wp-block-uagb-buttons uagb-buttons__outer-wrap uagb-btn__default-btn uagb-btn-tablet__default-btn uagb-btn-mobile__default-btn uagb-block-39cc3b41\"><div class=\"uagb-buttons__wrap uagb-buttons-layout-wrap \">\n<div class=\"wp-block-uagb-buttons-child uagb-buttons__outer-wrap uagb-block-344a2cb0 wp-block-button\"><div class=\"uagb-button__wrapper\"><a class=\"uagb-buttons-repeater wp-block-button__link\" aria-label=\"\" href=\"https:\/\/www.cinc.com\/es\/contacto\/\" rel=\"follow noopener\" target=\"_self\" role=\"button\"><div class=\"uagb-button__link\">Contacta<\/div><\/a><\/div><\/div>\n<\/div><\/div>\n","protected":false},"excerpt":{"rendered":"<p>Un nou decret permet avan\u00e7ar la jubilaci\u00f3 a certs col\u00b7lectius per condicions laborals exigents. Consulta els criteris i requisits clau.<\/p>\n","protected":false},"author":8,"featured_media":30729,"comment_status":"closed","ping_status":"open","sticky":false,"template":"","format":"standard","meta":{"_acf_changed":false,"_uag_custom_page_level_css":"","_jetpack_memberships_contains_paid_content":false,"footnotes":""},"categories":[1],"tags":[],"class_list":["post-30733","post","type-post","status-publish","format-standard","has-post-thumbnail","hentry","category-uncategorized-ca"],"acf":[],"jetpack_featured_media_url":"https:\/\/www.cinc.com\/wp-content\/uploads\/anticipacio-edat-jubiliacio.webp","uagb_featured_image_src":{"full":["https:\/\/www.cinc.com\/wp-content\/uploads\/anticipacio-edat-jubiliacio.webp",1920,1080,false],"thumbnail":["https:\/\/www.cinc.com\/wp-content\/uploads\/anticipacio-edat-jubiliacio-150x150.webp",150,150,true],"medium":["https:\/\/www.cinc.com\/wp-content\/uploads\/anticipacio-edat-jubiliacio-300x169.webp",300,169,true],"medium_large":["https:\/\/www.cinc.com\/wp-content\/uploads\/anticipacio-edat-jubiliacio-768x432.webp",768,432,true],"large":["https:\/\/www.cinc.com\/wp-content\/uploads\/anticipacio-edat-jubiliacio-1024x576.webp",960,540,true],"1536x1536":["https:\/\/www.cinc.com\/wp-content\/uploads\/anticipacio-edat-jubiliacio-1536x864.webp",1536,864,true],"2048x2048":["https:\/\/www.cinc.com\/wp-content\/uploads\/anticipacio-edat-jubiliacio.webp",1920,1080,false],"gform-image-choice-sm":["https:\/\/www.cinc.com\/wp-content\/uploads\/anticipacio-edat-jubiliacio.webp",300,169,false],"gform-image-choice-md":["https:\/\/www.cinc.com\/wp-content\/uploads\/anticipacio-edat-jubiliacio.webp",400,225,false],"gform-image-choice-lg":["https:\/\/www.cinc.com\/wp-content\/uploads\/anticipacio-edat-jubiliacio.webp",600,338,false]},"uagb_author_info":{"display_name":"F\u00e0tima Duran","author_link":"https:\/\/www.cinc.com\/ca\/author\/fatima\/"},"uagb_comment_info":0,"uagb_excerpt":"Un nou decret permet avan\u00e7ar la jubilaci\u00f3 a certs col\u00b7lectius per condicions laborals exigents. Consulta els criteris i requisits clau.","jetpack_sharing_enabled":true,"_links":{"self":[{"href":"https:\/\/www.cinc.com\/ca\/wp-json\/wp\/v2\/posts\/30733","targetHints":{"allow":["GET"]}}],"collection":[{"href":"https:\/\/www.cinc.com\/ca\/wp-json\/wp\/v2\/posts"}],"about":[{"href":"https:\/\/www.cinc.com\/ca\/wp-json\/wp\/v2\/types\/post"}],"author":[{"embeddable":true,"href":"https:\/\/www.cinc.com\/ca\/wp-json\/wp\/v2\/users\/8"}],"replies":[{"embeddable":true,"href":"https:\/\/www.cinc.com\/ca\/wp-json\/wp\/v2\/comments?post=30733"}],"version-history":[{"count":2,"href":"https:\/\/www.cinc.com\/ca\/wp-json\/wp\/v2\/posts\/30733\/revisions"}],"predecessor-version":[{"id":30737,"href":"https:\/\/www.cinc.com\/ca\/wp-json\/wp\/v2\/posts\/30733\/revisions\/30737"}],"wp:featuredmedia":[{"embeddable":true,"href":"https:\/\/www.cinc.com\/ca\/wp-json\/wp\/v2\/media\/30729"}],"wp:attachment":[{"href":"https:\/\/www.cinc.com\/ca\/wp-json\/wp\/v2\/media?parent=30733"}],"wp:term":[{"taxonomy":"category","embeddable":true,"href":"https:\/\/www.cinc.com\/ca\/wp-json\/wp\/v2\/categories?post=30733"},{"taxonomy":"post_tag","embeddable":true,"href":"https:\/\/www.cinc.com\/ca\/wp-json\/wp\/v2\/tags?post=30733"}],"curies":[{"name":"wp","href":"https:\/\/api.w.org\/{rel}","templated":true}]}}