{"id":30719,"date":"2025-06-19T12:59:20","date_gmt":"2025-06-19T11:59:20","guid":{"rendered":"https:\/\/www.cinc.com\/?p=30719"},"modified":"2025-06-20T11:30:26","modified_gmt":"2025-06-20T10:30:26","slug":"contractes-de-formacio-en-alternanca-requisits-clau-i-com-funciona","status":"publish","type":"post","link":"https:\/\/www.cinc.com\/ca\/contractes-de-formacio-en-alternanca-requisits-clau-i-com-funciona\/","title":{"rendered":"Contractes de formaci\u00f3 en alternan\u00e7a: requisits clau i com funciona"},"content":{"rendered":"\n<p>Est\u00e0s pensant a incorporar una persona jove a la teva empresa i t\u2019interessa una f\u00f3rmula que combini formaci\u00f3 i feina amb bonificacions? El contracte de formaci\u00f3 en alternan\u00e7a pot ser una opci\u00f3 molt convenient en aquests casos.<\/p>\n\n\n\n<p>Aquest tipus de contracte est\u00e0 pensat per facilitar la inserci\u00f3 laboral de persones joves, permetent que compaginin la feina amb una formaci\u00f3 oficial relacionada amb el lloc de treball. A canvi, les empreses poden gaudir d\u2019importants avantatges econ\u00f2mics i beneficis formatius.<\/p>\n\n\n\n<h2 class=\"wp-block-heading\">Requisits per poder formalitzar el contracte<\/h2>\n\n\n\n<p>Abans de plantejar-te aquesta modalitat, cal assegurar-se que la persona que es vol contractar compleixi els seg\u00fcents requisits:<\/p>\n\n\n\n<ul class=\"wp-block-list\">\n<li> Tenir entre 16 i 30 anys (sense l\u00edmit d\u2019edat si es tracta de persones amb discapacitat o en risc d\u2019exclusi\u00f3 social).<\/li>\n\n\n\n<li>No haver finalitzat una formaci\u00f3 reglada relacionada amb el lloc de treball a desenvolupar.<\/li>\n\n\n\n<li>No haver treballat en el mateix lloc de treball i empresa durant m\u00e9s de 6 mesos.<br>Si es compleixen aquests tres punts, es pot iniciar un contracte de formaci\u00f3.<\/li>\n<\/ul>\n\n\n\n<h2 class=\"wp-block-heading\">Quins avantatges t\u00e9 aquest tipus de contracte?<\/h2>\n\n\n\n<h3 class=\"wp-block-heading\">1. Bonificaci\u00f3 per formaci\u00f3<\/h3>\n\n\n\n<p>Durant el primer any, el 35% de la jornada es destina a formaci\u00f3, i el 15% durant el segon. El cost d\u2019aquesta formaci\u00f3 es bonifica al 100% en les quotes a la Seguretat Social.<\/p>\n\n\n\n<h3 class=\"wp-block-heading\">2. Bonificaci\u00f3 a la Seguretat Social<\/h3>\n\n\n\n<p>El cost mensual d\u2019un contracte de formaci\u00f3 a jornada completa \u00e9s de 189,88\u20ac, per\u00f2 aquesta quantitat pot bonificar-se fins a 119\u20ac si es compleixen certs requisits. \u00c9s a dir, el cost real pot reduir-se a nom\u00e9s 78,88\u20ac al mes.<\/p>\n\n\n\n<p>Per accedir a aquesta bonificaci\u00f3, cal complir condicions com:<\/p>\n\n\n\n<p>\u2022 Que el treballador no provingui d\u2019un contracte indefinit en els \u00faltims 3 mesos.<br>\u2022 Que no hagi tingut vinculaci\u00f3 pr\u00e8via amb l\u2019empresa en els \u00faltims 6 mesos.<br>\u2022 Estar inscrit com a demandant d\u2019ocupaci\u00f3 almenys 24 hores abans de l\u2019alta.<br>\u2022 L\u2019empresa ha d\u2019estar al corrent de pagament amb la Seguretat Social i l\u2019Ag\u00e8ncia Tribut\u00e0ria.<br>\u2022 No haver acomiadat cap treballador amb contracte bonificat en els \u00faltims 12 mesos.<br>Si no es compleixen aquests requisits, s\u2019aplica la quota redu\u00efda fixa de 189,88\u20ac, que continua sent avantatjosa.<\/p>\n\n\n\n<h3 class=\"wp-block-heading\">3. Bonificaci\u00f3 per tutoria<\/h3>\n\n\n\n<p>El treballador ha de comptar amb una persona que l\u2019acompanyi en el seu proc\u00e9s d\u2019aprenentatge dins l\u2019empresa. Per aquesta tasca, l\u2019empresa rep una bonificaci\u00f3 mensual de:<br>\u2022 80\u20ac\/mes si t\u00e9 menys de 5 treballadors\/es.<br>\u2022 60\u20ac\/mes si t\u00e9 m\u00e9s de 5 treballadors\/es.<\/p>\n\n\n\n<h3 class=\"wp-block-heading\">4. Bonificaci\u00f3 per conversi\u00f3 a contracte indefinit<\/h3>\n\n\n\n<p>Si l\u2019empresa decideix convertir el contracte en indefinit, pot beneficiar-se d\u2019un incentiu de:<br>\u2022 128\u20ac\/mes durant 3 anys (1.536\u20ac\/any).<br>\u2022 147\u20ac\/mes per a dones (1.764\u20ac\/any).<br>Cal que la persona estigui inscrita al sistema de Garantia Juvenil.<\/p>\n\n\n\n<h2 class=\"wp-block-heading\">Durada i jornada del contracte<\/h2>\n\n\n\n<p>El contracte pot tenir una durada m\u00ednima de 3 mesos i m\u00e0xima de 24 mesos, segons l\u2019ocupaci\u00f3.<\/p>\n\n\n\n<p>Pel que fa a la jornada:<\/p>\n\n\n\n<p>\u2022 Jornada completa (40h): 26 hores de feina i 14 de formaci\u00f3.<br>\u2022 Jornada parcial (31h): 20 hores de feina i 11 de formaci\u00f3.<br>\u2022 Jornada parcial (20h): 13 hores de feina i 7 de formaci\u00f3.<\/p>\n\n\n\n<p>\u00c9s important saber que el treballador cotitza pel total d\u2019hores (feina + formaci\u00f3), per\u00f2 l\u2019empresa nom\u00e9s paga per les hores de feina efectiva.<\/p>\n\n\n\n<h2 class=\"wp-block-heading\">Quins avantatges t\u00e9 aquest tipus de contracte?<\/h2>\n\n\n\n<p>Un dels principals atractius d\u2019aquesta modalitat s\u00f3n les bonificacions a les quals pot acollir-se l\u2019empresa, tant en formaci\u00f3, Seguretat Social, com en la tutoria del treballador\/a.<\/p>\n\n\n\n<h2 class=\"wp-block-heading\">T\u2019interessa implementar aquesta modalitat a la teva empresa?<\/h2>\n\n\n\n<p>Des de<a href=\"https:\/\/www.cinc.com\/ca\/assessoria-dempreses\/\"> CINC Assessoria<\/a> et podem ajudar a gestionar aquest tipus de contracte i aprofitar-ne tots els beneficis. Contacta amb el nostre equip d\u2019assessoria laboral i t\u2019acompanyarem en tot el proc\u00e9s per tramitar-lo amb total seguretat i efici\u00e8ncia.<\/p>\n\n\n\n<div class=\"wp-block-uagb-buttons uagb-buttons__outer-wrap uagb-btn__default-btn uagb-btn-tablet__default-btn uagb-btn-mobile__default-btn uagb-block-39c9015b\"><div class=\"uagb-buttons__wrap uagb-buttons-layout-wrap \">\n<div class=\"wp-block-uagb-buttons-child uagb-buttons__outer-wrap uagb-block-4593b553 wp-block-button\"><div class=\"uagb-button__wrapper\"><a class=\"uagb-buttons-repeater wp-block-button__link\" aria-label=\"\" href=\"https:\/\/www.cinc.com\/ca\/contacte\/\" rel=\"follow noopener\" target=\"_blank\" role=\"button\"><div class=\"uagb-button__link\">Contacte<\/div><\/a><\/div><\/div>\n<\/div><\/div>\n\n\n\n<p><\/p>\n","protected":false},"excerpt":{"rendered":"<p>Aquest contracte combina feina i formaci\u00f3 amb requisits espec\u00edfics. Descobreix qui hi pot accedir i quins beneficis ofereix.<\/p>\n","protected":false},"author":8,"featured_media":30720,"comment_status":"closed","ping_status":"open","sticky":false,"template":"","format":"standard","meta":{"_acf_changed":false,"_uag_custom_page_level_css":"","_jetpack_memberships_contains_paid_content":false,"footnotes":""},"categories":[18],"tags":[86],"class_list":["post-30719","post","type-post","status-publish","format-standard","has-post-thumbnail","hentry","category-assessoria","tag-laboral-2"],"acf":[],"jetpack_featured_media_url":"https:\/\/www.cinc.com\/wp-content\/uploads\/contrato-formacion-en-alternancia.webp","uagb_featured_image_src":{"full":["https:\/\/www.cinc.com\/wp-content\/uploads\/contrato-formacion-en-alternancia.webp",1920,1080,false],"thumbnail":["https:\/\/www.cinc.com\/wp-content\/uploads\/contrato-formacion-en-alternancia-150x150.webp",150,150,true],"medium":["https:\/\/www.cinc.com\/wp-content\/uploads\/contrato-formacion-en-alternancia-300x169.webp",300,169,true],"medium_large":["https:\/\/www.cinc.com\/wp-content\/uploads\/contrato-formacion-en-alternancia-768x432.webp",768,432,true],"large":["https:\/\/www.cinc.com\/wp-content\/uploads\/contrato-formacion-en-alternancia-1024x576.webp",960,540,true],"1536x1536":["https:\/\/www.cinc.com\/wp-content\/uploads\/contrato-formacion-en-alternancia-1536x864.webp",1536,864,true],"2048x2048":["https:\/\/www.cinc.com\/wp-content\/uploads\/contrato-formacion-en-alternancia.webp",1920,1080,false],"gform-image-choice-sm":["https:\/\/www.cinc.com\/wp-content\/uploads\/contrato-formacion-en-alternancia.webp",300,169,false],"gform-image-choice-md":["https:\/\/www.cinc.com\/wp-content\/uploads\/contrato-formacion-en-alternancia.webp",400,225,false],"gform-image-choice-lg":["https:\/\/www.cinc.com\/wp-content\/uploads\/contrato-formacion-en-alternancia.webp",600,338,false]},"uagb_author_info":{"display_name":"F\u00e0tima Duran","author_link":"https:\/\/www.cinc.com\/ca\/author\/fatima\/"},"uagb_comment_info":0,"uagb_excerpt":"Aquest contracte combina feina i formaci\u00f3 amb requisits espec\u00edfics. Descobreix qui hi pot accedir i quins beneficis ofereix.","jetpack_sharing_enabled":true,"_links":{"self":[{"href":"https:\/\/www.cinc.com\/ca\/wp-json\/wp\/v2\/posts\/30719","targetHints":{"allow":["GET"]}}],"collection":[{"href":"https:\/\/www.cinc.com\/ca\/wp-json\/wp\/v2\/posts"}],"about":[{"href":"https:\/\/www.cinc.com\/ca\/wp-json\/wp\/v2\/types\/post"}],"author":[{"embeddable":true,"href":"https:\/\/www.cinc.com\/ca\/wp-json\/wp\/v2\/users\/8"}],"replies":[{"embeddable":true,"href":"https:\/\/www.cinc.com\/ca\/wp-json\/wp\/v2\/comments?post=30719"}],"version-history":[{"count":2,"href":"https:\/\/www.cinc.com\/ca\/wp-json\/wp\/v2\/posts\/30719\/revisions"}],"predecessor-version":[{"id":30740,"href":"https:\/\/www.cinc.com\/ca\/wp-json\/wp\/v2\/posts\/30719\/revisions\/30740"}],"wp:featuredmedia":[{"embeddable":true,"href":"https:\/\/www.cinc.com\/ca\/wp-json\/wp\/v2\/media\/30720"}],"wp:attachment":[{"href":"https:\/\/www.cinc.com\/ca\/wp-json\/wp\/v2\/media?parent=30719"}],"wp:term":[{"taxonomy":"category","embeddable":true,"href":"https:\/\/www.cinc.com\/ca\/wp-json\/wp\/v2\/categories?post=30719"},{"taxonomy":"post_tag","embeddable":true,"href":"https:\/\/www.cinc.com\/ca\/wp-json\/wp\/v2\/tags?post=30719"}],"curies":[{"name":"wp","href":"https:\/\/api.w.org\/{rel}","templated":true}]}}