{"id":30619,"date":"2025-06-12T10:14:52","date_gmt":"2025-06-12T09:14:52","guid":{"rendered":"https:\/\/www.cinc.com\/?p=30619"},"modified":"2025-06-23T10:53:26","modified_gmt":"2025-06-23T09:53:26","slug":"aquest-estiu-reforc-especial-de-gestio-laboral-els-caps-de-setmana-i-festius","status":"publish","type":"post","link":"https:\/\/www.cinc.com\/ca\/aquest-estiu-reforc-especial-de-gestio-laboral-els-caps-de-setmana-i-festius\/","title":{"rendered":"Aquest estiu, refor\u00e7 especial de gesti\u00f3 laboral els caps de setmana i festius"},"content":{"rendered":"\n<p>Durant els mesos d\u2019estiu, moltes empreses vinculades al turisme, la restauraci\u00f3 i l\u2019hostaleria veuen augmentada la seva activitat i, amb aix\u00f2, les seves necessitats d\u2019assessorament laboral.<strong><\/strong><\/p>\n\n\n\n<p>Per donar resposta a aquesta realitat, a CINC Assessoria posem en marxa un servei especial que amplia l\u2019activitat del nostre Departament Laboral, oferint atenci\u00f3 tamb\u00e9 durant els caps de setmana i dies festius. L\u2019objectiu \u00e9s garantir que els nostres clients puguin comptar amb suport especialitzat just quan m\u00e9s el necessiten.<\/p>\n\n\n\n<p>Amb aquest servei, facilitem la gesti\u00f3 d\u2019altes laborals de manera \u00e0gil i puntual, alhora que contribu\u00efm a reduir la c\u00e0rrega administrativa dels negocis durant la temporada alta.<\/p>\n\n\n\n<h2 class=\"wp-block-heading\">Com funciona aquest servei?<\/h2>\n\n\n\n<p>Del 24 de juny al 15 de setembre, el nostre Departament Laboral atendr\u00e0 totes les sol\u00b7licituds d\u2019alta de personal enviades al correu laboral@cinc.es en caps de setmana i festius, assegurant-ne la tramitaci\u00f3 amb efecte en el mateix dia o l&#8217;endem\u00e0. La recollida de documentaci\u00f3 es far\u00e0 en les seg\u00fcents franges:<\/p>\n\n\n\n<ul class=\"wp-block-list\">\n<li>Abans de les 12 h (per a peticions rebudes entre les 19 h del dia anterior i les 12 h).<\/li>\n\n\n\n<li>Abans de les 19 h (per a peticions rebudes entre les 12 h i les 19 h del mateix dia).<\/li>\n<\/ul>\n\n\n\n<p>Per a m\u00e9s informaci\u00f3, pots contactar amb el <a href=\"https:\/\/www.cinc.com\/ca\/assessoria-dempreses\/assessoria-laboral\/\">Departament Laboral<\/a> de CINC Assessoria. Estem al teu costat.<\/p>\n\n\n\n<div class=\"wp-block-uagb-buttons uagb-buttons__outer-wrap uagb-btn__default-btn uagb-btn-tablet__default-btn uagb-btn-mobile__default-btn uagb-block-32ccb97a\"><div class=\"uagb-buttons__wrap uagb-buttons-layout-wrap \">\n<div class=\"wp-block-uagb-buttons-child uagb-buttons__outer-wrap uagb-block-42d49a34 wp-block-button\"><div class=\"uagb-button__wrapper\"><a class=\"uagb-buttons-repeater wp-block-button__link\" aria-label=\"\" href=\"https:\/\/www.cinc.com\/ca\/contacte\/\" rel=\"follow noopener\" target=\"_blank\" role=\"button\"><div class=\"uagb-button__link\">Contacta amb nosaltres<\/div><\/a><\/div><\/div>\n<\/div><\/div>\n\n\n\n<p><\/p>\n","protected":false},"excerpt":{"rendered":"<p>Estiu i pics de feina: refor\u00e7 laboral tamb\u00e9 en festius per a empreses que no poden aturar-se. Descobreix com CINC Assessoria pot ajudar-te.<\/p>\n","protected":false},"author":8,"featured_media":30614,"comment_status":"closed","ping_status":"closed","sticky":false,"template":"","format":"standard","meta":{"_acf_changed":false,"_uag_custom_page_level_css":"","_jetpack_memberships_contains_paid_content":false,"footnotes":""},"categories":[18],"tags":[86],"class_list":["post-30619","post","type-post","status-publish","format-standard","has-post-thumbnail","hentry","category-assessoria","tag-laboral-2"],"acf":[],"jetpack_featured_media_url":"https:\/\/www.cinc.com\/wp-content\/uploads\/gestio-laboral.webp","uagb_featured_image_src":{"full":["https:\/\/www.cinc.com\/wp-content\/uploads\/gestio-laboral.webp",1920,1080,false],"thumbnail":["https:\/\/www.cinc.com\/wp-content\/uploads\/gestio-laboral-150x150.webp",150,150,true],"medium":["https:\/\/www.cinc.com\/wp-content\/uploads\/gestio-laboral-300x169.webp",300,169,true],"medium_large":["https:\/\/www.cinc.com\/wp-content\/uploads\/gestio-laboral-768x432.webp",768,432,true],"large":["https:\/\/www.cinc.com\/wp-content\/uploads\/gestio-laboral-1024x576.webp",960,540,true],"1536x1536":["https:\/\/www.cinc.com\/wp-content\/uploads\/gestio-laboral-1536x864.webp",1536,864,true],"2048x2048":["https:\/\/www.cinc.com\/wp-content\/uploads\/gestio-laboral.webp",1920,1080,false],"gform-image-choice-sm":["https:\/\/www.cinc.com\/wp-content\/uploads\/gestio-laboral.webp",300,169,false],"gform-image-choice-md":["https:\/\/www.cinc.com\/wp-content\/uploads\/gestio-laboral.webp",400,225,false],"gform-image-choice-lg":["https:\/\/www.cinc.com\/wp-content\/uploads\/gestio-laboral.webp",600,338,false]},"uagb_author_info":{"display_name":"F\u00e0tima Duran","author_link":"https:\/\/www.cinc.com\/ca\/author\/fatima\/"},"uagb_comment_info":0,"uagb_excerpt":"Estiu i pics de feina: refor\u00e7 laboral tamb\u00e9 en festius per a empreses que no poden aturar-se. Descobreix com CINC Assessoria pot ajudar-te.","jetpack_sharing_enabled":true,"_links":{"self":[{"href":"https:\/\/www.cinc.com\/ca\/wp-json\/wp\/v2\/posts\/30619","targetHints":{"allow":["GET"]}}],"collection":[{"href":"https:\/\/www.cinc.com\/ca\/wp-json\/wp\/v2\/posts"}],"about":[{"href":"https:\/\/www.cinc.com\/ca\/wp-json\/wp\/v2\/types\/post"}],"author":[{"embeddable":true,"href":"https:\/\/www.cinc.com\/ca\/wp-json\/wp\/v2\/users\/8"}],"replies":[{"embeddable":true,"href":"https:\/\/www.cinc.com\/ca\/wp-json\/wp\/v2\/comments?post=30619"}],"version-history":[{"count":5,"href":"https:\/\/www.cinc.com\/ca\/wp-json\/wp\/v2\/posts\/30619\/revisions"}],"predecessor-version":[{"id":30746,"href":"https:\/\/www.cinc.com\/ca\/wp-json\/wp\/v2\/posts\/30619\/revisions\/30746"}],"wp:featuredmedia":[{"embeddable":true,"href":"https:\/\/www.cinc.com\/ca\/wp-json\/wp\/v2\/media\/30614"}],"wp:attachment":[{"href":"https:\/\/www.cinc.com\/ca\/wp-json\/wp\/v2\/media?parent=30619"}],"wp:term":[{"taxonomy":"category","embeddable":true,"href":"https:\/\/www.cinc.com\/ca\/wp-json\/wp\/v2\/categories?post=30619"},{"taxonomy":"post_tag","embeddable":true,"href":"https:\/\/www.cinc.com\/ca\/wp-json\/wp\/v2\/tags?post=30619"}],"curies":[{"name":"wp","href":"https:\/\/api.w.org\/{rel}","templated":true}]}}