{"id":30571,"date":"2025-06-11T11:48:02","date_gmt":"2025-06-11T10:48:02","guid":{"rendered":"https:\/\/www.cinc.com\/?p=30571"},"modified":"2025-06-11T11:10:50","modified_gmt":"2025-06-11T10:10:50","slug":"formacions-que-flueixen-el-poder-dun-espai-ben-pensat","status":"publish","type":"post","link":"https:\/\/www.cinc.com\/ca\/formacions-que-flueixen-el-poder-dun-espai-ben-pensat\/","title":{"rendered":"Formacions que flueixen: el poder d\u2019un espai ben pensat"},"content":{"rendered":"\n<p>I si l\u2019\u00e8xit de la teva propera formaci\u00f3 depengu\u00e9s menys del contingut i m\u00e9s de l\u2019entorn en qu\u00e8 es desenvolupa? En un context laboral on cada jornada compta i els equips valoren el seu temps com mai abans, el lloc on es fa una formaci\u00f3 pot potenciar (o dificultar) els resultats.<\/p>\n\n\n\n<p>Un espai c\u00f2mode, funcional i ben equipat no nom\u00e9s afavoreix l\u2019atenci\u00f3 i la concentraci\u00f3, sin\u00f3 que transmet professionalitat i cura pels detalls. Quan l\u2019entorn acompanya, tot flueix millor: la comunicaci\u00f3 \u00e9s m\u00e9s clara, l\u2019equip se sent valorat i l\u2019aprenentatge es converteix en una experi\u00e8ncia compartida.<\/p>\n\n\n\n<h2 class=\"wp-block-heading\">Arribar i comen\u00e7ar: sense preocupacions t\u00e8cniques<\/h2>\n\n\n\n<p>Qui lidera una formaci\u00f3 o reuni\u00f3 sap que els primers minuts s\u00f3n clau. Comen\u00e7ar amb retards per problemes t\u00e8cnics genera nervis i resta energia al grup. Cables, adaptadors, pantalles que no funcionen\u2026 tot aix\u00f2 hauria d\u2019estar resolt abans que arribis.<\/p>\n\n\n\n<p>Tenir un espai on la part t\u00e8cnica ja est\u00e0 coberta et permet comen\u00e7ar amb confian\u00e7a i centrar-te en all\u00f2 realment important. Una bona connexi\u00f3, un so clar i la possibilitat de projectar sense complicacions s\u00f3n elements b\u00e0sics per a una sessi\u00f3 fluida des del primer minut.<\/p>\n\n\n\n<h2 class=\"wp-block-heading\">Flexibilitat total per adaptar-se als teus plans<\/h2>\n\n\n\n<p>No totes les formacions tenen el mateix format. Algunes requereixen din\u00e0miques en grup, d\u2019altres es basen en presentacions o activitats pr\u00e0ctiques. Per aix\u00f2, disposar d\u2019un espai flexible que s\u2019adapti a la teva metodologia pot marcar la difer\u00e8ncia.<\/p>\n\n\n\n<p>Des de la disposici\u00f3 del mobiliari fins a la durada de l\u2019\u00fas, la clau \u00e9s que l\u2019espai s\u2019ajusti a les teves necessitats i no a l\u2019inrev\u00e9s. Aquesta adaptabilitat \u00e9s essencial per mantenir el ritme de treball, aprofitar el temps i treure el m\u00e0xim partit a cada sessi\u00f3.<\/p>\n\n\n\n<h2 class=\"wp-block-heading\">Comoditat i serveis que sumen valor<\/h2>\n\n\n\n<p>Un entorn confortable influeix directament en el rendiment d\u2019una formaci\u00f3. Bona llum natural, climatitzaci\u00f3 regulable, ventilaci\u00f3 adequada i mobiliari c\u00f2mode s\u00f3n elements que ajuden a mantenir l\u2019atenci\u00f3 i l\u2019energia durant hores.<\/p>\n\n\n\n<p>A m\u00e9s, disposar de zones de descans, opcions per oferir un coffee break o rebre suport log\u00edstic millora l\u2019experi\u00e8ncia de tots els assistents. Aquests detalls, encara que semblin menors, generen una sensaci\u00f3 de cura i professionalitat que t\u00e9 un impacte positiu en el resultat.<\/p>\n\n\n\n<h2 class=\"wp-block-heading\">Espais que transmeten professionalitat<\/h2>\n\n\n\n<p>L\u2019espai on es fa una formaci\u00f3 tamb\u00e9 comunica. Ja sigui amb l\u2019equip intern o amb persones externes, l\u2019entorn diu molt sobre com una organitzaci\u00f3 cuida la seva imatge, la seva cultura i la seva manera de treballar.<\/p>\n\n\n\n<p>Un lloc net, ordenat, amb bon disseny i equipat amb tot el necessari transmet confian\u00e7a, rigor i atenci\u00f3 pels detalls. I aquest missatge queda gravat tant en qui assisteix com en qui organitza.<\/p>\n\n\n\n<h2 class=\"wp-block-heading\">A CINC t\u2019ajudem a crear l\u2019experi\u00e8ncia perfecta<\/h2>\n\n\n\n<p>A CINC comptem amb <a href=\"https:\/\/www.cinc.com\/es\/alquiler-de-salas-barcelona\/\">sales de formaci\u00f3<\/a>, oficines per dies, coworking flexible i serveis complementaris amb ubicacions estrat\u00e8giques a Barcelona, Girona i Figueres. Els nostres espais estan preparats perqu\u00e8 arribis, connectis i comencis sense preocupacions.<\/p>\n\n\n\n<p>Si vols que la teva pr\u00f2xima formaci\u00f3 o reuni\u00f3 flueixi des del primer minut, contacta amb nosaltres i t\u2019ajudarem a trobar l\u2019espai perfecte per a tu.<\/p>\n\n\n\n<p><\/p>\n","protected":false},"excerpt":{"rendered":"<p>Un espai ben triat marca la difer\u00e8ncia en qualsevol formaci\u00f3. Descobreix com potenciar les teves sessions des de la sala ideal. <\/p>\n","protected":false},"author":8,"featured_media":30590,"comment_status":"closed","ping_status":"open","sticky":false,"template":"","format":"standard","meta":{"_acf_changed":false,"_uag_custom_page_level_css":"","_jetpack_memberships_contains_paid_content":false,"footnotes":""},"categories":[207],"tags":[247,246],"class_list":["post-30571","post","type-post","status-publish","format-standard","has-post-thumbnail","hentry","category-business-hub","tag-salas-de-formacion","tag-sales-de-formacio"],"acf":[],"jetpack_featured_media_url":"https:\/\/www.cinc.com\/wp-content\/uploads\/formaciones-fluyen.webp","uagb_featured_image_src":{"full":["https:\/\/www.cinc.com\/wp-content\/uploads\/formaciones-fluyen.webp",1920,1080,false],"thumbnail":["https:\/\/www.cinc.com\/wp-content\/uploads\/formaciones-fluyen-150x150.webp",150,150,true],"medium":["https:\/\/www.cinc.com\/wp-content\/uploads\/formaciones-fluyen-300x169.webp",300,169,true],"medium_large":["https:\/\/www.cinc.com\/wp-content\/uploads\/formaciones-fluyen-768x432.webp",768,432,true],"large":["https:\/\/www.cinc.com\/wp-content\/uploads\/formaciones-fluyen-1024x576.webp",960,540,true],"1536x1536":["https:\/\/www.cinc.com\/wp-content\/uploads\/formaciones-fluyen-1536x864.webp",1536,864,true],"2048x2048":["https:\/\/www.cinc.com\/wp-content\/uploads\/formaciones-fluyen.webp",1920,1080,false],"gform-image-choice-sm":["https:\/\/www.cinc.com\/wp-content\/uploads\/formaciones-fluyen.webp",300,169,false],"gform-image-choice-md":["https:\/\/www.cinc.com\/wp-content\/uploads\/formaciones-fluyen.webp",400,225,false],"gform-image-choice-lg":["https:\/\/www.cinc.com\/wp-content\/uploads\/formaciones-fluyen.webp",600,338,false]},"uagb_author_info":{"display_name":"F\u00e0tima Duran","author_link":"https:\/\/www.cinc.com\/ca\/author\/fatima\/"},"uagb_comment_info":0,"uagb_excerpt":"Un espai ben triat marca la difer\u00e8ncia en qualsevol formaci\u00f3. Descobreix com potenciar les teves sessions des de la sala ideal.","jetpack_sharing_enabled":true,"_links":{"self":[{"href":"https:\/\/www.cinc.com\/ca\/wp-json\/wp\/v2\/posts\/30571","targetHints":{"allow":["GET"]}}],"collection":[{"href":"https:\/\/www.cinc.com\/ca\/wp-json\/wp\/v2\/posts"}],"about":[{"href":"https:\/\/www.cinc.com\/ca\/wp-json\/wp\/v2\/types\/post"}],"author":[{"embeddable":true,"href":"https:\/\/www.cinc.com\/ca\/wp-json\/wp\/v2\/users\/8"}],"replies":[{"embeddable":true,"href":"https:\/\/www.cinc.com\/ca\/wp-json\/wp\/v2\/comments?post=30571"}],"version-history":[{"count":2,"href":"https:\/\/www.cinc.com\/ca\/wp-json\/wp\/v2\/posts\/30571\/revisions"}],"predecessor-version":[{"id":30595,"href":"https:\/\/www.cinc.com\/ca\/wp-json\/wp\/v2\/posts\/30571\/revisions\/30595"}],"wp:featuredmedia":[{"embeddable":true,"href":"https:\/\/www.cinc.com\/ca\/wp-json\/wp\/v2\/media\/30590"}],"wp:attachment":[{"href":"https:\/\/www.cinc.com\/ca\/wp-json\/wp\/v2\/media?parent=30571"}],"wp:term":[{"taxonomy":"category","embeddable":true,"href":"https:\/\/www.cinc.com\/ca\/wp-json\/wp\/v2\/categories?post=30571"},{"taxonomy":"post_tag","embeddable":true,"href":"https:\/\/www.cinc.com\/ca\/wp-json\/wp\/v2\/tags?post=30571"}],"curies":[{"name":"wp","href":"https:\/\/api.w.org\/{rel}","templated":true}]}}