{"id":30551,"date":"2025-06-10T09:01:04","date_gmt":"2025-06-10T08:01:04","guid":{"rendered":"https:\/\/www.cinc.com\/?p=30551"},"modified":"2025-06-18T09:16:22","modified_gmt":"2025-06-18T08:16:22","slug":"entrevista-a-bend-it","status":"publish","type":"post","link":"https:\/\/www.cinc.com\/ca\/entrevista-a-bend-it\/","title":{"rendered":"Entrevista a Bend It"},"content":{"rendered":"\n<p><strong>Sector:<\/strong> Tecnologia\/Esport<br><strong>Any de fundaci\u00f3:<\/strong> 2024<br><strong>Ubicaci\u00f3:<\/strong> Barcelona<br><strong>Lloc web: <\/strong><a href=\"https:\/\/www.bendit.app\">https:\/\/www.bendit.app<\/a><\/p>\n\n\n\n<p>Parlem amb Arnau Marl\u00ed, fundador i CEO de Bend It, que ens descobreix els or\u00edgens del projecte, com estan revolucionant el futbol base i amateur, i comparteix la seva visi\u00f3 i experi\u00e8ncia com a emprenedor.<\/p>\n\n\n\n<div class=\"wp-block-uagb-advanced-heading uagb-block-162ede0f\"><h2 class=\"uagb-heading-text\">1. Com neix Bend It i quina necessitat vau detectar en el m\u00f3n del futbol que us va portar a crear-la?<\/h2><\/div>\n\n\n\n<p>Bend It neix com a treball de final de grau a la universitat, per\u00f2 els seus or\u00edgens van molt m\u00e9s enll\u00e0. Gr\u00e0cies a la meva experi\u00e8ncia com a futbolista des dels 4 fins als 23 anys a Barcelona, vaig viure de primera m\u00e0 moltes situacions ineficients dins del futbol base, amateur i semiprofessional. El futbol m\u2019ha aportat molt, tant a nivell personal com esportiu, i el TFG era la meva manera de retornar-li una petita part d\u2019all\u00f2 que m\u2019ha donat.<\/p>\n\n\n\n<p>Tot i comen\u00e7ar com un projecte te\u00f2ric, en menys de dos anys s\u2019ha convertit en una plataforma digital que connecta m\u00e9s de 115 clubs amb uns 800 futbolistes i entrenadors. La necessitat principal que vaig detectar \u00e9s la manca de visibilitat i eines per fer-se con\u00e8ixer i generar oportunitats dins del m\u00f3n del futbol. Tant clubs com futbolistes i entrenadors continuen utilitzant m\u00e8todes molt tradicionals per buscar talent o noves oportunitats.<\/p>\n\n\n\n<p>A m\u00e9s, les eines existents, com xarxes socials massives i generalistes, sovint estan poc controlades, amb males pr\u00e0ctiques que generen desconfian\u00e7a. Amb Bend It volem aportar ordre, seguretat i control, creant un espai que realment ajudi jugadors i entrenadors a fer un pas endavant en la seva carrera.<\/p>\n\n\n\n<p><\/p>\n\n\n\n<div class=\"wp-block-uagb-advanced-heading uagb-block-ec62cf13\"><h2 class=\"uagb-heading-text\">2. Quina \u00e9s la filosofia de la plataforma? Qu\u00e8 fa diferent Bend It dins del sector esportiu i tecnol\u00f2gic?<\/h2><\/div>\n\n\n\n<p>Bend It funciona com un LinkedIn per al m\u00f3n del futbol, on conviuen tres tipus d\u2019usuaris: futbolistes, entrenadors i clubs. L\u2019objectiu \u00e9s facilitar la connexi\u00f3 entre ells i generar noves oportunitats.<\/p>\n\n\n\n<p>El que ens diferencia \u00e9s el nostre enfocament en la qualitat, la seguretat i la professionalitat. Tot i ser una xarxa social, oferim una experi\u00e8ncia controlada i segura, amb perfils verificats, control parental per a menors i funcionalitats pensades per afavorir una experi\u00e8ncia positiva.<\/p>\n\n\n\n<p>Un pare em va explicar que havia creat el perfil del seu fill de 12 anys a Bend It com a \u00e0lbum de records i curr\u00edculum esportiu, per\u00f2 que, per exemple, no el deixaven tenir Instagram. Aix\u00f2 demostra que els usuaris valoren aquest espai segur i espec\u00edficament pensat pel m\u00f3n del futbol.<\/p>\n\n\n\n<p>A m\u00e9s, tots els clubs presents a la plataforma s\u00f3n reals, gestionats per coordinadors, directors esportius o fins i tot presidents. Aix\u00f2 obre portes a oportunitats reals i tangibles per a jugadors i entrenadors. Imagina\u2019t penjar un v\u00eddeo i que el puguin veure desenes de clubs en busca de talent!<\/p>\n\n\n\n<p><\/p>\n\n\n\n<h2 class=\"wp-block-heading\">3. Quines funcionalitats destaqueu actualment? N\u2019hi ha alguna que hagi tingut un impacte especial entre futbolistes, entrenadors o clubs?<\/h2>\n\n\n\n<p>Tot i tenir un funcionament similar al d\u2019altres xarxes (feed, perfils complets, xat entre usuaris), hi ha dues funcionalitats que han tingut un impacte especialment positiu.<\/p>\n\n\n\n<p>La primera \u00e9s el cercador amb filtres, que permet als clubs trobar perfils concrets en segons. Per exemple, un club de Girona que busca un porter esquerr\u00e0 per al primer equip i que visqui a menys de 30 km pot fer-ho en minuts, cosa que abans requeria dies o setmanes de trucades i visites.<\/p>\n\n\n\n<p>La segona \u00e9s el r\u00e0nquing setmanal, present des del primer dia que vam llan\u00e7ar la plataforma. Cada setmana premiem el jugador o jugadora m\u00e9s visitat\/da amb un MVP (Most Valuable Player) personalitzat que li entreguem f\u00edsicament. Aquesta acci\u00f3 t\u00e9 molt d&#8217;impacte a les xarxes i genera molta il\u00b7lusi\u00f3 entre els usuaris. Ja hem entregat m\u00e9s de 50 premis l\u2019\u00faltim any!<\/p>\n\n\n\n<p><\/p>\n\n\n\n<div class=\"wp-block-uagb-advanced-heading uagb-block-687de3c6\"><h2 class=\"uagb-heading-text\">4. Quin ha estat el vostre recorregut com a emprenedors fins arribar aqu\u00ed?<\/h2><\/div>\n\n\n\n<p>Vaig estudiar ADE a ESADE i, tot i que no tenia clar del tot a qu\u00e8 em volia dedicar un cop acab\u00e9s la carrera (potser perqu\u00e8 m\u2019interessen moltes coses i tinc curiositat per diversos sectors), sempre m\u2019havia atret la idea de crear alguna cosa nova amb base tecnol\u00f2gica.<\/p>\n\n\n\n<p>Durant l\u2019\u00faltim any de carrera vaig tenir l\u2019oportunitat de viure cinc mesos a Vancouver, on em vaig impregnar de la cultura emprenedora de la costa oest americana. Aquella experi\u00e8ncia em va obrir molt la ment i em va fer aprendre molt\u00edssim. A la tornada, mentre treballava en una empresa d\u2019esdeveniments esportius, anava desenvolupant el treball de final de grau, que acabaria sent l\u2019origen de Bend It.<\/p>\n\n\n\n<p>Des del juny de 2023 vaig apostar-ho tot pel projecte, i aquests dos anys han estat intensos, plens d\u2019aprenentatges. Sempre dic que ha estat com fer cinc m\u00e0sters alhora. Independentment d\u2019on arribi Bend It, tot el que he viscut fins ara m\u2019acompanyar\u00e0 sempre.<\/p>\n\n\n\n<p>De fet, una de les millors sensacions del m\u00f3n \u00e9s veure persones reals utilitzar i gaudir d\u2019alguna cosa que has ideat i creat tu des de zero. Fa poques setmanes, per exemple, vam tenir un cas d\u2019\u00e8xit molt especial: vam ajudar un entrenador catal\u00e0 a fitxar per un club de primera divisi\u00f3 de Hong Kong gr\u00e0cies a la nostra plataforma. Li hem canviat la vida, i aix\u00f2 no t\u00e9 preu. Com a emprenedor, se\u2019m posa la pell de gallina explicant-ho.<\/p>\n\n\n\n<p><\/p>\n\n\n\n<div class=\"wp-block-uagb-advanced-heading uagb-block-16a4afbd\"><h2 class=\"uagb-heading-text\">5. En qu\u00e8 esteu focalitzats ara mateix: ampliaci\u00f3 de funcionalitats, creixement internacional, captaci\u00f3 d\u2019usuaris&#8230;?<\/h2><\/div>\n\n\n\n<p>A l\u2019estiu, la plataforma viu un moment de molta activitat: \u00e9s quan els clubs planifiquen la nova temporada i alguns usuaris estan en cerca de nous reptes.<\/p>\n\n\n\n<p>Paral\u00b7lelament, estem millorant funcionalitats a partir del feedback dels usuaris, que \u00e9s clau per seguir evolucionant.<\/p>\n\n\n\n<p>Tamb\u00e9 estem en contacte constant amb clubs per incorporar-los a Bend It. Ja en tenim 116 registrats, majorit\u00e0riament de Catalunya, per\u00f2 tamb\u00e9 d\u2019altres parts d\u2019Espanya i fins i tot de pa\u00efsos com Filipines, Hong Kong, Kosovo, Ghana o G\u00e0mbia.<\/p>\n\n\n\n<p>El creixement org\u00e0nic segueix gr\u00e0cies, sobretot, als nostres canals d\u2019Instagram (@wearebendit) i LinkedIn (@Bend It), on publiquem contingut de valor. Els pr\u00f2xims mesos vindran amb novetats importants, aix\u00ed que recomano seguir-nos a xarxes per no perdre-us res.<\/p>\n\n\n\n<div class=\"wp-block-uagb-advanced-heading uagb-block-785dde89\"><h2 class=\"uagb-heading-text\">6. Com arribeu al vostre p\u00fablic? Quines estrat\u00e8gies utilitzeu per connectar amb els professionals del futbol?<\/h2><\/div>\n\n\n\n<p><\/p>\n\n\n\n<p>Tenim tres tipus de p\u00fablics molt diferents, aix\u00ed que les estrat\u00e8gies varien. No \u00e9s el mateix arribar a un president de club que a un jugador amateur. Per aix\u00f2, intentem entendre on es troba cada perfil i qu\u00e8 li pot aportar Bend It.<\/p>\n\n\n\n<p>Les xarxes socials s\u00f3n essencials: cal generar contingut constant i aprofitar el boca-orella dels mateixos usuaris. Per\u00f2 tamb\u00e9 apostem fort pel contacte presencial i l\u2019experi\u00e8ncia f\u00edsica, especialment amb els clubs. Aquest any m\u2019he reunit en persona amb m\u00e9s de 100 clubs, i aquest tracte directe t\u00e9 un valor incalculable, tant pel que aprens com per la confian\u00e7a que genera.<\/p>\n\n\n\n<p><\/p>\n\n\n\n<div class=\"wp-block-uagb-advanced-heading uagb-block-bf74fc2e\"><h2 class=\"uagb-heading-text\">7. Com veieu el futur de la digitalitzaci\u00f3 en l\u2019\u00e0mbit esportiu i quin paper voleu que hi jugui Bend It?<\/h2><\/div>\n\n\n\n<p>Des del meu punt de vista, digitalitzaci\u00f3 i esport ja no es poden separar. Aquest darrer any he participat en programes d\u2019acceleraci\u00f3 de startups i \u00e9s impressionant veure la quantitat d\u2019iniciatives que hi ha al voltant d\u2019aquest tema, especialment a Catalunya.<\/p>\n\n\n\n<p>La tecnologia ha de servir per fer l\u2019esport m\u00e9s accessible, just i eficient. En el cas del futbol, sovint va un pas enrere. Si el futbol professional ja va trigar a adoptar el VAR, imagina\u2019t el m\u00f3n amateur, on els recursos s\u00f3n molt m\u00e9s limitats.<\/p>\n\n\n\n<p>Volem que Bend It sigui un agent actiu d\u2019aquesta transformaci\u00f3 digital, aportant valor i solucions reals a un sector que les necessita.<\/p>\n\n\n\n<p><\/p>\n\n\n\n<div class=\"wp-block-uagb-advanced-heading uagb-block-6987fc13\"><h2 class=\"uagb-heading-text\">8. Vau con\u00e8ixer CINC a trav\u00e9s del programa 1Dia1Empresa. Qu\u00e8 us ha aportat aquest vincle i qu\u00e8 en valoreu especialment?<\/h2><\/div>\n\n\n\n<p>Una de les coses que he apr\u00e8s com a emprenedor \u00e9s la import\u00e0ncia de rodejar-te de gent que en s\u00e0piga m\u00e9s que tu. Tenir CINC al costat per a les gestions administratives i financeres ha estat clau per poder enfocar-me en all\u00f2 que realment importa: construir un projecte que inspiri i ajudi futbolistes i entrenadors a assolir el seu m\u00e0xim potencial.<\/p>\n\n\n\n<p><\/p>\n","protected":false},"excerpt":{"rendered":"<p>Entrevistem l\u2019Arnau Marl\u00ed, fundador i CEO de Bend It, que ens explica els or\u00edgens del projecte, com estan transformant el futbol base i amateur i la seva experi\u00e8ncia com a emprenedor.<\/p>\n","protected":false},"author":302,"featured_media":30553,"comment_status":"closed","ping_status":"open","sticky":false,"template":"","format":"standard","meta":{"_acf_changed":false,"_uag_custom_page_level_css":"","_jetpack_memberships_contains_paid_content":false,"footnotes":""},"categories":[19],"tags":[],"class_list":["post-30551","post","type-post","status-publish","format-standard","has-post-thumbnail","hentry","category-entrevistes"],"acf":[],"jetpack_featured_media_url":"https:\/\/www.cinc.com\/wp-content\/uploads\/Blend-It-scaled.webp","uagb_featured_image_src":{"full":["https:\/\/www.cinc.com\/wp-content\/uploads\/Blend-It-scaled.webp",2560,1440,false],"thumbnail":["https:\/\/www.cinc.com\/wp-content\/uploads\/Blend-It-150x150.webp",150,150,true],"medium":["https:\/\/www.cinc.com\/wp-content\/uploads\/Blend-It-300x169.webp",300,169,true],"medium_large":["https:\/\/www.cinc.com\/wp-content\/uploads\/Blend-It-768x432.webp",768,432,true],"large":["https:\/\/www.cinc.com\/wp-content\/uploads\/Blend-It-1024x576.webp",960,540,true],"1536x1536":["https:\/\/www.cinc.com\/wp-content\/uploads\/Blend-It-1536x864.webp",1536,864,true],"2048x2048":["https:\/\/www.cinc.com\/wp-content\/uploads\/Blend-It-2048x1152.webp",2048,1152,true],"gform-image-choice-sm":["https:\/\/www.cinc.com\/wp-content\/uploads\/Blend-It-scaled.webp",300,169,false],"gform-image-choice-md":["https:\/\/www.cinc.com\/wp-content\/uploads\/Blend-It-scaled.webp",400,225,false],"gform-image-choice-lg":["https:\/\/www.cinc.com\/wp-content\/uploads\/Blend-It-scaled.webp",600,338,false]},"uagb_author_info":{"display_name":"Houda","author_link":"https:\/\/www.cinc.com\/ca\/author\/houda\/"},"uagb_comment_info":0,"uagb_excerpt":"Entrevistem l\u2019Arnau Marl\u00ed, fundador i CEO de Bend It, que ens explica els or\u00edgens del projecte, com estan transformant el futbol base i amateur i la seva experi\u00e8ncia com a emprenedor.","jetpack_sharing_enabled":true,"_links":{"self":[{"href":"https:\/\/www.cinc.com\/ca\/wp-json\/wp\/v2\/posts\/30551","targetHints":{"allow":["GET"]}}],"collection":[{"href":"https:\/\/www.cinc.com\/ca\/wp-json\/wp\/v2\/posts"}],"about":[{"href":"https:\/\/www.cinc.com\/ca\/wp-json\/wp\/v2\/types\/post"}],"author":[{"embeddable":true,"href":"https:\/\/www.cinc.com\/ca\/wp-json\/wp\/v2\/users\/302"}],"replies":[{"embeddable":true,"href":"https:\/\/www.cinc.com\/ca\/wp-json\/wp\/v2\/comments?post=30551"}],"version-history":[{"count":4,"href":"https:\/\/www.cinc.com\/ca\/wp-json\/wp\/v2\/posts\/30551\/revisions"}],"predecessor-version":[{"id":30713,"href":"https:\/\/www.cinc.com\/ca\/wp-json\/wp\/v2\/posts\/30551\/revisions\/30713"}],"wp:featuredmedia":[{"embeddable":true,"href":"https:\/\/www.cinc.com\/ca\/wp-json\/wp\/v2\/media\/30553"}],"wp:attachment":[{"href":"https:\/\/www.cinc.com\/ca\/wp-json\/wp\/v2\/media?parent=30551"}],"wp:term":[{"taxonomy":"category","embeddable":true,"href":"https:\/\/www.cinc.com\/ca\/wp-json\/wp\/v2\/categories?post=30551"},{"taxonomy":"post_tag","embeddable":true,"href":"https:\/\/www.cinc.com\/ca\/wp-json\/wp\/v2\/tags?post=30551"}],"curies":[{"name":"wp","href":"https:\/\/api.w.org\/{rel}","templated":true}]}}